{"id":101544,"date":"2025-05-15T09:11:08","date_gmt":"2025-05-15T09:11:08","guid":{"rendered":"https:\/\/www.europesays.com\/fr\/101544\/"},"modified":"2025-05-15T09:11:08","modified_gmt":"2025-05-15T09:11:08","slug":"vanessa-paradis-la-publication-a-laquelle-personne-ne-sattendait","status":"publish","type":"post","link":"https:\/\/www.europesays.com\/fr\/101544\/","title":{"rendered":"Vanessa Paradis, la publication \u00e0 laquelle personne ne s\u2019attendait"},"content":{"rendered":"<p>Le 19 f\u00e9vrier dernier, les cin\u00e9philes ont pu voir en salles Dis moi juste que tu m&rsquo;aimes d&rsquo;Anne Le Ny. \u00c0 l&rsquo;affiche : <a href=\"https:\/\/www.public.fr\/vanessa-paradis-raconte-sa-premiere-rencontre-avec-omar-sy-ca-va-pas-etre-facile\" target=\"_blank\" rel=\"noopener\">Omar Sy<\/a>, \u00c9lodie Bouchez et <strong>Vanessa Paradis<\/strong>. Une <strong>\u00e9ni\u00e8me collaboration cin\u00e9<\/strong> pour <a href=\"https:\/\/www.public.fr\/vanessa-paradis-sa-soeur-alysson-epuisee-par-ses-fans-comment-elle-cache-son-lien-avec-la-superstar\" target=\"_blank\" rel=\"noopener\">l&rsquo;ex de Johnny Depp<\/a>. Que de chemin parcouru pour cette derni\u00e8re depuis son passage \u00e0 la t\u00e9l\u00e9vision dans <strong>\u00ab\u00a0L&rsquo;\u00e9cole des fans\u00a0\u00bb de Jacques Martin.<\/strong> Souvenez-vous&#8230; \u00c0 l&rsquo;\u00e9poque, <a href=\"https:\/\/www.public.fr\/vanessa-paradis-sa-divine-idylle-en-danger\" target=\"_blank\" rel=\"noopener\">la jolie blonde<\/a> a interpr\u00e9t\u00e9 \u00c9milie Jolie du conte musical \u00e9ponyme. <strong>Elle avait 8 ans pass\u00e9 <\/strong>mais a menti sur son \u00e2ge \u00e0 la demande de sa famille. Pourquoi ? Car les organisateurs avait chang\u00e9 les r\u00e8gles et <strong>n&rsquo;acceptaient plus d&rsquo;enfants \u00e2g\u00e9s de 8 ans et plus<\/strong>.<\/p>\n<p>Ensuite, <strong>tout s&rsquo;est vite encha\u00een\u00e9 <\/strong>pour <a href=\"https:\/\/www.public.fr\/omar-sy-et-vanessa-paradis-duo-iconique-determine-a-defendre-leur-nouvelle-aventure\" target=\"_blank\" rel=\"noopener\">la jeune femme<\/a> qui a enregistr\u00e9 plusieurs singles jusqu&rsquo;au carton de Joe le Taxi en 1987. <strong>Un tournant dans sa carri\u00e8re<\/strong> qui la propulsera au rang de \u00ab\u00a0star\u00a0\u00bb. Puis, <strong>entre musique et cin\u00e9ma<\/strong>, Vanessa Paradis a oscill\u00e9 pendant de nombreuses ann\u00e9es jusqu&rsquo;\u00e0 pr\u00e9f\u00e9rer les plateaux de tournages aux studios d&rsquo;enregistrements. Ses films qui ont rencontr\u00e9s <strong>le plus de succ\u00e8s<\/strong> sont L&rsquo;Arnacoeur (2010), \u00c9lisa (1995) ou encore Noce blanche (1989).<\/p>\n<p>Mais la musique dans tout \u00e7a ? <a href=\"https:\/\/www.public.fr\/florent-pagny-et-vanessa-paradis-comment-la-maladie-les-a-rapproches\" target=\"_blank\" rel=\"noopener\">L&rsquo;ex femme de Jonnhy Depp<\/a> <strong>a-t-elle d\u00e9finitivement tourn\u00e9 la page ?<\/strong> Son dernier album Les Sources est <strong>sorti en 2018<\/strong>. Sa derni\u00e8re tourn\u00e9e s&rsquo;est d\u00e9roul\u00e9e en 2019. Si en 2024, <a href=\"https:\/\/www.public.fr\/vanessa-paradis-et-lily-rose-a-la-pfw-qui-est-la-mere-qui-est-la-fille\" target=\"_blank\" rel=\"noopener\">la maman de Lily-Rose<\/a> a partag\u00e9 un duo avec Voyou pour son titre Le Bal, <a href=\"https:\/\/www.public.fr\/jack-depp-le-fils-de-johnny-et-vanessa-paradis-devalise-les-boutiques-parisiennes-a-noel\" target=\"_blank\" rel=\"noopener\">l&rsquo;artiste de 52 ans<\/a> ne <strong>semble pas avoir de projets persos<\/strong>. \u00c0 moins que&#8230;<\/p>\n<p>Vanessa Paradis : cette publication Instagram qui r\u00e9jouit les fans<\/p>\n<p>Vanessa Paradis n&rsquo;est que <strong>tr\u00e8s peu pr\u00e9sente sur les r\u00e9seaux sociaux.<\/strong> <a href=\"https:\/\/www.google.com\/url?sa=t&amp;source=web&amp;rct=j&amp;opi=89978449&amp;url=https:\/\/vsd.fr\/50330-vanessa-paradis-jai-du-mal-avec-la-discipline\/&amp;ved=2ahUKEwj8rfqS46SNAxViQkEAHQ3hGokQFnoECB8QAQ&amp;usg=AOvVaw3SlIob98ri49q5qKXFSxgn\" target=\"_blank\" rel=\"noopener\">La com\u00e9dienne<\/a> n&rsquo;est pas du genre \u00e0 publier des pans de sa vie perso. Non, pour elle qui a \u00e9t\u00e9 ultra expos\u00e9e apr\u00e8s sa relation d&rsquo;amour avec une star hollywoodienne, aspire \u00e0 la tranquillit\u00e9. Pourtant, r\u00e9cemment, <a href=\"https:\/\/www.google.com\/url?sa=t&amp;source=web&amp;rct=j&amp;opi=89978449&amp;url=https:\/\/vsd.fr\/63716-si-vous-calculez-bien-vanessa-paradis-forcee-de-mentir-pour-sa-premiere-tele\/&amp;ved=2ahUKEwj8rfqS46SNAxViQkEAHQ3hGokQFnoECCIQAQ&amp;usg=AOvVaw2cKo9a_bUXycndGU0b6q_g\" target=\"_blank\" rel=\"noopener\">la Francilienne<\/a> s&rsquo;est empar\u00e9e de son compte afin de publier <strong>un premier clich\u00e9 le 30 avril<\/strong> sans aucun commentaire. Sur celui-ci, on peut voir une console musicale o\u00f9 est <strong>inscrit sur un morceau de scotch la mention \u00ab\u00a0Vanessa\u00a0\u00bb.<\/strong><\/p>\n<p>Puis, ce lundi 12 mai, <a href=\"https:\/\/www.google.com\/url?sa=t&amp;source=web&amp;rct=j&amp;opi=89978449&amp;url=https:\/\/vsd.fr\/63716-si-vous-calculez-bien-vanessa-paradis-forcee-de-mentir-pour-sa-premiere-tele\/&amp;ved=2ahUKEwj8rfqS46SNAxViQkEAHQ3hGokQFnoECCIQAQ&amp;usg=AOvVaw2cKo9a_bUXycndGU0b6q_g\" target=\"_blank\" rel=\"noopener\">la chanteuse<\/a> est revenue \u00e0 la charge. Cette fois, c&rsquo;est beaucoup plus clair pour ses fans et abonn\u00e9s puisque <a href=\"https:\/\/www.google.com\/url?sa=t&amp;source=web&amp;rct=j&amp;opi=89978449&amp;url=https:\/\/vsd.fr\/63716-si-vous-calculez-bien-vanessa-paradis-forcee-de-mentir-pour-sa-premiere-tele\/&amp;ved=2ahUKEwj8rfqS46SNAxViQkEAHQ3hGokQFnoECCIQAQ&amp;usg=AOvVaw2cKo9a_bUXycndGU0b6q_g\" target=\"_blank\" rel=\"noopener\">la jolie brune<\/a> apparait <strong>casque de musique viss\u00e9 sur la t\u00eate<\/strong> et elle est plac\u00e9e derri\u00e8re un micro. En l\u00e9gende, celle-ci a sobrement \u00e9crit : <strong>\u00ab\u00a0Studio &#8211; Avril 2025\u00a0\u00bb<\/strong>. Alors quand sortira ce nouveau single ? Ce nouvel album ? L&rsquo;histoire ne le dit malheureusement pas &#8230; Du c\u00f4t\u00e9 de ses fans, <strong>c&rsquo;est l&rsquo;effervescence.<\/strong> D&rsquo;ici l\u00e0, vous pourrez toujours retrouver Vanessa Paradis <strong>\u00e0 l&rsquo;affiche de T&rsquo;as pas chang\u00e9<\/strong> de J\u00e9r\u00f4me Commandeur. Ce sera <strong>le 5 novembre prochain.<\/strong><\/p>\n<p>      Mentionn\u00e9s dans cet article<\/p>\n<p>\u00c0 lire aussi<\/p>\n","protected":false},"excerpt":{"rendered":"Le 19 f\u00e9vrier dernier, les cin\u00e9philes ont pu voir en salles Dis moi juste que tu m&rsquo;aimes d&rsquo;Anne&hellip;\n","protected":false},"author":2,"featured_media":101545,"comment_status":"","ping_status":"","sticky":false,"template":"","format":"standard","meta":{"footnotes":""},"categories":[1359],"tags":[1695,5551,58,59,1011,27,2440,973,21727,10540,10245],"class_list":{"0":"post-101544","1":"post","2":"type-post","3":"status-publish","4":"format-standard","5":"has-post-thumbnail","7":"category-people","8":"tag-chanson","9":"tag-chanson-francaise","10":"tag-divertissement","11":"tag-entertainment","12":"tag-fr","13":"tag-france","14":"tag-instagram","15":"tag-people","16":"tag-studio-denregistrement","17":"tag-surprise","18":"tag-vanessa-paradis"},"share_on_mastodon":{"url":"https:\/\/pubeurope.com\/@fr\/114511077922349543","error":""},"_links":{"self":[{"href":"https:\/\/www.europesays.com\/fr\/wp-json\/wp\/v2\/posts\/101544","targetHints":{"allow":["GET"]}}],"collection":[{"href":"https:\/\/www.europesays.com\/fr\/wp-json\/wp\/v2\/posts"}],"about":[{"href":"https:\/\/www.europesays.com\/fr\/wp-json\/wp\/v2\/types\/post"}],"author":[{"embeddable":true,"href":"https:\/\/www.europesays.com\/fr\/wp-json\/wp\/v2\/users\/2"}],"replies":[{"embeddable":true,"href":"https:\/\/www.europesays.com\/fr\/wp-json\/wp\/v2\/comments?post=101544"}],"version-history":[{"count":0,"href":"https:\/\/www.europesays.com\/fr\/wp-json\/wp\/v2\/posts\/101544\/revisions"}],"wp:featuredmedia":[{"embeddable":true,"href":"https:\/\/www.europesays.com\/fr\/wp-json\/wp\/v2\/media\/101545"}],"wp:attachment":[{"href":"https:\/\/www.europesays.com\/fr\/wp-json\/wp\/v2\/media?parent=101544"}],"wp:term":[{"taxonomy":"category","embeddable":true,"href":"https:\/\/www.europesays.com\/fr\/wp-json\/wp\/v2\/categories?post=101544"},{"taxonomy":"post_tag","embeddable":true,"href":"https:\/\/www.europesays.com\/fr\/wp-json\/wp\/v2\/tags?post=101544"}],"curies":[{"name":"wp","href":"https:\/\/api.w.org\/{rel}","templated":true}]}}