{"id":101546,"date":"2025-05-15T09:13:12","date_gmt":"2025-05-15T09:13:12","guid":{"rendered":"https:\/\/www.europesays.com\/fr\/101546\/"},"modified":"2025-05-15T09:13:12","modified_gmt":"2025-05-15T09:13:12","slug":"3e-edition-du-salon-du-livre-de-cuisine-ancien-et-moderne","status":"publish","type":"post","link":"https:\/\/www.europesays.com\/fr\/101546\/","title":{"rendered":"3e \u00e9dition du Salon du Livre de cuisine ancien et moderne"},"content":{"rendered":"<p>Les <strong>14 et 15 juin<\/strong> prochain aura lieu la <strong>3e \u00e9dition du Salon du Livre de cuisine ancien et moderne<\/strong>, dans le 15e arrondissement parisien. Organis\u00e9 sous le parrainage du journaliste culinaire <strong>Fran\u00e7ois-R\u00e9gis Gaudry<\/strong> et sous la pr\u00e9sidence d\u2019honneur de <strong><a href=\"https:\/\/www.lechef.com\/meilleure-alimentation-lettre-ouverte-de-guillaume-gomez-au-premier-ministre\/\" target=\"_blank\" rel=\"noopener nofollow\">Guillaume Gomez<\/a>,<\/strong> il r\u00e9unira une cinquantaine d\u2019auteurs et de chefs.<\/p>\n<p>Au programme, <strong>signatures,<\/strong> <strong>tables rondes<\/strong> et remises de prix, \u00e0 l\u2019instar du prix \u00ab L<strong>a Cuisine \u00e7a n\u2019est pas que des recettes<\/strong> \u00bb et du Prix Jeunesse.<\/p>\n<p>\nI.E.<\/p>\n<p><b>&gt;A LIRE AUSSI\u2026<\/b><br \/><a href=\"https:\/\/www.lechef.com\/au-quotidien\/\" rel=\"nofollow noopener\" target=\"_blank\"><b>Les derni\u00e8res actualit\u00e9s du secteur<\/b><\/a>\u00a0<\/p>\n<p><\/p>\n","protected":false},"excerpt":{"rendered":"Les 14 et 15 juin prochain aura lieu la 3e \u00e9dition du Salon du Livre de cuisine ancien&hellip;\n","protected":false},"author":2,"featured_media":101547,"comment_status":"","ping_status":"","sticky":false,"template":"","format":"standard","meta":{"footnotes":""},"categories":[1357],"tags":[1379,58,59,1011,27,1380],"class_list":{"0":"post-101546","1":"post","2":"type-post","3":"status-publish","4":"format-standard","5":"has-post-thumbnail","7":"category-livres","8":"tag-books","9":"tag-divertissement","10":"tag-entertainment","11":"tag-fr","12":"tag-france","13":"tag-livres"},"share_on_mastodon":{"url":"https:\/\/pubeurope.com\/@fr\/114511085793955885","error":""},"_links":{"self":[{"href":"https:\/\/www.europesays.com\/fr\/wp-json\/wp\/v2\/posts\/101546","targetHints":{"allow":["GET"]}}],"collection":[{"href":"https:\/\/www.europesays.com\/fr\/wp-json\/wp\/v2\/posts"}],"about":[{"href":"https:\/\/www.europesays.com\/fr\/wp-json\/wp\/v2\/types\/post"}],"author":[{"embeddable":true,"href":"https:\/\/www.europesays.com\/fr\/wp-json\/wp\/v2\/users\/2"}],"replies":[{"embeddable":true,"href":"https:\/\/www.europesays.com\/fr\/wp-json\/wp\/v2\/comments?post=101546"}],"version-history":[{"count":0,"href":"https:\/\/www.europesays.com\/fr\/wp-json\/wp\/v2\/posts\/101546\/revisions"}],"wp:featuredmedia":[{"embeddable":true,"href":"https:\/\/www.europesays.com\/fr\/wp-json\/wp\/v2\/media\/101547"}],"wp:attachment":[{"href":"https:\/\/www.europesays.com\/fr\/wp-json\/wp\/v2\/media?parent=101546"}],"wp:term":[{"taxonomy":"category","embeddable":true,"href":"https:\/\/www.europesays.com\/fr\/wp-json\/wp\/v2\/categories?post=101546"},{"taxonomy":"post_tag","embeddable":true,"href":"https:\/\/www.europesays.com\/fr\/wp-json\/wp\/v2\/tags?post=101546"}],"curies":[{"name":"wp","href":"https:\/\/api.w.org\/{rel}","templated":true}]}}