{"id":101576,"date":"2025-05-15T09:29:09","date_gmt":"2025-05-15T09:29:09","guid":{"rendered":"https:\/\/www.europesays.com\/fr\/101576\/"},"modified":"2025-05-15T09:29:09","modified_gmt":"2025-05-15T09:29:09","slug":"concerts-visites-guidees-voici-ce-qui-vous-attend-pour-la-nuit-des-musees-dans-la-metropole-toulonnaise","status":"publish","type":"post","link":"https:\/\/www.europesays.com\/fr\/101576\/","title":{"rendered":"Concerts, visites guid\u00e9es&#8230; Voici ce qui vous attend pour la Nuit des mus\u00e9es dans la m\u00e9tropole toulonnaise"},"content":{"rendered":"<p>\u00c0 tout seigneur, tout honneur. Toulon sera l\u2019\u00e9picentre de la Nuit des mus\u00e9es dans la m\u00e9tropole (de par le nombre d\u2019\u00e9v\u00e9nements pr\u00e9vus). Mais, \u00e0 La Garde, Ollioules et Hy\u00e8res, des rendez-vous originaux vous attendent. Entr\u00e9e gratuite en nocturne pour tous.<\/p>\n<p>Le <b>mus\u00e9e d\u2019art toulonnais<\/b> (MAT) c\u00e9l\u00e8bre la Nuit des mus\u00e9es avec une exposition temporaire Aquarelles en fleurs, \u00e0 d\u00e9couvrir jusqu\u2019\u00e0 23h. \u00c0 partir de 19h30, un concert de jazz est programm\u00e9 avec le groupe toulonnais B\u00e2ton rouge qui se produira sur le parvis du mus\u00e9e pour accompagner les visiteurs. De 20h \u00e0 22h, de la musique classique suivra avec le duo Aix\u00e8ko, expert en musique de chambre. Les deux jeunes virtuoses offriront trois sessions de quinze minutes de musique dans les espaces du MAT.<\/p>\n<p>Au <b>mus\u00e9e des arts asiatiques<\/b>, des visites familiales (avec enfants \u00e0 partir de 6 ans) d\u00e9butent \u00e0 partir de 18h sur r\u00e9servation pr\u00e9alable (cgrand-perret@mairie-toulon.fr). Une visite guid\u00e9e suivra \u00e0 partir de 20h de l\u2019exposition Interstices (photos du Japon).<\/p>\n<p>Apr\u00e8s le MAT&#8230; le MaP pour <b>Maison de la photographie<\/b>. L\u2019exposition Edward Steichen vous tend les bras. Cette exposition met \u00e0 l\u2019honneur ce pionnier de la photographie de mode et \u00e9diteur de magazine contemporain.<\/p>\n<p>De son c\u00f4t\u00e9, le <b>mus\u00e9e national de la Marine<\/b> ouvrira jusqu\u2019\u00e0 minuit pour faire d\u00e9couvrir son expo temporaire sur l\u2019Op\u00e9ration Dragoon de 1944 du d\u00e9barquement de Provence en photos. Une visite nocturne des collections permanentes est \u00e9galement pr\u00e9vue avec les m\u00e9diateurs du mus\u00e9e qui accompagneront le public.<\/p>\n<p>Au <b>mus\u00e9um d\u00e9partemental du Var,<\/b> tout commence \u00e0 20h30 pour trois sessions musicales de trente minutes sur place. C\u2019est un concert de guinguette qui va animer la soir\u00e9e avec le trio Ritournelles. Jusqu\u2019\u00e0 minuit, des visites des collections du mus\u00e9um se succ\u00e9deront. Un atelier-d\u00e9couverte vous invite \u00e9galement \u00e0 plonger dans l\u2019univers fascinant d\u2019un dinosaure local: le Compsognathus! Enfin, jusqu\u2019\u00e0 minuit, l\u2019exposition M\u00e9tamorphoses se d\u00e9couvrira. Elle rassemble quatre jeunes artistes qui ont planch\u00e9 sur la rencontre volontaire entre art et science, science et fiction.<\/p>\n<p>3.000 visiteurs l\u2019an dernier<\/p>\n<p>Pour finir, <b>la Villa Rosemaine<\/b> a un programme int\u00e9ressant. L\u2019entr\u00e9e est libre de 16h \u00e0 22h pour une soir\u00e9e d\u00e9di\u00e9e aux savoir-faire et \u00e0 l\u2019histoire du textile. Des visites guid\u00e9es sensorielles de l\u2019exposition sont possibles. Le boutis proven\u00e7al sera \u00e9galement mis \u00e0 l\u2019honneur ainsi que les traditions textiles locales en Provence et plus loin: Inde, Angleterre, Italie, Tunisie&#8230;.<\/p>\n<p>\u00a0\u00bb Dans les mus\u00e9es de Toulon, nous avons voulu mixer arts et musique, concerts et visites comment\u00e9es en nocturne, explique R\u00e9my Kert\u00e9nian, directeur des affaires culturelles \u00e0 Toulon. Mettre le spectacle vivant au c\u0153ur de nos mus\u00e9es, c\u2019\u00e9tait notre volont\u00e9 cette ann\u00e9e et c\u2019est plut\u00f4t r\u00e9ussi.\u00a0\u00bb<\/p>\n<p>L\u2019an dernier, 3.000 personnes s\u2019\u00e9taient d\u00e9plac\u00e9es dans les mus\u00e9es municipaux de Toulon. Cette ann\u00e9e, le chiffre pourrait bien \u00eatre d\u00e9pass\u00e9.<\/p>\n<p>De la musique pour accompagner Andy Warhol \u00e0 Hy\u00e8res<\/p>\n<p>              <img ci-src=\"https:\/\/www.varmatin.com\/arts\/protec\/DATA_ART_15515357-IhyktTMk.jpg?vh=de6933&amp;ci_seal=d3c269d031\" alt=\"\"\/><br \/>\n        Warhol tiendra le haut de l\u2019affiche, \u00e0 Hy\u00e8res, pour la Nuit des mus\u00e9es.  <strong>Photo Val\u00e9rie Le Parc.<\/strong> <\/p>\n<p>\u00c0 Hy\u00e8res, un concert va accompagner les \u0153uvres d\u2019Andy Warhol, expos\u00e9es au mus\u00e9e de La Banque, des cultures et du paysage, samedi soir \u00e0 21h30. Le violoniste Vadim Tchijik et la pianiste Ludmilla Bodo offriront un spectacle de musique classique dans le jardin du mus\u00e9e.<\/p>\n<p>\u00c0 l\u2019int\u00e9rieur, une soixantaine d\u2019\u0153uvres uniques attend les visiteurs pour un parcours riche en nocturne. Le ma\u00eetre du pop art y d\u00e9ploie ses talents au travers de ses portraits bien connus de stars d\u2019Hollywood et de famous people.<\/p>\n<p>C\u2019est la premi\u00e8re fois que des pi\u00e8ces de Warhol font halte \u00e0 Hy\u00e8res. L\u2019exposition dure jusqu\u2019en juin.<\/p>\n<p>D\u00e9ambulations \u00e0 La Garde<\/p>\n<p>\u00c0 La Garde, le mus\u00e9e Jean-Aicard &#8211; Paulin-Bertrand propose, lui, des d\u00e9ambulations cont\u00e9es et burlesques durant une bonne partie de la soir\u00e9e jusqu\u2019\u00e0 21h30. \u00ab\u00a0Des visites th\u00e9\u00e2tralis\u00e9es seront propos\u00e9es par la com\u00e9dienne Collette pour d\u00e9couvrir l\u2019univers du po\u00e8te et romancier Jean Aicard et de son ami le peintre Paulin Bertrand\u00a0\u00bb. Le public parcourra en m\u00eame temps les pi\u00e8ces de la villa des Lauriers Roses.<\/p>\n<p>Enfin, de 21h30\u00e0 22h45, le po\u00e8te Fernando Pessoa sera \u00e0 l\u2019honneur. \u00ab\u00a0Le public va embarquer pour une d\u00e9rive en plein oc\u00e9an, au rythme des vers, des images et du synth\u00e9 modulaire de la compagnie Accidens, qui mettra en sc\u00e8ne le po\u00e8me maritime de Fernando Pessoa, Ode Maritime\u00a0\u00bb, indique la mairie.<\/p>\n<p>Mus\u00e9e de la Fleur en nocturne<\/p>\n<p>Enfin, la ville d\u2019Ollioules marque le coup cette ann\u00e9e pour la nuit des mus\u00e9es. Concert, expositions et mise en lumi\u00e8re sont pr\u00e9vus au mus\u00e9e de la fleur.<\/p>\n<p>Tout d\u00e9marre \u00e0 19h avec une mise en lumi\u00e8re du jardin des Heures autour du th\u00e8me \u00ab\u00a0Miroir, mon beau&#8230;\u00a0\u00bb Jeux d\u2019ombres et de lumi\u00e8res se succ\u00e9deront avant le vernissage, \u00e0 20h, de l\u2019exposition \u00ab\u00a0Distiller la lavande: le travail des hommes\u00a0\u00bb.<\/p>\n<p>Le th\u00e8me de la lavande y sera d\u00e9clin\u00e9 sous le prisme du labeur et des outils en lien avec son exploitation par l\u2019homme. Enfin, un concert sera assur\u00e9 par le Andan\u2019Trio au jardin Mistral (clarinette, fl\u00fbte et piano). Jusqu\u2019\u00e0 23h, des visites guid\u00e9es de la chapelle de l\u2019Observance sont \u00e9galement possibles.<\/p>\n<p>\u00c0 la Maison du patrimoine, les Voix anim\u00e9es c\u00e9l\u00e9breront les 480 ans de la disparition de Cl\u00e9ment Marot. Deux s\u00e9ances sont pr\u00e9vues, \u00e0 19h et \u00e0 21h. Une ouverture exceptionnelle du lieu est pr\u00e9vue jusqu\u2019\u00e0 23h.<\/p>\n","protected":false},"excerpt":{"rendered":"\u00c0 tout seigneur, tout honneur. Toulon sera l\u2019\u00e9picentre de la Nuit des mus\u00e9es dans la m\u00e9tropole (de par&hellip;\n","protected":false},"author":2,"featured_media":101577,"comment_status":"","ping_status":"","sticky":false,"template":"","format":"standard","meta":{"footnotes":""},"categories":[9619],"tags":[1111,11,1348,251,1777,674,1011,27,12,882,25,2310,3366],"class_list":{"0":"post-101576","1":"post","2":"type-post","3":"status-publish","4":"format-standard","5":"has-post-thumbnail","7":"category-toulon","8":"tag-actu","9":"tag-actualites","10":"tag-arts","11":"tag-culture","12":"tag-eu","13":"tag-europe","14":"tag-fr","15":"tag-france","16":"tag-news","17":"tag-provence-alpes-cote-dazur","18":"tag-republique-francaise","19":"tag-toulon","20":"tag-vie-locale"},"share_on_mastodon":{"url":"https:\/\/pubeurope.com\/@fr\/114511148669034167","error":""},"_links":{"self":[{"href":"https:\/\/www.europesays.com\/fr\/wp-json\/wp\/v2\/posts\/101576","targetHints":{"allow":["GET"]}}],"collection":[{"href":"https:\/\/www.europesays.com\/fr\/wp-json\/wp\/v2\/posts"}],"about":[{"href":"https:\/\/www.europesays.com\/fr\/wp-json\/wp\/v2\/types\/post"}],"author":[{"embeddable":true,"href":"https:\/\/www.europesays.com\/fr\/wp-json\/wp\/v2\/users\/2"}],"replies":[{"embeddable":true,"href":"https:\/\/www.europesays.com\/fr\/wp-json\/wp\/v2\/comments?post=101576"}],"version-history":[{"count":0,"href":"https:\/\/www.europesays.com\/fr\/wp-json\/wp\/v2\/posts\/101576\/revisions"}],"wp:featuredmedia":[{"embeddable":true,"href":"https:\/\/www.europesays.com\/fr\/wp-json\/wp\/v2\/media\/101577"}],"wp:attachment":[{"href":"https:\/\/www.europesays.com\/fr\/wp-json\/wp\/v2\/media?parent=101576"}],"wp:term":[{"taxonomy":"category","embeddable":true,"href":"https:\/\/www.europesays.com\/fr\/wp-json\/wp\/v2\/categories?post=101576"},{"taxonomy":"post_tag","embeddable":true,"href":"https:\/\/www.europesays.com\/fr\/wp-json\/wp\/v2\/tags?post=101576"}],"curies":[{"name":"wp","href":"https:\/\/api.w.org\/{rel}","templated":true}]}}