{"id":101584,"date":"2025-05-15T09:33:07","date_gmt":"2025-05-15T09:33:07","guid":{"rendered":"https:\/\/www.europesays.com\/fr\/101584\/"},"modified":"2025-05-15T09:33:07","modified_gmt":"2025-05-15T09:33:07","slug":"a-rouen-ils-organisent-une-fete-citoyenne-pour-reclamer-la-fin-du-contournement-est","status":"publish","type":"post","link":"https:\/\/www.europesays.com\/fr\/101584\/","title":{"rendered":"\u00c0 Rouen, ils organisent une \u00ab\u2009f\u00eate citoyenne \u00bb pour r\u00e9clamer la fin du contournement Est"},"content":{"rendered":"<p>            Par<br \/>\n        <strong><br \/>\n            <a href=\"https:\/\/actu.fr\/auteur\/adrien-filoche\" title=\"Consulter tous les articles de Adrien Filoche\" target=\"_blank\" rel=\"noopener\">Adrien Filoche<\/a><br \/>\n        <\/strong><\/p>\n<p>        Publi\u00e9 le<\/p>\n<p>            15 mai 2025 \u00e0 10h27        <\/p>\n<p>Alors qu\u2019un <strong>flou<\/strong> <strong>persiste<\/strong> toujours sur la r\u00e9alisation ou non <a href=\"https:\/\/actu.fr\/tag\/contournement-est-rouen\" target=\"_blank\" rel=\"noopener\">du contournement est de Rouen<\/a> \u2014 le gouvernement n\u2019a toujours pas clairement tranch\u00e9 sur la question \u2014, <a href=\"https:\/\/actu.fr\/societe\/contournement-est-rouen-collectif-non-lautoroute-a133-a134-fait-point-sur-recours_30084284.html\" target=\"_blank\" rel=\"noopener\">le collectif non \u00e0 l\u2019A133-134<\/a> organise le samedi 17\u00a0mai 2025 un <strong>rassemblement<\/strong> <strong>citoyen<\/strong> pour r\u00e9clamer une fois de plus l\u2019abandon d\u2019un projet.<\/p>\n<p>Des animations pr\u00e9vues<\/p>\n<p class=\" wall-content\">\u00ab\u2009On est dans une d\u00e9marche citoyenne festive\u2009\u00bb, commente <strong>Guillaume Grima,<\/strong> membre du collectif et fervent opposant au <a href=\"https:\/\/actu.fr\/normandie\/rouen_76540\/le-contournement-est-de-rouen-fera-t-il-partie-des-projets-autoroutiers-arretes_60129466.html\" target=\"_blank\" rel=\"noopener\">contournement est<\/a>. Le rendez-vous est donn\u00e9 le 17 \u00e0 partir de 10h30, <strong>au niveau du rond-point des vaches,<\/strong> \u00ab\u2009un endroit symbolique de l\u2019impact de la hausse des polluants que provoquerait le projet\u2009\u00bb, insiste le militant.<\/p>\n<p class=\" wall-content\">\u00c0 l\u2019occasion de ce rassemblement, <strong>un \u00ab\u2009village\u2009\u00bb<\/strong> sera install\u00e9 avec plusieurs stands d\u2019associations. \u00ab\u2009Il y aura des prises de parole d\u2019\u00e9lus locaux et de repr\u00e9sentants d\u2019associations\u2009\u00bb, poursuit Guillaume Grima. Au programme, on retrouvera \u00e9galement un pique-nique g\u00e9ant, ainsi que des animations (p\u00e9tanque, jeux pour les enfants sur le climat, etc.).<\/p>\n<p>Mettre en avant les alternatives au projet<\/p>\n<p class=\" wall-content\">Pas seulement un moyen pour le collectif de r\u00e9affirmer son opposition au projet, ce rassemblement est aussi vu comme un moyen de remettre sur le devant de la sc\u00e8ne les <strong>alternatives de mobilit\u00e9s<\/strong> \u00e0 un projet que les militants jugent irresponsable et n\u00e9faste pour l\u2019environnement.<\/p>\n<p class=\" wall-content\">\u00ab\u2009Il faut r\u00e9orienter les investissements publics de l\u2019\u00c9tat. Il y a des sujets sur lesquels nous avons besoin d\u2019argent public\u2009\u00bb, souligne Guillaume Grima, mettant en lumi\u00e8re des projets ferroviaires tels que <a href=\"https:\/\/actu.fr\/normandie\/rouen_76540\/ligne-nouvelle-paris-normandie-pourquoi-la-seine-maritime-en-a-vraiment-besoin-et-l-ile-de-france-aussi_61821114.html\" target=\"_blank\" rel=\"noopener\">la Ligne Nouvelle Paris Normandie (LNPN)<\/a> ou encore le <a href=\"https:\/\/actu.fr\/normandie\/rouen_76540\/le-futur-rer-metropolitain-se-precise-a-rouen-il-y-aura-un-avant-et-un-apres-lnpn_61323259.html\" target=\"_blank\" rel=\"noopener\">Service Express R\u00e9gional M\u00e9tropolitain (Serm)<\/a>, sorte de futur RER \u00e0 Rouen.<\/p>\n<p>Vid\u00e9os : en ce moment sur ActuSuivez l\u2019actualit\u00e9 de Rouen sur <a href=\"https:\/\/www.whatsapp.com\/channel\/0029VaKfnf99hXF2ddApFB1D\" target=\"_blank\" rel=\"noopener\">notre cha\u00eene WhatsApp<\/a> et sur <a href=\"https:\/\/www.tiktok.com\/@76actu.fr?lang=fr\" target=\"_blank\" rel=\"noopener\">notre compte TikTok<\/a><\/p>\n<p class=\" wall-content\">Suivez toute l\u2019actualit\u00e9 de vos villes et m\u00e9dias favoris en vous inscrivant \u00e0 <a href=\"https:\/\/moncompte.actu.fr\" title=\"D\u00e9couvez Mon Actu\" rel=\"nofollow noopener\" data-trk=\"{&quot;cta&quot;:{&quot;action&quot;:&quot;https:\\\/\\\/moncompte.actu.fr&quot;,&quot;category&quot;:&quot;mon compte&quot;,&quot;from&quot;:&quot;article footer&quot;,&quot;name&quot;:&quot;Mon actu&quot;,&quot;type&quot;:&quot;cta&quot;}}\" target=\"_blank\">Mon Actu<\/a>.<\/p>\n<ul class=\"ac-article-tag wall-content\">\n<li><a href=\"https:\/\/actu.fr\/tag\/contournement-est-rouen\" data-trk=\"{&quot;cta&quot;:{&quot;action&quot;:&quot;Contournement Est Rouen&quot;,&quot;category&quot;:&quot;tag&quot;,&quot;from&quot;:&quot;article footer&quot;,&quot;name&quot;:&quot;Contournement Est Rouen&quot;,&quot;type&quot;:&quot;cta&quot;}}\" target=\"_blank\" rel=\"noopener\">#Contournement Est Rouen<\/a><\/li>\n<li><a href=\"https:\/\/actu.fr\/tag\/transport\" data-trk=\"{&quot;cta&quot;:{&quot;action&quot;:&quot;Transport&quot;,&quot;category&quot;:&quot;tag&quot;,&quot;from&quot;:&quot;article footer&quot;,&quot;name&quot;:&quot;Transport&quot;,&quot;type&quot;:&quot;cta&quot;}}\" target=\"_blank\" rel=\"noopener\">#Transport<\/a><\/li>\n<\/ul>\n<p>                    <script async src=\"\/\/www.tiktok.com\/embed.js\"><\/script><\/p>\n","protected":false},"excerpt":{"rendered":"Par Adrien Filoche Publi\u00e9 le 15 mai 2025 \u00e0 10h27 Alors qu\u2019un flou persiste toujours sur la r\u00e9alisation&hellip;\n","protected":false},"author":2,"featured_media":101585,"comment_status":"","ping_status":"","sticky":false,"template":"","format":"standard","meta":{"footnotes":""},"categories":[9587],"tags":[1111,11,21728,1777,674,1011,27,12,5161,52,25,9590,2803],"class_list":{"0":"post-101584","1":"post","2":"type-post","3":"status-publish","4":"format-standard","5":"has-post-thumbnail","7":"category-rouen","8":"tag-actu","9":"tag-actualites","10":"tag-contournement-est-rouen","11":"tag-eu","12":"tag-europe","13":"tag-fr","14":"tag-france","15":"tag-news","16":"tag-normandie","17":"tag-planete","18":"tag-republique-francaise","19":"tag-rouen","20":"tag-transport"},"share_on_mastodon":{"url":"https:\/\/pubeurope.com\/@fr\/114511164403054358","error":""},"_links":{"self":[{"href":"https:\/\/www.europesays.com\/fr\/wp-json\/wp\/v2\/posts\/101584","targetHints":{"allow":["GET"]}}],"collection":[{"href":"https:\/\/www.europesays.com\/fr\/wp-json\/wp\/v2\/posts"}],"about":[{"href":"https:\/\/www.europesays.com\/fr\/wp-json\/wp\/v2\/types\/post"}],"author":[{"embeddable":true,"href":"https:\/\/www.europesays.com\/fr\/wp-json\/wp\/v2\/users\/2"}],"replies":[{"embeddable":true,"href":"https:\/\/www.europesays.com\/fr\/wp-json\/wp\/v2\/comments?post=101584"}],"version-history":[{"count":0,"href":"https:\/\/www.europesays.com\/fr\/wp-json\/wp\/v2\/posts\/101584\/revisions"}],"wp:featuredmedia":[{"embeddable":true,"href":"https:\/\/www.europesays.com\/fr\/wp-json\/wp\/v2\/media\/101585"}],"wp:attachment":[{"href":"https:\/\/www.europesays.com\/fr\/wp-json\/wp\/v2\/media?parent=101584"}],"wp:term":[{"taxonomy":"category","embeddable":true,"href":"https:\/\/www.europesays.com\/fr\/wp-json\/wp\/v2\/categories?post=101584"},{"taxonomy":"post_tag","embeddable":true,"href":"https:\/\/www.europesays.com\/fr\/wp-json\/wp\/v2\/tags?post=101584"}],"curies":[{"name":"wp","href":"https:\/\/api.w.org\/{rel}","templated":true}]}}