{"id":101586,"date":"2025-05-15T09:35:31","date_gmt":"2025-05-15T09:35:31","guid":{"rendered":"https:\/\/www.europesays.com\/fr\/101586\/"},"modified":"2025-05-15T09:35:31","modified_gmt":"2025-05-15T09:35:31","slug":"ils-deploient-une-banderole-contre-bruno-retailleau-la-police-les-place-en-garde-a-vue","status":"publish","type":"post","link":"https:\/\/www.europesays.com\/fr\/101586\/","title":{"rendered":"ils d\u00e9ploient une banderole contre Bruno Retailleau, la police les place en garde \u00e0 vue"},"content":{"rendered":"<p itemprop=\"description\"><strong>D\u2019abord arr\u00eat\u00e9s pour \u00ab\u00a0outrage\u00a0\u00bb\u00a0envers Bruno Retailleau, deux manifestants ont \u00e9t\u00e9 rel\u00e2ch\u00e9s.<\/strong><\/p>\n<p class=\"x_MsoNormal\" style=\"color: #242424; font-style: normal; font-variant-ligatures: normal; font-variant-caps: normal; font-weight: 400; letter-spacing: normal; orphans: 2; text-align: start; text-indent: 0px; text-transform: none; widows: 2; word-spacing: 0px; -webkit-text-stroke-width: 0px; white-space: normal; background-color: #ffffff; text-decoration-thickness: initial; text-decoration-style: initial; text-decoration-color: initial; margin: 0cm 0cm 8pt; line-height: 18.4px; font-size: 12pt; font-family: Calibri, sans-serif;\">Ce mardi 13 mai avait lieu la manifestation de la fonction publique \u00e0 Grenoble. Deux hommes, \u00e2g\u00e9s d\u2019une cinquantaine d\u2019ann\u00e9es, ont \u00e9t\u00e9 interpell\u00e9s par les policiers de la BAC juste avant la mobilisation pour des faits d'\u00a0\u00bboutrage\u00a0\u00bb. En cause, une banderole d\u00e9ploy\u00e9e contre le ministre de l\u2019Int\u00e9rieur : \u00ab\u00a09 mai, Paris : Retailleau \u2764\u00a0 les n\u00e9onazis\u00a0\u00bb.<\/p>\n<p class=\"x_MsoNormal\" style=\"color: #242424; font-style: normal; font-variant-ligatures: normal; font-variant-caps: normal; font-weight: 400; letter-spacing: normal; orphans: 2; text-align: start; text-indent: 0px; text-transform: none; widows: 2; word-spacing: 0px; -webkit-text-stroke-width: 0px; white-space: normal; background-color: #ffffff; text-decoration-thickness: initial; text-decoration-style: initial; text-decoration-color: initial; margin: 0cm 0cm 8pt; line-height: 18.4px; font-size: 12pt; font-family: Calibri, sans-serif;\">Une r\u00e9f\u00e9rence au d\u00e9fil\u00e9 des militants d\u2019ultradroite \u00e0 Paris, vendredi dernier, qui avait \u00e9t\u00e9 interdit \u00e0 l\u2019origine par la pr\u00e9fecture de police, puis autoris\u00e9 par le tribunal administratif.<\/p>\n<p class=\"x_MsoNormal\" style=\"color: #242424; font-style: normal; font-variant-ligatures: normal; font-variant-caps: normal; font-weight: 400; letter-spacing: normal; orphans: 2; text-align: start; text-indent: 0px; text-transform: none; widows: 2; word-spacing: 0px; -webkit-text-stroke-width: 0px; white-space: normal; background-color: #ffffff; text-decoration-thickness: initial; text-decoration-style: initial; text-decoration-color: initial; margin: 0cm 0cm 8pt; line-height: 18.4px; font-size: 12pt; font-family: Calibri, sans-serif;\">Les deux individus ont ainsi \u00e9t\u00e9 plac\u00e9s en garde \u00e0 vue \u00e0 la suite de leur interpellation. Puis apr\u00e8s quelques heures d\u2019audition, ils ont \u00e9t\u00e9 remis en libert\u00e9 par les enqu\u00eateurs grenoblois.<\/p>\n","protected":false},"excerpt":{"rendered":"D\u2019abord arr\u00eat\u00e9s pour \u00ab\u00a0outrage\u00a0\u00bb\u00a0envers Bruno Retailleau, deux manifestants ont \u00e9t\u00e9 rel\u00e2ch\u00e9s. Ce mardi 13 mai avait lieu la&hellip;\n","protected":false},"author":2,"featured_media":101587,"comment_status":"","ping_status":"","sticky":false,"template":"","format":"standard","meta":{"footnotes":""},"categories":[9566],"tags":[1111,11,7733,8279,2430,7736,650,7734,2889,2263,1777,674,1011,27,2731,8280,6417,1114,108,4662,12,3725,1825,25,7737],"class_list":{"0":"post-101586","1":"post","2":"type-post","3":"status-publish","4":"format-standard","5":"has-post-thumbnail","7":"category-grenoble","8":"tag-actu","9":"tag-actualites","10":"tag-alpes","11":"tag-alpes1","12":"tag-auvergne-rhone-alpes","13":"tag-cds","14":"tag-cinema","15":"tag-ecoute","16":"tag-emission","17":"tag-equipe","18":"tag-eu","19":"tag-europe","20":"tag-fr","21":"tag-france","22":"tag-grenoble","23":"tag-haute","24":"tag-information","25":"tag-infos","26":"tag-isere","27":"tag-journal","28":"tag-news","29":"tag-podcast","30":"tag-radio","31":"tag-republique-francaise","32":"tag-winamp"},"share_on_mastodon":{"url":"https:\/\/pubeurope.com\/@fr\/114511172289533352","error":""},"_links":{"self":[{"href":"https:\/\/www.europesays.com\/fr\/wp-json\/wp\/v2\/posts\/101586","targetHints":{"allow":["GET"]}}],"collection":[{"href":"https:\/\/www.europesays.com\/fr\/wp-json\/wp\/v2\/posts"}],"about":[{"href":"https:\/\/www.europesays.com\/fr\/wp-json\/wp\/v2\/types\/post"}],"author":[{"embeddable":true,"href":"https:\/\/www.europesays.com\/fr\/wp-json\/wp\/v2\/users\/2"}],"replies":[{"embeddable":true,"href":"https:\/\/www.europesays.com\/fr\/wp-json\/wp\/v2\/comments?post=101586"}],"version-history":[{"count":0,"href":"https:\/\/www.europesays.com\/fr\/wp-json\/wp\/v2\/posts\/101586\/revisions"}],"wp:featuredmedia":[{"embeddable":true,"href":"https:\/\/www.europesays.com\/fr\/wp-json\/wp\/v2\/media\/101587"}],"wp:attachment":[{"href":"https:\/\/www.europesays.com\/fr\/wp-json\/wp\/v2\/media?parent=101586"}],"wp:term":[{"taxonomy":"category","embeddable":true,"href":"https:\/\/www.europesays.com\/fr\/wp-json\/wp\/v2\/categories?post=101586"},{"taxonomy":"post_tag","embeddable":true,"href":"https:\/\/www.europesays.com\/fr\/wp-json\/wp\/v2\/tags?post=101586"}],"curies":[{"name":"wp","href":"https:\/\/api.w.org\/{rel}","templated":true}]}}