{"id":101594,"date":"2025-05-15T09:39:08","date_gmt":"2025-05-15T09:39:08","guid":{"rendered":"https:\/\/www.europesays.com\/fr\/101594\/"},"modified":"2025-05-15T09:39:08","modified_gmt":"2025-05-15T09:39:08","slug":"francois-bayrou-choque-en-justifiant-sa-gifle-sur-un-enfant-a-strasbourg","status":"publish","type":"post","link":"https:\/\/www.europesays.com\/fr\/101594\/","title":{"rendered":"Fran\u00e7ois Bayrou choque en justifiant sa gifle sur un enfant\u00a0\u00e0\u00a0Strasbourg"},"content":{"rendered":"<p>            Par<br \/>\n        <strong><br \/>\n            <a href=\"https:\/\/actu.fr\/auteur\/ivan-capecchi\" title=\"Consulter tous les articles de Ivan CAPECCHI\" rel=\"nofollow noopener\" target=\"_blank\">Ivan CAPECCHI<\/a><br \/>\n        <\/strong><\/p>\n<p>        Publi\u00e9 le<\/p>\n<p>            15 mai 2025 \u00e0 10h29        <\/p>\n<p>Interrog\u00e9 mercredi 14\u00a0mai 2025 devant la <strong>commission d\u2019enqu\u00eate parlementaire<\/strong> sur <a href=\"https:\/\/actu.fr\/nouvelle-aquitaine\/lestelle-betharram_64339\/violences-sexuelles-a-betharram-on-vous-resume-cette-affaire-qui-met-a-mal-francois-bayrou_62250626.html\" rel=\"nofollow noopener\" target=\"_blank\">l\u2019affaire B\u00e9tharram<\/a>, <a href=\"https:\/\/actu.fr\/politique\/affaire-betharram-francois-bayrou-entendu-par-des-deputes-risque-tres-gros-en-cas-de-mensonge_62636595.html\" rel=\"nofollow noopener\" target=\"_blank\">Fran\u00e7ois Bayrou<\/a> s\u2019est retrouv\u00e9 questionn\u00e9 sur un \u00e9pisode survenu plus de vingt ans plus t\u00f4t.<\/p>\n<p class=\" wall-content\">En 2002, alors qu\u2019il \u00e9tait en d\u00e9placement \u00e0 <strong>Strasbourg<\/strong>, le <strong>premier ministre<\/strong> avait donn\u00e9 une <a href=\"https:\/\/actu.fr\/politique\/video-quand-francois-bayrou-giflait-un-enfant-qui-lui-faisait-les-poches_61997909.html\" rel=\"nofollow noopener\" target=\"_blank\">gifle \u00e0 un enfant qui tentait de lui faire les poches<\/a>.<\/p>\n<p class=\" wall-content\">Devant les d\u00e9put\u00e9s, mercredi, il a <strong>d\u00e9fendu son geste<\/strong>, affirmant qu\u2019il s\u2019agissait d\u2019\u00ab\u2009une <strong>tape<\/strong>, pas une claque\u2009\u00bb, un \u00ab\u00a0<strong>geste \u00e9ducatif<\/strong>\u00a0\u00bb venant d\u2019un \u00ab\u00a0<strong>p\u00e8re de famille<\/strong>\u2009\u00bb, <strong>et non d\u2019un acte violent<\/strong>.<\/p>\n<p>Pol\u00e9mique lors de l\u2019audition de Fran\u00e7ois Bayrou sur l\u2019affaire B\u00e9tharram<\/p>\n<p class=\" wall-content\">Le d\u00e9put\u00e9 insoumis Paul Vannier a mis en doute cette justification, d\u00e9non\u00e7ant une conception probl\u00e9matique de la violence \u00e9ducative, ce qui a suscit\u00e9 la col\u00e8re de Fran\u00e7ois Bayrou et provoqu\u00e9 une br\u00e8ve interruption de <a href=\"https:\/\/actu.fr\/politique\/affaire-betharram-passes-d-armes-propos-confus-ce-qu-il-faut-retenir-de-l-audition-de-francois-bayrou_62637953.html\" rel=\"nofollow noopener\" target=\"_blank\">l\u2019audition<\/a>.<\/p>\n<p class=\" wall-content\">\n<p class=\" wall-content\">En retour, M. Bayrou a accus\u00e9 M. Vannier de \u00ab\u2009<strong>reformuler de mani\u00e8re scandaleuse<\/strong>\u2009\u00bb ses propos.<\/p>\n<p>Pourquoi Fran\u00e7ois Bayrou est auditionn\u00e9 dans le cadre de l&rsquo;affaire de B\u00e9tharram<\/p>\n<p>L&rsquo;audition de Fran\u00e7ois Bayrou devant la commission d&rsquo;enqu\u00eate parlementaire sur l&rsquo;affaire de B\u00e9tharram s&rsquo;inscrit dans un contexte de vives tensions politiques et judiciaires. Cette affaire concerne des all\u00e9gations de violences physiques et sexuelles commises sur plusieurs d\u00e9cennies au sein de l&rsquo;\u00e9tablissement catholique Notre-Dame de B\u00e9tharram, situ\u00e9 pr\u00e8s de Pau. En tant qu&rsquo;ancien ministre de l&rsquo;\u00c9ducation nationale (1993-1997) et pr\u00e9sident du Conseil g\u00e9n\u00e9ral des Pyr\u00e9n\u00e9es-Atlantiques (1992-2001), Bayrou est accus\u00e9 d&rsquo;avoir eu connaissance de ces abus sans les avoir d\u00e9nonc\u00e9s. Lors de son audition le 14 mai 2025, il a ni\u00e9 toute tentative de dissimulation, affirmant n&rsquo;avoir \u00e9t\u00e9 inform\u00e9 des faits que par la presse locale. Cependant, des t\u00e9moignages, notamment celui d&rsquo;une ancienne enseignante et d&rsquo;un juge, sugg\u00e8rent qu&rsquo;il aurait \u00e9t\u00e9 alert\u00e9 d\u00e8s les ann\u00e9es 1990.<\/p>\n<p>Vid\u00e9os : en ce moment sur ActuYacine G., l\u2019enfant gifl\u00e9 par Fran\u00e7ois Bayrou, en d\u00e9licatesse avec la justice<\/p>\n<p class=\" wall-content\">En 2002, lors d\u2019une visite dans le<strong> quartier de la Meinau<\/strong> \u00e0 Strasbourg, Fran\u00e7ois Bayrou, alors candidat \u00e0 la pr\u00e9sidentielle, avait <strong>gifl\u00e9 un gar\u00e7on de 11\u00a0ans, Yacine G.<\/strong>, qu\u2019il accusait de tentative de vol.<\/p>\n<p class=\" wall-content\">\n<p class=\" wall-content\">Plus de vingt ans plus tard, <a href=\"https:\/\/www.bfmtv.com\/alsace\/info-bfm-alsace-ce-qu-est-devenu-l-enfant-gifle-par-francois-bayrou-a-strasbourg-en-2002_AV-202412170776.html\" rel=\"nofollow noopener\" target=\"_blank\">BFM Alsace<\/a> r\u00e9v\u00e8le que Yacine G., aujourd\u2019hui trentenaire, <strong>purge une peine de dix ans de prison pour trafic de stup\u00e9fiants<\/strong>. Son <strong>casier judiciaire comporte plusieurs condamnations<\/strong>, notamment pour <strong>outrages et violences envers des policiers<\/strong>.<\/p>\n<p class=\" wall-content\">En 2020, il \u00e9tait impliqu\u00e9 dans un <strong>trafic de drogue entre les Pays-Bas et Strasbourg<\/strong>, utilisant <strong>l\u2019application Signal<\/strong> sous le pseudonyme \u00ab\u2009Sam Sam\u2009\u00bb.<\/p>\n<p class=\" wall-content\">Apr\u00e8s plusieurs ann\u00e9es de <strong>cavale<\/strong>, il a \u00e9t\u00e9 <strong>interpell\u00e9 en 2021 et condamn\u00e9 pour ces faits<\/strong>.<\/p>\n<p class=\" wall-content\">Suivez toute l\u2019actualit\u00e9 de vos villes et m\u00e9dias favoris en vous inscrivant \u00e0 <a href=\"https:\/\/moncompte.actu.fr\" title=\"D\u00e9couvez Mon Actu\" rel=\"nofollow noopener\" data-trk=\"{&quot;cta&quot;:{&quot;action&quot;:&quot;https:\\\/\\\/moncompte.actu.fr&quot;,&quot;category&quot;:&quot;mon compte&quot;,&quot;from&quot;:&quot;article footer&quot;,&quot;name&quot;:&quot;Mon actu&quot;,&quot;type&quot;:&quot;cta&quot;}}\" target=\"_blank\">Mon Actu<\/a>.<\/p>\n","protected":false},"excerpt":{"rendered":"Par Ivan CAPECCHI Publi\u00e9 le 15 mai 2025 \u00e0 10h29 Interrog\u00e9 mercredi 14\u00a0mai 2025 devant la commission d\u2019enqu\u00eate&hellip;\n","protected":false},"author":2,"featured_media":101595,"comment_status":"","ping_status":"","sticky":false,"template":"","format":"standard","meta":{"footnotes":""},"categories":[2820],"tags":[1111,11,1777,674,1011,27,431,775,12,25,104,640],"class_list":{"0":"post-101594","1":"post","2":"type-post","3":"status-publish","4":"format-standard","5":"has-post-thumbnail","7":"category-strasbourg","8":"tag-actu","9":"tag-actualites","10":"tag-eu","11":"tag-europe","12":"tag-fr","13":"tag-france","14":"tag-francois-bayrou","15":"tag-grand-est","16":"tag-news","17":"tag-republique-francaise","18":"tag-societe","19":"tag-strasbourg"},"share_on_mastodon":{"url":"https:\/\/pubeurope.com\/@fr\/114511188039231776","error":""},"_links":{"self":[{"href":"https:\/\/www.europesays.com\/fr\/wp-json\/wp\/v2\/posts\/101594","targetHints":{"allow":["GET"]}}],"collection":[{"href":"https:\/\/www.europesays.com\/fr\/wp-json\/wp\/v2\/posts"}],"about":[{"href":"https:\/\/www.europesays.com\/fr\/wp-json\/wp\/v2\/types\/post"}],"author":[{"embeddable":true,"href":"https:\/\/www.europesays.com\/fr\/wp-json\/wp\/v2\/users\/2"}],"replies":[{"embeddable":true,"href":"https:\/\/www.europesays.com\/fr\/wp-json\/wp\/v2\/comments?post=101594"}],"version-history":[{"count":0,"href":"https:\/\/www.europesays.com\/fr\/wp-json\/wp\/v2\/posts\/101594\/revisions"}],"wp:featuredmedia":[{"embeddable":true,"href":"https:\/\/www.europesays.com\/fr\/wp-json\/wp\/v2\/media\/101595"}],"wp:attachment":[{"href":"https:\/\/www.europesays.com\/fr\/wp-json\/wp\/v2\/media?parent=101594"}],"wp:term":[{"taxonomy":"category","embeddable":true,"href":"https:\/\/www.europesays.com\/fr\/wp-json\/wp\/v2\/categories?post=101594"},{"taxonomy":"post_tag","embeddable":true,"href":"https:\/\/www.europesays.com\/fr\/wp-json\/wp\/v2\/tags?post=101594"}],"curies":[{"name":"wp","href":"https:\/\/api.w.org\/{rel}","templated":true}]}}