{"id":1015965,"date":"2026-06-22T02:13:14","date_gmt":"2026-06-22T02:13:14","guid":{"rendered":"https:\/\/www.europesays.com\/fr\/1015965\/"},"modified":"2026-06-22T02:13:14","modified_gmt":"2026-06-22T02:13:14","slug":"coupe-du-monde-on-attendait-un-peu-plus-de-fair-play-la-cote-divoire-decue-par-lattitude-de-lallemagne","status":"publish","type":"post","link":"https:\/\/www.europesays.com\/fr\/1015965\/","title":{"rendered":"Coupe du monde. \u00ab\u00a0On attendait un peu plus de fair-play\u2026\u00a0\u00bb\u00a0: la C\u00f4te d\u2019Ivoire \u00ab\u00a0d\u00e9\u00e7ue\u00a0\u00bb par l\u2019attitude de l\u2019Allemagne"},"content":{"rendered":"<p>\u00c9merse Fa\u00e9 est frustr\u00e9. Samedi 20\u00a0juin, <a href=\"https:\/\/www.ouest-france.fr\/sport\/coupe-du-monde\/direct\/direct-allemagne-cote-d-ivoire-suivez-le-match-du-groupe-e-de-la-coupe-du-monde-en-live-762ff773-3ccc-4919-b7d4-e7188c471ac9\" target=\"_blank\" rel=\"nofollow noopener\">la C\u00f4te d\u2019Ivoire a longtemps cru \u00e0 l\u2019exploit face \u00e0 l\u2019Allemagne<\/a>. Vainqueurs de leur premier match face \u00e0 l\u2019\u00c9quateur\u00a0(1-0), les \u00c9l\u00e9phants ont bien pens\u00e9 assurer leur qualification et la premi\u00e8re place d\u00e8s leur deuxi\u00e8me rencontre face aux quadruples champions du monde.<\/p>\n<\/p>\n<p>        \u00ab\u00a0Nous prenons de telles nations comme exemple\u00a0\u00bb<\/p>\n<p>Devant au score gr\u00e2ce \u00e0 Franck Kessi\u00e9\u00a0(30\u2019), la C\u00f4te d\u2019Ivoire a finalement pli\u00e9 en seconde p\u00e9riode, l\u2019entrant Deniz Undav \u00e9galisant\u00a0(68\u2019) avant d\u2019offrir la victoire \u00e0 la Mannschaft sur la derni\u00e8re action de la partie (90\u2019+4). Un d\u00e9nouement frustrant aliment\u00e9 par un moment de la rencontre sur lequel \u00c9merse Fa\u00e9 est revenu apr\u00e8s la rencontre, d\u00e9non\u00e7ant le comportement des joueurs allemands <a href=\"https:\/\/www.ouest-france.fr\/sport\/coupe-du-monde\/coupe-du-monde-inquietude-pour-le-defenseur-de-la-cote-divoire-wilfried-singo-blesse-et-en-pleurs-contre-lallemagne-9d3276be-6d27-11f1-971c-5aa54f866c16\" target=\"_blank\" rel=\"nofollow noopener\">au moment de la blessure de Wilfried Singo\u00a0(80\u2019), contraint de c\u00e9der sa place<\/a>.<\/p>\n<p>Nous prenons de telles nations comme exemple pour nous d\u00e9velopper davantage, mais j\u2019ai \u00e9t\u00e9 un peu d\u00e9\u00e7u par le manque de fair-play affich\u00e9 par cette \u00e9quipe allemande, a regrett\u00e9 le Nantais d\u2019origine en conf\u00e9rence de presse. D\u2019une grande nation comme l\u2019Allemagne, on aurait attendu un peu plus de fair-play quand Singo a renvoy\u00e9 le ballon hors du terrain parce qu\u2019il \u00e9tait bless\u00e9. Nous aurions aim\u00e9 qu\u2019ils nous le rendent.<\/p>\n<p class=\"su-line-height-m\"><strong>Lire aussi\u00a0:<\/strong> <a data-trk-internal-link=\"a lire aussi\" data-trk-sipa=\"{\" blockcategory=\"\" lire=\"\" aussi=\"\" tunisie=\"\" pire=\"\" de=\"\" l=\"\" la=\"\" coupe=\"\" du=\"\" monde=\"\" ce=\"\" que=\"\" disent=\"\" les=\"\" statistiques=\"\" href=\"https:\/\/www.ouest-france.fr\/sport\/coupe-du-monde\/la-tunisie-pire-equipe-de-lhistoire-de-la-coupe-du-monde-ce-que-disent-les-statistiques-f8b848cc-6d42-11f1-bda1-40414195e76f\" rel=\"- nofollow noopener\" target=\"_blank\" mon>La Tunisie pire \u00e9quipe de l\u2019histoire de la Coupe du monde\u00a0? Ce que disent les statistiques<\/a><\/p>\n<p>Battus par le favori de leur poule E, <a href=\"https:\/\/www.ouest-france.fr\/sport\/coupe-du-monde\/coupe-du-monde-la-cote-divoire-qualifiee-apres-son-match-contre-curacao-si-5bde5aba-6d2d-11f1-bda1-40414195e76f\" target=\"_blank\" rel=\"nofollow noopener\">les \u00c9l\u00e9phants sont tout de m\u00eame tr\u00e8s bien partis pour valider leur qualification<\/a> pour les seizi\u00e8mes de finale <a href=\"https:\/\/www.ouest-france.fr\/sport\/coupe-du-monde\/coupe-du-monde-porte-par-son-gardien-curacao-decroche-un-point-historique-contre-lequateur-8285e4dc-6d26-11f1-bda1-40414195e76f\" target=\"_blank\" rel=\"nofollow noopener\">apr\u00e8s que l\u2019\u00c9quateur a \u00e9t\u00e9 tenu en \u00e9chec par le petit poucet Cura\u00e7ao\u00a0(0-0)<\/a>, dernier adversaire de la C\u00f4te d\u2019Ivoire. Les Ivoiriens comptent trois points et figurent \u00e0 la deuxi\u00e8me place.<\/p>\n","protected":false},"excerpt":{"rendered":"\u00c9merse Fa\u00e9 est frustr\u00e9. Samedi 20\u00a0juin, la C\u00f4te d\u2019Ivoire a longtemps cru \u00e0 l\u2019exploit face \u00e0 l\u2019Allemagne. Vainqueurs&hellip;\n","protected":false},"author":2,"featured_media":1015966,"comment_status":"","ping_status":"","sticky":false,"template":"","format":"standard","meta":{"footnotes":"","_share_on_mastodon":"0"},"categories":[1587],"tags":[74853,11,672,1804,24277,1805,1803,90341,106196,1777,674,63,1801,12,1802],"class_list":["post-1015965","post","type-post","status-publish","format-standard","has-post-thumbnail","category-allemagne","tag-actualite-en-continu","tag-actualites","tag-allemagne","tag-bundesrepublik-deutschland","tag-coupe-du-monde-de-football","tag-de","tag-deutschland","tag-equipe-allemagne-football","tag-equipe-cote-divoire-football","tag-eu","tag-europe","tag-football","tag-germany","tag-news","tag-republique-federale-dallemagne"],"share_on_mastodon":{"url":"https:\/\/pubeurope.com\/@fr\/116791345602235225","error":""},"_links":{"self":[{"href":"https:\/\/www.europesays.com\/fr\/wp-json\/wp\/v2\/posts\/1015965","targetHints":{"allow":["GET"]}}],"collection":[{"href":"https:\/\/www.europesays.com\/fr\/wp-json\/wp\/v2\/posts"}],"about":[{"href":"https:\/\/www.europesays.com\/fr\/wp-json\/wp\/v2\/types\/post"}],"author":[{"embeddable":true,"href":"https:\/\/www.europesays.com\/fr\/wp-json\/wp\/v2\/users\/2"}],"replies":[{"embeddable":true,"href":"https:\/\/www.europesays.com\/fr\/wp-json\/wp\/v2\/comments?post=1015965"}],"version-history":[{"count":0,"href":"https:\/\/www.europesays.com\/fr\/wp-json\/wp\/v2\/posts\/1015965\/revisions"}],"wp:featuredmedia":[{"embeddable":true,"href":"https:\/\/www.europesays.com\/fr\/wp-json\/wp\/v2\/media\/1015966"}],"wp:attachment":[{"href":"https:\/\/www.europesays.com\/fr\/wp-json\/wp\/v2\/media?parent=1015965"}],"wp:term":[{"taxonomy":"category","embeddable":true,"href":"https:\/\/www.europesays.com\/fr\/wp-json\/wp\/v2\/categories?post=1015965"},{"taxonomy":"post_tag","embeddable":true,"href":"https:\/\/www.europesays.com\/fr\/wp-json\/wp\/v2\/tags?post=1015965"}],"curies":[{"name":"wp","href":"https:\/\/api.w.org\/{rel}","templated":true}]}}