{"id":10161,"date":"2025-04-08T12:15:13","date_gmt":"2025-04-08T12:15:13","guid":{"rendered":"https:\/\/www.europesays.com\/fr\/10161\/"},"modified":"2025-04-08T12:15:13","modified_gmt":"2025-04-08T12:15:13","slug":"deux-ans-apres-lexplosion-la-lassitude-des-derniers-deloges","status":"publish","type":"post","link":"https:\/\/www.europesays.com\/fr\/10161\/","title":{"rendered":"deux ans apr\u00e8s l&rsquo;explosion, la lassitude des derniers d\u00e9log\u00e9s"},"content":{"rendered":"<p><strong>Deux ans. Dans la nuit du 8 au 9\u00a0avril\u00a02023, deux immeubles de la rue de Tivoli, dans le 5e arrondissement de Marseille, \u00e9taient souffl\u00e9s par une explosion impressionnante due <a href=\"https:\/\/www.laprovence.com\/article\/region\/62192850574835\/effondrements-rue-de-tivoli-la-psychose-du-gaz-va-t-elle-s-emparer-des-marseillais\" target=\"_blank\" rel=\"noopener\">au gaz<\/a>. Au 17 et entre le 15 et le 17 de cette rue, <a href=\"https:\/\/www.laprovence.com\/article\/region\/2876503797068115\/info-la-provence-antoinietta-marion-jacky-ces-8-habitants-du-17-rue-de-tivoli-a-marseille-dont-on-est-sans-nouvelles\" target=\"_blank\" rel=\"noopener\">8 personnes perdaient la vie dans ce drame<\/a>. Quelque 300 habitants de ce quartier du centre-ville ont d\u00fb quitter leur foyer en urgence. Pr\u00e8s de deux ans apr\u00e8s le drame, il y a ceux qui ont pu revenir, ceux qui ont d\u00e9cid\u00e9 de partir, et les autres. \u00c0 l\u2019\u00e9t\u00e9\u00a02024, encore une cinquantaine de personnes \u00e9taient dans l\u2019attente d\u2019un logement p\u00e9renne, selon la Ville.<\/strong><\/p>\n<p>Josette, retrait\u00e9e ayant choisi de garder l\u2019anonymat, vivait depuis plus de 30\u00a0ans dans son appartement du 37, rue Abb\u00e9 de l\u2019\u00c9p\u00e9e. Elle souffre d\u2019un d\u00e9collement de r\u00e9tine depuis \u00ab\u00a0tr\u00e8s jeune\u00a0\u00bb\u00a0: \u00ab\u00a0Aujourd\u2019hui, elle ne voit pratiquement plus rien, mais elle a appris \u00e0 vivre avec, t\u00e9moigne sa fille. Elle connaissait son appartement par c\u0153ur.\u00a0\u00bb Il aura fallu qu\u2019un immeuble explose dans une rue adjacente et endommage le sien pour mettre fin \u00e0 son autonomie. La retrait\u00e9e est imm\u00e9diatement \u00e9vacu\u00e9e en Ehpad apr\u00e8s l\u2019effondrement.<\/p>\n<p>\u00ab\u00a0Ma m\u00e8re est en train de se ruiner, elle a parl\u00e9 d\u2019hypoth\u00e9quer\u2026\u00a0\u00bb<\/p>\n<p>Les travaux de r\u00e9habilitation de son appartement n\u2019ont pas encore commenc\u00e9. \u00ab\u00a0On se bat depuis septembre dernier, assure la fille de Josette. C\u2019est un ping-pong entre l\u2019architecte, l\u2019assureur et le syndic.\u00a0\u00bb Les fen\u00eatres souffl\u00e9es par l\u2019explosion n\u2019ont pas \u00e9t\u00e9 mur\u00e9es, \u00ab\u00a0\u00e7a a ab\u00eem\u00e9 tous les meubles de l\u2019appartement\u00a0\u00bb. Or, \u00ab\u00a0madame est tr\u00e8s maniaque\u00a0\u00bb et ce sont surtout des frais qui s\u2019accumulent.<\/p>\n<p>Jusqu\u2019en janvier\u00a02025, leur compagnie d\u2019assurances, la Maaf, couvrait int\u00e9gralement le co\u00fbt de l\u2019Ehpad. Depuis, une partie des frais reste \u00e0 leur charge. \u00ab\u00a0Ma m\u00e8re est en train de se ruiner. Elle a parl\u00e9 d\u2019hypoth\u00e9quer l\u2019appartement. Ce n\u2019est pas normal qu\u2019on en arrive l\u00e0. Ce qu\u2019elle a construit toute sa vie, elle voulait me le laisser\u00a0\u00bb, regrette sa fille unique.<\/p>\n","protected":false},"excerpt":{"rendered":"Deux ans. Dans la nuit du 8 au 9\u00a0avril\u00a02023, deux immeubles de la rue de Tivoli, dans le&hellip;\n","protected":false},"author":2,"featured_media":10162,"comment_status":"","ping_status":"","sticky":false,"template":"","format":"standard","meta":{"footnotes":""},"categories":[2814],"tags":[17,1111,11,1764,150,4070,1777,674,1011,27,884,12,882,16,25,3640,4965,133],"class_list":{"0":"post-10161","1":"post","2":"type-post","3":"status-publish","4":"format-standard","5":"has-post-thumbnail","7":"category-marseille","8":"tag-17","9":"tag-actu","10":"tag-actualites","11":"tag-ans","12":"tag-apres","13":"tag-deux","14":"tag-eu","15":"tag-europe","16":"tag-fr","17":"tag-france","18":"tag-marseille","19":"tag-news","20":"tag-provence-alpes-cote-dazur","21":"tag-region","22":"tag-republique-francaise","23":"tag-rue","24":"tag-tivoli","25":"tag-video"},"share_on_mastodon":{"url":"https:\/\/pubeurope.com\/@fr\/114302295998293380","error":""},"_links":{"self":[{"href":"https:\/\/www.europesays.com\/fr\/wp-json\/wp\/v2\/posts\/10161","targetHints":{"allow":["GET"]}}],"collection":[{"href":"https:\/\/www.europesays.com\/fr\/wp-json\/wp\/v2\/posts"}],"about":[{"href":"https:\/\/www.europesays.com\/fr\/wp-json\/wp\/v2\/types\/post"}],"author":[{"embeddable":true,"href":"https:\/\/www.europesays.com\/fr\/wp-json\/wp\/v2\/users\/2"}],"replies":[{"embeddable":true,"href":"https:\/\/www.europesays.com\/fr\/wp-json\/wp\/v2\/comments?post=10161"}],"version-history":[{"count":0,"href":"https:\/\/www.europesays.com\/fr\/wp-json\/wp\/v2\/posts\/10161\/revisions"}],"wp:featuredmedia":[{"embeddable":true,"href":"https:\/\/www.europesays.com\/fr\/wp-json\/wp\/v2\/media\/10162"}],"wp:attachment":[{"href":"https:\/\/www.europesays.com\/fr\/wp-json\/wp\/v2\/media?parent=10161"}],"wp:term":[{"taxonomy":"category","embeddable":true,"href":"https:\/\/www.europesays.com\/fr\/wp-json\/wp\/v2\/categories?post=10161"},{"taxonomy":"post_tag","embeddable":true,"href":"https:\/\/www.europesays.com\/fr\/wp-json\/wp\/v2\/tags?post=10161"}],"curies":[{"name":"wp","href":"https:\/\/api.w.org\/{rel}","templated":true}]}}