{"id":101610,"date":"2025-05-15T09:47:08","date_gmt":"2025-05-15T09:47:08","guid":{"rendered":"https:\/\/www.europesays.com\/fr\/101610\/"},"modified":"2025-05-15T09:47:08","modified_gmt":"2025-05-15T09:47:08","slug":"ce-spectacle-raconte-une-quete-amoureuse","status":"publish","type":"post","link":"https:\/\/www.europesays.com\/fr\/101610\/","title":{"rendered":"Ce spectacle raconte une qu\u00eate amoureuse"},"content":{"rendered":"<p>            Par<br \/>\n        <strong><br \/>\n            <a href=\"https:\/\/actu.fr\/auteur\/redaction-toulouse\" title=\"Consulter tous les articles de R\u00e9daction de Toulouse\" rel=\"nofollow noopener\" target=\"_blank\">R\u00e9daction de Toulouse<\/a><br \/>\n        <\/strong><\/p>\n<p>        Publi\u00e9 le<\/p>\n<p>            15 mai 2025 \u00e0 10h31        <\/p>\n<p><strong>Rosa Bursztein<\/strong> est une jeune femme moderne \u2013 elle a \u00e0 peine 35 ans \u2013 qui n\u2019a pas sa langue dans sa poche et qui raconte avec un humour d\u00e9sarmant ses \u00a0\u00bb errances amoureuses \u00ab\u00a0\u2026 et bien d\u2019autres choses encore ! Elle est, surtout, l\u2019une des humoristes les plus talentueuses du moment. Rencontre avant son spectacle \u00e0<a href=\"https:\/\/actu.fr\/toulouse\/dernieres-actus\" rel=\"nofollow noopener\" target=\"_blank\"> Toulouse<\/a> le 16 mai prochain.<\/p>\n<p class=\"ac-article-content__question wall-content\"><strong class=\"color-primary\">Actu : <\/strong>Pourquoi avez-vous intitul\u00e9 ce nouveau spectacle \u00a0\u00bb D\u00e9doubl\u00e9e \u00a0\u00bb ?<\/p>\n<p class=\" wall-content\"><strong class=\"color-primary\">Rosa Bursztein : <\/strong>\u00ab\u00a0Ce spectacle raconte une qu\u00eate amoureuse, depuis le d\u00e9but jusqu&rsquo;aux questions de maternit\u00e9 et tout ce qui va avec : l&rsquo;exp\u00e9rience d&rsquo;une fausse couche. Je parle de toutes ces concessions bien n\u00e9cessaires que l&rsquo;on doit faire, le renoncement \u00e0 un id\u00e9al romantique. Ce sont toutes ces contradictions qui font que l&rsquo;on devient \u00a0\u00bb double \u00ab\u00a0.\u00a0\u00bb<\/p>\n<p class=\"ac-article-content__question wall-content\">Vous interdisez-vous d&rsquo;aborder certains sujets ?<\/p>\n<p class=\" wall-content\"><strong class=\"color-primary\">R.B. : <\/strong>\u00ab\u00a0Il n&rsquo;y a pas de sujets interdits, mais un angle me passionne : celui de l&rsquo;intime. Je parle de passion avec une bonne dose d&rsquo;autod\u00e9rision de ma famille et, surtout, de cette errance amoureuse qui faisait que j&rsquo;\u00e9tais longtemps c\u00e9libataire et que me disais : \u00a0\u00bb Mais est-ce que je suis maudite en amour ? \u00a0\u00bb Cela m&rsquo;a amen\u00e9e \u00e0 me plonger dans l&rsquo;histoire des femmes dans ma famille.\u00a0\u00bb<\/p>\n<blockquote class=\"ac-article-quote wall-content\">\n<p>\u00ab\u00a0Ce spectacle est comme un journal intime en \u00e9volution\u00a0\u00bb<\/p>\n<\/blockquote>\n<p class=\"ac-article-content__question wall-content\">Comment pr\u00e9parez-vous vos spectacles ? Est-ce que vous \u00a0\u00bb testez \u00a0\u00bb vos blagues sur vos proches ?<\/p>\n<p class=\" wall-content\"><strong class=\"color-primary\">R.B. : <\/strong>\u00ab\u00a0Tout \u00e0 fait. Je teste beaucoup en Comedy club, j&rsquo;\u00e9cris des bouts que je tente pour guetter les r\u00e9actions, et pareil en public &#8211; car le rire n&rsquo;est pas le m\u00eame dans un spectacle et en stand-up.<br \/>Ce que j&rsquo;ai remarqu\u00e9 est que plus je suis personnelle, plus je touche \u00e0 l&rsquo;universel. Sinon, oui, mes proches, bien s\u00fbr, et je prends des petits extraits de mes chroniques sur France Inter. Cela m&rsquo;aide beaucoup, car j&rsquo;y aborde avec une logique d&rsquo;\u00e9criture particuli\u00e8re des sujets de soci\u00e9t\u00e9 qui me touchent. Je m&rsquo;efforce de rendre amusantes ou dr\u00f4les des situations qui, \u00e0 la base, sont assez d\u00e9plaisantes.\u00a0\u00bb<\/p>\n<p>Vid\u00e9os : en ce moment sur Actu<\/p>\n<p class=\"ac-article-content__question wall-content\">Cet humour qui invite \u00e0 \u00a0\u00bb rire de peur d&rsquo;avoir \u00e0 en pleurer \u00ab\u00a0, comme disait Gainsbourg ?<\/p>\n<p class=\" wall-content\"><strong class=\"color-primary\">R.B. : <\/strong>\u00ab\u00a0Voil\u00e0 : c&rsquo;est exactement \u00e7a. Ce spectacle, c&rsquo;est comme un journal intime en \u00e9volution.\u00a0\u00bb<\/p>\n<p class=\"ac-article-content__question wall-content\">Etre humoriste, c&rsquo;est savoir observer, \u00e9couter ?<\/p>\n<p class=\" wall-content\"><strong class=\"color-primary\">R.B. : <\/strong>\u00ab\u00a0Oui, cela demande une grande curiosit\u00e9, que j&rsquo;avais d\u00e9j\u00e0 avec mon premier m\u00e9tier, qui \u00e9tait actrice. Je le suis toujours, d&rsquo;ailleurs, et je suis actuellement dans une s\u00e9rie qui passe sur Arte, \u00a0\u00bb Au fond du trou \u00ab\u00a0. \u00catre humoriste, c&rsquo;est rester connect\u00e9e \u00e0 l&rsquo;actualit\u00e9, pour ne jamais me retrouver hors-sol, avec des propos d\u00e9connect\u00e9s ; il faut sortir de sa bulle. On a trop tendance \u00e0 fr\u00e9quenter les m\u00eames sph\u00e8res, rencontrer les m\u00eames personnes.\u00a0\u00bb<\/p>\n<p class=\"ac-article-content__question wall-content\">\u00a0Quand avez-vous compris que vous faisiez rire ?<\/p>\n<p class=\" wall-content\"><strong class=\"color-primary\">R.B. : <\/strong>\u00ab\u00a0J&rsquo;avais huit ans et je faisais du th\u00e9\u00e2tre pour enfants : on me faisait toujours jouer le r\u00f4le du clown\u202f! Cela m&rsquo;a \u00e9mancip\u00e9e, m&rsquo;a fait sortir des jupes de ma m\u00e8re, et c&rsquo;est quelque chose de tr\u00e8s puissant, faire rire les gens. \u00c7a rend accro&#8230;\u00a0\u00bb<\/p>\n<p class=\"ac-article-content__question wall-content\">Qu&rsquo;allez-vous proposer aux Toulousains le 16 mai prochain ?<\/p>\n<p class=\" wall-content\"><strong class=\"color-primary\">R.B. : <\/strong>\u00ab\u00a0J&rsquo;adore Toulouse, je ne dis pas \u00e7a pour vous brosser dans le sens du poil ! J&rsquo;ai toujours trouv\u00e9 le rire toulousain tr\u00e8s chaleureux et enthousiaste, il y a toujours une tr\u00e8s bonne ambiance ! J&rsquo;ai jou\u00e9 \u00e0 la Com\u00e9die de Toulouse, mais jamais \u00e0 la Cabane : j&rsquo;ai donc vraiment h\u00e2te ! J&rsquo;esp\u00e8re apporter du rire, bien s\u00fbr, mais aussi de la curiosit\u00e9, de l&rsquo;\u00e9tonnement, des questionnements, pourquoi pas ? Et finir avec une petite \u00e9motion. Si j&rsquo;arrive \u00e0 faire tout cela, c&rsquo;est un pari gagn\u00e9 !\u00a0\u00bb<\/p>\n<blockquote class=\"ac-article-quote wall-content\">\n<p>\u00ab\u00a0J\u2019ai toujours trouv\u00e9 le rire toulousain tr\u00e8s chaleureux et enthousiaste\u00a0\u00bb<\/p>\n<\/blockquote>\n<p class=\" wall-content\"><b>Propos recueillis par Yves GABAY<\/b><\/p>\n<p>Rosa Bursztein, \u00a0\u00bb D\u00e9doubl\u00e9e \u00ab\u00a0, vendredi 16 mai \u00e0 20h \u00e0 la Cabane, Halle de la Cartoucherie (10 Place de la Charte des Libert\u00e9s Communales). Tarif de 27 \u00e0 30\u20ac. R\u00e9servation <a href=\"https:\/\/halles-cartoucherie.fr\/la-cabane\/\" rel=\"nofollow noopener\" target=\"_blank\">sur le site de la cabane<\/a>.<\/p>\n<p class=\" wall-content\">Suivez toute l\u2019actualit\u00e9 de vos villes et m\u00e9dias favoris en vous inscrivant \u00e0 <a href=\"https:\/\/moncompte.actu.fr\" title=\"D\u00e9couvez Mon Actu\" rel=\"nofollow noopener\" data-trk=\"{&quot;cta&quot;:{&quot;action&quot;:&quot;https:\\\/\\\/moncompte.actu.fr&quot;,&quot;category&quot;:&quot;mon compte&quot;,&quot;from&quot;:&quot;article footer&quot;,&quot;name&quot;:&quot;Mon actu&quot;,&quot;type&quot;:&quot;cta&quot;}}\" target=\"_blank\">Mon Actu<\/a>.<\/p>\n","protected":false},"excerpt":{"rendered":"Par R\u00e9daction de Toulouse Publi\u00e9 le 15 mai 2025 \u00e0 10h31 Rosa Bursztein est une jeune femme moderne&hellip;\n","protected":false},"author":2,"featured_media":101611,"comment_status":"","ping_status":"","sticky":false,"template":"","format":"standard","meta":{"footnotes":""},"categories":[2816],"tags":[1111,11,1777,674,1011,27,1652,12,2680,25,1341,2312],"class_list":{"0":"post-101610","1":"post","2":"type-post","3":"status-publish","4":"format-standard","5":"has-post-thumbnail","7":"category-toulouse","8":"tag-actu","9":"tag-actualites","10":"tag-eu","11":"tag-europe","12":"tag-fr","13":"tag-france","14":"tag-loisirs-culture","15":"tag-news","16":"tag-occitanie","17":"tag-republique-francaise","18":"tag-sortir-a-toulouse","19":"tag-toulouse"},"share_on_mastodon":{"url":"https:\/\/pubeurope.com\/@fr\/114511219568323548","error":""},"_links":{"self":[{"href":"https:\/\/www.europesays.com\/fr\/wp-json\/wp\/v2\/posts\/101610","targetHints":{"allow":["GET"]}}],"collection":[{"href":"https:\/\/www.europesays.com\/fr\/wp-json\/wp\/v2\/posts"}],"about":[{"href":"https:\/\/www.europesays.com\/fr\/wp-json\/wp\/v2\/types\/post"}],"author":[{"embeddable":true,"href":"https:\/\/www.europesays.com\/fr\/wp-json\/wp\/v2\/users\/2"}],"replies":[{"embeddable":true,"href":"https:\/\/www.europesays.com\/fr\/wp-json\/wp\/v2\/comments?post=101610"}],"version-history":[{"count":0,"href":"https:\/\/www.europesays.com\/fr\/wp-json\/wp\/v2\/posts\/101610\/revisions"}],"wp:featuredmedia":[{"embeddable":true,"href":"https:\/\/www.europesays.com\/fr\/wp-json\/wp\/v2\/media\/101611"}],"wp:attachment":[{"href":"https:\/\/www.europesays.com\/fr\/wp-json\/wp\/v2\/media?parent=101610"}],"wp:term":[{"taxonomy":"category","embeddable":true,"href":"https:\/\/www.europesays.com\/fr\/wp-json\/wp\/v2\/categories?post=101610"},{"taxonomy":"post_tag","embeddable":true,"href":"https:\/\/www.europesays.com\/fr\/wp-json\/wp\/v2\/tags?post=101610"}],"curies":[{"name":"wp","href":"https:\/\/api.w.org\/{rel}","templated":true}]}}