{"id":101614,"date":"2025-05-15T09:49:08","date_gmt":"2025-05-15T09:49:08","guid":{"rendered":"https:\/\/www.europesays.com\/fr\/101614\/"},"modified":"2025-05-15T09:49:08","modified_gmt":"2025-05-15T09:49:08","slug":"lille-la-top-chef-sarika-sor-va-proposer-des-diners-en-edition-limitee-dans-un-lieu-secret","status":"publish","type":"post","link":"https:\/\/www.europesays.com\/fr\/101614\/","title":{"rendered":"Lille. La Top Chef Sarika Sor va proposer des d\u00eeners en \u00e9dition limit\u00e9e dans un lieu secret"},"content":{"rendered":"<p>            Par<br \/>\n        <strong><br \/>\n            <a href=\"https:\/\/actu.fr\/auteur\/hervine-mahaud\" title=\"Consulter tous les articles de Hervine Mahaud\" target=\"_blank\" rel=\"noopener\">Hervine Mahaud<\/a><br \/>\n        <\/strong><\/p>\n<p>        Publi\u00e9 le<\/p>\n<p>            15 mai 2025 \u00e0 11h46        <\/p>\n<p>C\u2019est une occasion unique de d\u00e9couvrir la <b>cuisine raffin\u00e9e<\/b> d\u2019une ex candidate de <b>Top Chef<\/b>. Chaque vendredi soir, du 6 juin au 25 juillet 2025, la <b>cheffe Sarika Sor<\/b> vous invite \u00e0 vivre une <b>exp\u00e9rience culinaire unique<\/b> dans le <b>Vieux-Lille<\/b>. Pour cela, il faudra pousser la porte de la maison we are_, <a href=\"https:\/\/actu.fr\/hauts-de-france\/lille_59350\/vieux-lille-ex-candidate-top-chef-createurs-que-cache-ce-sublime-hotel-particulier-rehabilite_62316439.html\" target=\"_blank\" rel=\"noopener\">un club priv\u00e9 install\u00e9 dans un h\u00f4tel particulier du XVIIe si\u00e8cle<\/a> situ\u00e9 place Louise de Bettignies \u00e0 <a href=\"https:\/\/actu.fr\/hauts-de-france\/lille_59350\" target=\"_blank\" rel=\"noopener\">Lille<\/a>. Si vous \u00e9tiez \u00e0 la recherche de votre prochaine escapade <b>gastronomique<\/b>, c\u2019est ici que cela se passe !<\/p>\n<p>Des d\u00eeners en \u00e9dition limit\u00e9e cet \u00e9t\u00e9<\/p>\n<p class=\" wall-content\">Chaque vendredi soir se transformera en une immersion dans l\u2019<b>univers sensible et audacieux<\/b> de la jeune cheffe. Laur\u00e9ate d\u2019Objectif Top Chef et <a href=\"https:\/\/actu.fr\/hauts-de-france\/lille_59350\/on-a-rencontre-sarika-sor-la-candidate-lilloise-de-la-nouvelle-saison-de-top-chef_57676593.html\" target=\"_blank\" rel=\"noopener\">quart de finaliste de Top Chef saison 14<\/a>, Sarika Sor y proposera un menu en constante \u00e9volution, con\u00e7u comme une <b>invitation au voyage et \u00e0 l\u2019\u00e9motion<\/b>.<\/p>\n<p class=\" wall-content\">\u00a0\u00ab\u00a0Ces d\u00eeners sont l\u2019occasion de <b>partager ma cuisine, nourrie par mes origines cambodgiennes<\/b> et enrichie de <b>mes d\u00e9couvertes culinaires<\/b>. J\u2019invite les convives \u00e0 oser des <b>accords inattendus<\/b> et \u00e0 explorer des <b>saveurs franches<\/b>\u00ab\u00a0, annonce Sarika Sor.<\/p>\n<p class=\" wall-content\"><a href=\"https:\/\/www.instagram.com\/p\/DJbfSyQtFm3\/embed\" title=\"Ouvrir le lien sur Instagram\" target=\"_blank\" rel=\"noopener\">Visualiser le contenu sur Instagram<\/a><\/p>\n<p class=\" wall-content\">Des plats signature comme les gyozas de boudin noir et pulled pork \u00e0 la bisque de crevette, la tartine de bulots au beurre blanc de miso ou encore un dessert audacieux ch\u00e8vre-poire-bergamote sont \u00e0 pr\u00e9voir.\u00a0<\/p>\n<p>Un lieu unique pour un moment privil\u00e9gi\u00e9<\/p>\n<p class=\" wall-content\">Ces <b>d\u00eeners<\/b><b> en \u00e9dition limit\u00e9e <\/b>auront lieu dans le <b>cadre raffin\u00e9 et intimiste<\/b> de la maison we are_, un club nouvelle g\u00e9n\u00e9ration d\u00e9di\u00e9 aux cr\u00e9ateurs, entrepreneurs et passionn\u00e9s de culture. Le lieu confidentiel ouvre ainsi exceptionnellement ses portes et son jardin secret pour permettre au public de profiter d\u2019un moment privil\u00e9gi\u00e9.<\/p>\n<p>Vid\u00e9os : en ce moment sur ActuInfos pratiques : tous les vendredis soir du 7 juin au 26 juillet 2025, \u00e0 partir de 19h. \u00c0 la Maison we are_, 22 place Louise de Bettignies \u00e0 Lille. R\u00e9servations obligatoires par mail : <a href=\"https:\/\/actu.fr\/cdn-cgi\/l\/email-protection\" class=\"__cf_email__\" data-cfemail=\"6210071116031710030c164c0e0b0e0e072215070310074c110a\" target=\"_blank\" rel=\"noopener\">[email\u00a0protected]<\/a> ; par t\u00e9l\u00e9phone : 03 53 63 13 33. La carte est renouvel\u00e9e chaque semaine, <a href=\"https:\/\/www.weare.sh\/we-are_-lille\/la-cuisine\/\" target=\"_blank\" rel=\"noopener\">d\u00e9couvrez-la ici<\/a>.<\/p>\n<p class=\" wall-content\">Suivez toute l\u2019actualit\u00e9 de vos villes et m\u00e9dias favoris en vous inscrivant \u00e0 <a href=\"https:\/\/moncompte.actu.fr\" title=\"D\u00e9couvez Mon Actu\" rel=\"nofollow noopener\" data-trk=\"{&quot;cta&quot;:{&quot;action&quot;:&quot;https:\\\/\\\/moncompte.actu.fr&quot;,&quot;category&quot;:&quot;mon compte&quot;,&quot;from&quot;:&quot;article footer&quot;,&quot;name&quot;:&quot;Mon actu&quot;,&quot;type&quot;:&quot;cta&quot;}}\" target=\"_blank\">Mon Actu<\/a>.<\/p>\n<p>                    <script async src=\"\/\/www.instagram.com\/embed.js\"><\/script><\/p>\n","protected":false},"excerpt":{"rendered":"Par Hervine Mahaud Publi\u00e9 le 15 mai 2025 \u00e0 11h46 C\u2019est une occasion unique de d\u00e9couvrir la cuisine&hellip;\n","protected":false},"author":2,"featured_media":101615,"comment_status":"","ping_status":"","sticky":false,"template":"","format":"standard","meta":{"footnotes":""},"categories":[2815],"tags":[1111,11,1777,674,1011,27,811,1307,1652,12,25,1340,492],"class_list":{"0":"post-101614","1":"post","2":"type-post","3":"status-publish","4":"format-standard","5":"has-post-thumbnail","7":"category-lille","8":"tag-actu","9":"tag-actualites","10":"tag-eu","11":"tag-europe","12":"tag-fr","13":"tag-france","14":"tag-hauts-de-france","15":"tag-lille","16":"tag-loisirs-culture","17":"tag-news","18":"tag-republique-francaise","19":"tag-restaurant","20":"tag-top-chef"},"share_on_mastodon":{"url":"https:\/\/pubeurope.com\/@fr\/114511227351928734","error":""},"_links":{"self":[{"href":"https:\/\/www.europesays.com\/fr\/wp-json\/wp\/v2\/posts\/101614","targetHints":{"allow":["GET"]}}],"collection":[{"href":"https:\/\/www.europesays.com\/fr\/wp-json\/wp\/v2\/posts"}],"about":[{"href":"https:\/\/www.europesays.com\/fr\/wp-json\/wp\/v2\/types\/post"}],"author":[{"embeddable":true,"href":"https:\/\/www.europesays.com\/fr\/wp-json\/wp\/v2\/users\/2"}],"replies":[{"embeddable":true,"href":"https:\/\/www.europesays.com\/fr\/wp-json\/wp\/v2\/comments?post=101614"}],"version-history":[{"count":0,"href":"https:\/\/www.europesays.com\/fr\/wp-json\/wp\/v2\/posts\/101614\/revisions"}],"wp:featuredmedia":[{"embeddable":true,"href":"https:\/\/www.europesays.com\/fr\/wp-json\/wp\/v2\/media\/101615"}],"wp:attachment":[{"href":"https:\/\/www.europesays.com\/fr\/wp-json\/wp\/v2\/media?parent=101614"}],"wp:term":[{"taxonomy":"category","embeddable":true,"href":"https:\/\/www.europesays.com\/fr\/wp-json\/wp\/v2\/categories?post=101614"},{"taxonomy":"post_tag","embeddable":true,"href":"https:\/\/www.europesays.com\/fr\/wp-json\/wp\/v2\/tags?post=101614"}],"curies":[{"name":"wp","href":"https:\/\/api.w.org\/{rel}","templated":true}]}}