{"id":101620,"date":"2025-05-15T09:52:09","date_gmt":"2025-05-15T09:52:09","guid":{"rendered":"https:\/\/www.europesays.com\/fr\/101620\/"},"modified":"2025-05-15T09:52:09","modified_gmt":"2025-05-15T09:52:09","slug":"plusieurs-marins-pompiers-agresses-en-intervention-une-plainte-deposee","status":"publish","type":"post","link":"https:\/\/www.europesays.com\/fr\/101620\/","title":{"rendered":"plusieurs marins-pompiers agress\u00e9s en intervention, une plainte d\u00e9pos\u00e9e"},"content":{"rendered":"<p>Des soldats du feu ont \u00e9t\u00e9 agress\u00e9s mercredi alors qu\u2019ils intervenaient pr\u00e8s d\u2019une station de m\u00e9tro des quartiers nord. Le maire de Marseille a condamn\u00e9 avec \u00abfermet\u00e9\u00bb les faits et indiqu\u00e9 qu\u2019un d\u00e9p\u00f4t de plainte avait \u00e9t\u00e9 effectu\u00e9.<\/p>\n<p class=\"fig-paragraph\">Une nouvelle agression de soldats du feu en intervention. Alors qu\u2019ils intervenaient \u00e0 proximit\u00e9 de la station de m\u00e9tro de Frais-Vallon, mercredi, plusieurs militaires du bataillon des\u00a0<a href=\"http:\/\/www.lefigaro.fr\/marseille\/marseille-identifies-trois-marins-pompiers-suspendus-apres-des-chants-racistes-20250128\" data-fig-type=\"NewsFlash\" data-gtm-custom-categorie=\"navigation\" data-gtm-custom-action=\"crossclick\" data-gtm-custom-label=\"Contextuel\" data-gtm-event=\"customEventSPE\" data-fig-domain=\"LEFIGARO\" target=\"_blank\" rel=\"noopener\">marins-pompiers de Marseille<\/a>\u00a0(BMPM) ont \u00e9t\u00e9 menac\u00e9s et pris \u00e0 partie, a appris Le Figaro du bataillon, confirmant une information de\u00a0<a href=\"https:\/\/www.bfmtv.com\/marseille\/marseille-un-marin-pompier-agresse-lors-d-une-intervention-au-frais-vallon-une-plainte-deposee_AN-202505140488.html\" target=\"_blank\" rel=\"nofollow noopener\" data-gtm-custom-categorie=\"navigation\" data-gtm-custom-action=\"crossclick\" data-gtm-custom-label=\"Contextuel\" data-gtm-event=\"customEventSPE\">BFM Marseille<\/a>.<\/p>\n<p class=\"fig-paragraph\">Selon nos confr\u00e8res, un \u00e9quipage de huit militaires tentait de porter assistance \u00e0 un chien qui s\u2019\u00e9tait \u00e9gar\u00e9 sur les voies du m\u00e9tro lorsqu\u2019ils ont \u00e9t\u00e9 menac\u00e9s verbalement et physiquement. Certains d\u2019entre eux ont souffert de contusions, mais leurs jours n\u2019\u00e9taient pas en danger ce jeudi.<\/p>\n<p>Tentative de meurtre en Haute-Savoie<\/p>\n<p class=\"fig-paragraph\">\u00abJe condamne avec fermet\u00e9 l\u2019agression de marins-pompiers de Marseille ce jour, durant une intervention \u00e0 proximit\u00e9 de la station de m\u00e9tro de Frais-Vallon\u00bb, a indiqu\u00e9 le maire de Marseille, Beno\u00eet Payan, sur\u00a0<a href=\"https:\/\/x.com\/BenoitPayan\/status\/1922599413555339471\" target=\"_blank\" rel=\"nofollow noopener\" data-gtm-custom-categorie=\"navigation\" data-gtm-custom-action=\"crossclick\" data-gtm-custom-label=\"Contextuel\" data-gtm-event=\"customEventSPE\">X<\/a>. L\u2019\u00e9dile a indiqu\u00e9 apporter son soutien \u00abtotal\u00bb aux victimes en leur souhaitant \u00able plus prompt r\u00e9tablissement\u00bb tout en pr\u00e9cisant qu\u2019un d\u00e9p\u00f4t de plainte avait \u00e9t\u00e9 effectu\u00e9. \u00abLes auteurs doivent \u00eatre sanctionn\u00e9s avec la plus grande s\u00e9v\u00e9rit\u00e9\u00bb, a-t-il ajout\u00e9.<\/p>\n<p class=\"fig-paragraph\">Le week-end dernier, un sapeur-pompier volontaire d\u2019\u00c9vian-les-Bains (Haute-Savoie) avait \u00e9t\u00e9\u00a0<a href=\"http:\/\/www.lefigaro.fr\/actualite-france\/entre-sideration-et-colere-le-cri-d-alarme-des-pompiers-agresses-et-insultes-lors-de-leurs-interventions-20250513\" data-fig-type=\"Article\" data-gtm-custom-categorie=\"navigation\" data-gtm-custom-action=\"crossclick\" data-gtm-custom-label=\"Contextuel\" data-gtm-event=\"customEventSPE\" data-fig-domain=\"LEFIGARO\" target=\"_blank\" rel=\"noopener\">volontairement percut\u00e9 par un automobiliste<\/a>\u00a0alors qu\u2019un rod\u00e9o urbain se produisait devant sa caserne. Transport\u00e9 \u00e0 l\u2019h\u00f4pital en urgence absolue, il souffrait d\u2019un traumatisme cr\u00e2nien et d\u2019un enfoncement thoracique. Des faits qui ont entra\u00een\u00e9 l\u2019<a href=\"http:\/\/www.lefigaro.fr\/faits-divers\/haute-savoie-ce-que-l-on-sait-du-rodeo-urbain-au-cours-duquel-un-pompier-a-ete-grievement-blesse-20250512\" data-fig-type=\"NewsFlash\" data-gtm-custom-categorie=\"navigation\" data-gtm-custom-action=\"crossclick\" data-gtm-custom-label=\"Contextuel\" data-gtm-event=\"customEventSPE\" data-fig-domain=\"LEFIGARO\" target=\"_blank\" rel=\"noopener\">ouverture d\u2019une enqu\u00eate pour \u00abtentative de meurtre\u00bb<\/a>\u00a0par le parquet de Thonon-les-Bains.<\/p>\n","protected":false},"excerpt":{"rendered":"Des soldats du feu ont \u00e9t\u00e9 agress\u00e9s mercredi alors qu\u2019ils intervenaient pr\u00e8s d\u2019une station de m\u00e9tro des quartiers&hellip;\n","protected":false},"author":2,"featured_media":101621,"comment_status":"","ping_status":"","sticky":false,"template":"","format":"standard","meta":{"footnotes":""},"categories":[2814],"tags":[1111,11,1120,885,1182,1180,1181,1777,674,1011,27,1184,1185,884,12,1177,1176,149,1311,1186,882,25,1178,1183,1179],"class_list":{"0":"post-101620","1":"post","2":"type-post","3":"status-publish","4":"format-standard","5":"has-post-thumbnail","7":"category-marseille","8":"tag-actu","9":"tag-actualites","10":"tag-agression","11":"tag-bouches-du-rhone","12":"tag-calanques","13":"tag-canebiere","14":"tag-cite-phoceenne","15":"tag-eu","16":"tag-europe","17":"tag-fr","18":"tag-france","19":"tag-la-timone","20":"tag-les-baumettes-mediterranee","21":"tag-marseille","22":"tag-news","23":"tag-notre-dame-de-la-garde","24":"tag-olympique-de-marseille","25":"tag-om","26":"tag-pompiers","27":"tag-provence","28":"tag-provence-alpes-cote-dazur","29":"tag-republique-francaise","30":"tag-saint-charles","31":"tag-sormiou","32":"tag-vieux-port"},"share_on_mastodon":{"url":"https:\/\/pubeurope.com\/@fr\/114511239202843172","error":""},"_links":{"self":[{"href":"https:\/\/www.europesays.com\/fr\/wp-json\/wp\/v2\/posts\/101620","targetHints":{"allow":["GET"]}}],"collection":[{"href":"https:\/\/www.europesays.com\/fr\/wp-json\/wp\/v2\/posts"}],"about":[{"href":"https:\/\/www.europesays.com\/fr\/wp-json\/wp\/v2\/types\/post"}],"author":[{"embeddable":true,"href":"https:\/\/www.europesays.com\/fr\/wp-json\/wp\/v2\/users\/2"}],"replies":[{"embeddable":true,"href":"https:\/\/www.europesays.com\/fr\/wp-json\/wp\/v2\/comments?post=101620"}],"version-history":[{"count":0,"href":"https:\/\/www.europesays.com\/fr\/wp-json\/wp\/v2\/posts\/101620\/revisions"}],"wp:featuredmedia":[{"embeddable":true,"href":"https:\/\/www.europesays.com\/fr\/wp-json\/wp\/v2\/media\/101621"}],"wp:attachment":[{"href":"https:\/\/www.europesays.com\/fr\/wp-json\/wp\/v2\/media?parent=101620"}],"wp:term":[{"taxonomy":"category","embeddable":true,"href":"https:\/\/www.europesays.com\/fr\/wp-json\/wp\/v2\/categories?post=101620"},{"taxonomy":"post_tag","embeddable":true,"href":"https:\/\/www.europesays.com\/fr\/wp-json\/wp\/v2\/tags?post=101620"}],"curies":[{"name":"wp","href":"https:\/\/api.w.org\/{rel}","templated":true}]}}