{"id":101622,"date":"2025-05-15T09:53:18","date_gmt":"2025-05-15T09:53:18","guid":{"rendered":"https:\/\/www.europesays.com\/fr\/101622\/"},"modified":"2025-05-15T09:53:18","modified_gmt":"2025-05-15T09:53:18","slug":"la-destruction-du-commerce-lyonnais-analysee-et-vecue-par-jean-sebastien-veilleux","status":"publish","type":"post","link":"https:\/\/www.europesays.com\/fr\/101622\/","title":{"rendered":"La destruction du commerce lyonnais analys\u00e9e et v\u00e9cue par Jean-S\u00e9bastien Veilleux &#8211;"},"content":{"rendered":"<p><strong>Propos recueillis par Morgan Couturier \u2013<\/strong> Repr\u00e9sentant de 6000 commer\u00e7ants ind\u00e9pendants en Auvergne-Rh\u00f4ne-Alpes, le pr\u00e9sident r\u00e9gional de la F\u00e9d\u00e9ration nationale de l\u2019habillement se livre sans filtre sur la situation actuelle du commerce lyonnais. G\u00e9rant des magasins La Canadienne, Jean-S\u00e9bastien Veilleux le sait et le vit, la politique des \u00e9cologistes nuit gravement \u00e0 la sant\u00e9 financi\u00e8re de bon nombre de ses confr\u00e8res. En particulier en Presqu\u2019\u00eele.<\/p>\n<p><strong>Vous \u00eates mont\u00e9 au cr\u00e9neau pour signaler la situation des commerces d\u2019habillement du centre-ville de Lyon. Peut-on chiffrer cette crise en termes de chiffres d\u2019affaires et de fr\u00e9quentation\u00a0? <\/strong><br \/>Ce n\u2019est pas \u00e9vident, parce qu\u2019il y a de vrais \u00e9carts, en fonction des enseignes et en fonction des rues. Je dirais que le sc\u00e9nario le plus positif, c\u2019est du maintien de chiffre d\u2019affaires. On voit ensuite une grosse masse qui est entre -15 et -30% de CA. Globalement et dans la Presqu\u2019\u00eele particuli\u00e8rement, il y a un vrai probl\u00e8me d\u2019affluence la semaine. \u00c0 l\u2019inverse, le samedi, il faut avouer qu\u2019il suffit d\u2019aller en Presqu\u2019\u00eele pour voir qu\u2019effectivement, il y a quand m\u00eame du monde.<\/p>\n<p><img loading=\"lazy\" decoding=\"async\" aria-describedby=\"caption-attachment-159407\" class=\"lazy lazy-hidden size-full wp-image-159407\" data-lazy-type=\"image\" src=\"https:\/\/www.europesays.com\/fr\/wp-content\/uploads\/2025\/05\/Travaux-et-encombrement-rue-Mulet-2-\u00a9-Margaux-Nourry-Lyon-People-1.jpg\" alt=\"\" width=\"900\" height=\"600\"  \/><\/p>\n<p id=\"caption-attachment-159407\" class=\"wp-caption-text\">Rue Mulet, les bennes et containers des travaux dissimulent enti\u00e8rement les fa\u00e7ades des boutiques \u2013 Photo \u00a9 Margaux Nourry \u2013 Lyon People<\/p>\n<p><strong>Dans les m\u00eames proportions qu\u2019avant\u00a0?<\/strong><br \/>Je pense qu\u2019en termes de quantit\u00e9, c\u2019est comparable. En revanche, en termes de profil de visiteurs, ce n\u2019est pas la m\u00eame chose. On a moins d\u2019acheteurs et plus de promeneurs ou de touristes. On a donc moins de personnes qui viennent sp\u00e9cifiquement faire leurs courses en Presqu\u2019\u00eele.<\/p>\n<p><strong>On suppose que les acheteurs encore pr\u00e9sents ne compensent pas la baisse de la fr\u00e9quentation\u00a0?<\/strong><br \/>Non\u00a0! En Presqu\u2019\u00eele, le samedi reste une journ\u00e9e o\u00f9 l\u2019on fait la semaine, \u00e7a c\u2019est s\u00fbr. Par rapport au monde que l\u2019on peut voir, le profil des personnes qui s\u2019y baladent, a chang\u00e9. Il n\u2019est plus du tout le m\u00eame qu\u2019avant. \u00c7a rend la situation complexe\u2026<\/p>\n<p><strong>M\u00eame les commerces historiques, que l\u2019on pensait intouchables, sont menac\u00e9s de fermer. C\u2019est d\u2019autant plus inqui\u00e9tant\u00a0?<\/strong><br \/>Oui, c\u2019est inqui\u00e9tant, parce que le risque, c\u2019est que l\u2019on se dirige vers une Presqu\u2019\u00eele st\u00e9r\u00e9otyp\u00e9e avec des enseignes nationales que tout le monde conna\u00eet et rien d\u2019autre. C\u2019est dommage parce que la richesse d\u2019une ville, c\u2019est quand m\u00eame son commerce ind\u00e9pendant. Si ce n\u2019est que pour avoir des enseignes nationales et dupliquer les centres-villes, \u00e7a n\u2019a pas beaucoup d\u2019int\u00e9r\u00eat.<br \/>C\u2019est dommage de ne pas prendre en compte cette notion de commerces ind\u00e9pendants. Elle aurait pu \u00eatre prise en compte dans tous les projets commerciaux. Mais l\u00e0, ce n\u2019est pas que la mairie actuelle, c\u2019est depuis toujours. On aurait pu r\u00e9server des m\u00e8tres carr\u00e9s sur des projets tels que l\u2019H\u00f4tel Dieu ou Confluence, en disant, on veut une partie d\u00e9di\u00e9e aux ind\u00e9pendants et pas uniquement aux grosses enseignes. Je l\u2019ai propos\u00e9 \u00e0 l\u2019\u00e9poque, mais \u00e7a n\u2019a jamais \u00e9t\u00e9 fait\u00a0!<\/p>\n<p><strong>\u00ab\u00a0Il suffit de discuter avec n\u2019importe quel commer\u00e7ant pour se rendre compte que tout est difficile<\/strong>\u00a0\u00bb<\/p>\n<p><strong>Les \u00e9lus de la Ville de Lyon r\u00e9futent l\u2019id\u00e9e d\u2019un impact n\u00e9gatif des travaux sur l\u2019activit\u00e9 des commer\u00e7ants. Sont-ils dans le d\u00e9ni ?<\/strong><br \/>Je pense qu\u2019ils ne se placent pas sur la m\u00eame \u00e9chelle temporelle. Leur r\u00e9ponse est de dire qu\u2019\u00e0 terme, la ville sera plus attractive et donc plus int\u00e9ressante pour les commer\u00e7ants.<\/p>\n<p><strong>Ce ne serait qu\u2019une mauvaise p\u00e9riode \u00e0 passer\u00a0?<br \/><\/strong>On peut entendre cette position, mais dire aujourd\u2019hui que ce qui se passe en Presqu\u2019\u00eele n\u2019est pas impactant pour le commerce, cela n\u2019est pas possible\u00a0! C\u2019est juste un constat de r\u00e9alit\u00e9. Sans creuser les chiffres d\u2019affaires, il suffit de discuter avec n\u2019importe quel commer\u00e7ant pour se rendre compte que tout est difficile. Apr\u00e8s, est-ce que c\u2019est un mal pour un bien\u00a0? Est-ce que ce sont des \u0153ufs que l\u2019on casse pour faire une belle omelette demain\u00a0? Je ne sais pas r\u00e9pondre \u00e0 cette question.<\/p>\n<p><strong>N\u00e9anmoins, les commer\u00e7ants, comme vous, vont-ils r\u00e9ussir \u00e0 r\u00e9sister jusqu\u2019\u00e0 la fin des travaux\u00a0?<\/strong><br \/>Ce que je regrette, c\u2019est qu\u2019il n\u2019y ait pas d\u2019accompagnement par rapport \u00e0 cela, de la part de la Ville de Lyon. Elle en a les moyens, vu les sommes qui sont en jeu. Il y a des endroits o\u00f9 cela a \u00e9t\u00e9 fait. Dans une ville comme Annemasse, qui est plus petite, mais o\u00f9 il y a de tr\u00e8s gros travaux, des budgets ont \u00e9t\u00e9 mis en place par la Ville et l\u2019agglom\u00e9ration pour accompagner environ un tiers des pertes d\u2019exploitation des commerces qui sont le plus touch\u00e9s par la transformation de la ville. C\u2019est budg\u00e9t\u00e9\u00a0et c\u2019est mis en place\u00a0! Ce n\u2019est qu\u2019une partie, mais c\u2019est d\u00e9j\u00e0 un accompagnement\u00a0!<\/p>\n<p><img loading=\"lazy\" decoding=\"async\" aria-describedby=\"caption-attachment-159401\" class=\"lazy lazy-hidden size-full wp-image-159401\" data-lazy-type=\"image\" src=\"https:\/\/www.europesays.com\/fr\/wp-content\/uploads\/2025\/05\/Travaux-place-Antonin-Gourju-x-place-Bellecour-\u00a9-Margaux-Nourry-Lyon-People-1.jpg\" alt=\"\" width=\"900\" height=\"600\"  \/><\/p>\n<p id=\"caption-attachment-159401\" class=\"wp-caption-text\">Travaux avec suppression d\u2019une voie automobile et de stationnements, place Antonin Gourju x place Bellecour \u2013 Photos \u00a9 Margaux Nourry \u2013 Lyon People<\/p>\n<p><strong>Sur ce point, beaucoup de vos confr\u00e8res r\u00e9clament des d\u00e9dommagements, mais ces demandes ne sont jamais suivies d\u2019effets\u2026<\/strong><br \/>Effectivement\u00a0! Je trouve cela dommage. Le risque, encore une fois, c\u2019est de n\u2019avoir que des multinationales qui vont survivre. On va profond\u00e9ment modifier le tissu commercial de la Presqu\u2019\u00eele et d\u2019autres secteurs, comme l\u2019avenue des Fr\u00e8res Lumi\u00e8re, o\u00f9 c\u2019est tout aussi catastrophique. La ville se transforme. Les modes doux et la v\u00e9g\u00e9talisation, c\u2019est peut-\u00eatre le sens de l\u2019histoire. On a toujours dit que nous \u00e9tions pr\u00eats \u00e0 l\u2019entendre et \u00e0 discuter. On n\u2019est pas aveugle sur ce qui se passe au niveau de l\u2019\u00e9volution climatique, mais \u00e7a ne suffit pas. Il faut aussi se poser la question de l\u2019attractivit\u00e9 d\u2019une ville, du type de commerces que l\u2019on veut et comment on accompagne ces changements-l\u00e0. Et cela, ce n\u2019est pas fait. C\u2019est dommage\u00a0! Le probl\u00e8me principal, ce n\u2019est m\u00eame pas de ne pas arriver \u00e0 des points d\u2019accord sur tout, c\u2019est que la discussion est presque impossible\u00a0!<\/p>\n<p><strong>Alors quel est le probl\u00e8me\u00a0?<br \/><\/strong>Le probl\u00e8me, vous l\u2019avez dit, c\u2019est que le constat de d\u00e9part est de dire que tout cela n\u2019impacte pas n\u00e9gativement le commerce. Une fois que l\u2019on a dit cela\u2026 J\u2019ai entendu des r\u00e9ponses, sur des probl\u00e9matiques que l\u2019on posait \u00e0 la Ville de Lyon, qui \u00e9taient du type\u00a0: \u00ab\u00a0oui, mais Monsieur, il pleut au Groenland\u00a0\u00bb\u00a0! Ce qui est probablement vrai\u00a0! Pour autant, on ne peut pas tout sacrifier, uniquement pour cette raison\u00a0! Il y a une mani\u00e8re de le faire. \u00c7a ne peut pas justifier tout et n\u2019importe quoi\u00a0!<\/p>\n<p><strong>\u00ab On n\u2019est pas oppos\u00e9 \u00e0 des changements, mais on doit y \u00eatre associ\u00e9 \u00bb<\/strong><\/p>\n<p><strong>\u00cates-vous face \u00e0 un mur ou des n\u00e9gociations sont-elles possibles\u00a0?<\/strong><br \/>Pour \u00eatre transparent, je dois avouer que j\u2019ai un peu arr\u00eat\u00e9 de perdre mon temps dans les r\u00e9unions avec la mairie. J\u2019ai l\u2019impression que cela ne sert \u00e0 rien\u00a0! J\u2019ai les infos, j\u2019ai les comptes-rendus, mais il y a une direction qui est donn\u00e9e. On ne comprend pas bien pourquoi quelquefois une moiti\u00e9 de rue est faite en quelques semaines et l\u2019autre moiti\u00e9 en plusieurs mois\u2026 Il y a des choses incompr\u00e9hensibles dans la gestion des travaux\u00a0!<\/p>\n<p><img loading=\"lazy\" decoding=\"async\" aria-describedby=\"caption-attachment-159405\" class=\"lazy lazy-hidden size-full wp-image-159405\" data-lazy-type=\"image\" src=\"https:\/\/www.europesays.com\/fr\/wp-content\/uploads\/2025\/05\/Fermeture-Mac-Doulas-Bags-rue-Gasparin-\u00a9-Margaux-Nourry-Lyon-People-1.jpg\" alt=\"\" width=\"599\" height=\"900\"  \/><\/p>\n<p id=\"caption-attachment-159405\" class=\"wp-caption-text\">Fermeture Mac Doulas Bags \u2013 rue Gasparin \u2013 Photo \u00a9 Margaux Nourry \u2013 Lyon People<\/p>\n<p><strong>Baissez-vous les bras\u00a0?<\/strong><br \/>On est quand m\u00eame combatif. Apr\u00e8s, il y a un peu de lassitude. Je pense qu\u2019il y a un vrai enjeu sur les prochaines municipales. Mon r\u00f4le n\u2019est pas de faire de la politique, mais d\u2019alerter les gens qui vont voter. Apr\u00e8s si c\u2019est le choix de la majorit\u00e9, c\u2019est la d\u00e9mocratie. Je rappelle toutefois aux commer\u00e7ants qu\u2019ils peuvent faire le choix de voter dans Lyon. C\u2019est important\u00a0! Ce seront des voix qui vont compter. L\u2019important, c\u2019est de bien expliquer les enjeux et les cons\u00e9quences que ces votes peuvent avoir. C\u2019est important aussi de faire entendre notre voix dans cette p\u00e9riode cl\u00e9. Ce n\u2019est pas dire absolument que l\u2019on est contre. On \u00e9tait oppos\u00e9 autrefois \u00e0 la transformation des berges du Rh\u00f4ne et la suppression de places de stationnement et aujourd\u2019hui, c\u2019est une vraie r\u00e9ussite. On n\u2019est pas oppos\u00e9 \u00e0 constater des changements, mais on doit collaborer parce que c\u2019est difficile, en cette p\u00e9riode, de se voir imposer un calendrier tr\u00e8s radical\u00a0!<\/p>\n<p><strong>Notez-vous une inqui\u00e9tante augmentation des fermetures de commerce\u00a0?<\/strong><br \/>Dans notre m\u00e9tier comme dans la restauration, il y a \u00e9norm\u00e9ment de personnes qui sont en train d\u2019arr\u00eater ou qui sont dans une position tr\u00e8s compliqu\u00e9e. Nous, par exemple, on sort d\u2019une proc\u00e9dure de sauvegarde. Ce n\u2019est pas uniquement li\u00e9 \u00e0 la politique de la Ville, c\u2019est vrai. Mais celle-ci s\u2019inscrit dans un contexte de fragilit\u00e9. On vient ajouter une coupure de trafic aux entreprises, alors qu\u2019elles en ont besoin.<\/p>\n<p><img loading=\"lazy\" decoding=\"async\" aria-describedby=\"caption-attachment-159402\" class=\"lazy lazy-hidden size-full wp-image-159402\" data-lazy-type=\"image\" src=\"https:\/\/www.europesays.com\/fr\/wp-content\/uploads\/2025\/05\/Liquidation-Aux-Trois-Archers-rue-du-President-Edouard-Herriot-3-\u00a9-Margaux-Nourry-Lyon-People-1.jpg\" alt=\"\" width=\"900\" height=\"600\"  \/><\/p>\n<p id=\"caption-attachment-159402\" class=\"wp-caption-text\">Liquidation Aux Trois Archers \u2013 rue du Pr\u00e9sident Edouard Herriot \u2013 Photos \u00a9 Margaux Nourry \u2013 Lyon People<\/p>\n<p><strong>Peut-on simplement justifier ces difficult\u00e9s\u00a0par des probl\u00e8mes de pouvoir d\u2019achat des Fran\u00e7ais et la concurrence d\u2019internet ?<\/strong><br \/>Il faudrait qu\u2019un maximum de voyants soient au vert pour s\u2019en sortir. \u00c0 notre \u00e9chelle, on peut difficilement jouer sur le contexte politique international et sur la peur qu\u2019il engendre sur les gens. \u00c0 partir de l\u00e0, la donne est simple\u00a0: soit nos politiques locaux prennent en compte ce contexte g\u00e9n\u00e9ral et accompagnent les commer\u00e7ants, soit ils ne le prennent pas en compte en appliquant leur tableau de marche quoi qu\u2019il arrive. Mais dans ce cas-l\u00e0, on ne peut pas dire que ce n\u2019est pas une difficult\u00e9 en plus. La transformation de la ville et la suppression de la voiture dans le centre-ville n\u2019est pas la seule cause de nos difficult\u00e9s \u00e9conomiques, mais c\u2019est un \u00e9l\u00e9ment d\u2019aggravation\u00a0! Tout le monde est impact\u00e9\u00a0!<\/p>\n<p><strong>Les commer\u00e7ants lyonnais que vous repr\u00e9sentez peuvent-ils se satisfaire de la client\u00e8le stricto-lyonnaise\u00a0?<\/strong><br \/>C\u2019est impossible\u00a0! Ou alors il faut revoir le prix des loyers, la taxation locale\u2026 Aujourd\u2019hui, tout est b\u00e2ti sur la base d\u2019une attractivit\u00e9 large et d\u2019une captation d\u2019une client\u00e8le des ext\u00e9rieurs de Lyon, de la r\u00e9gion ou de la Suisse. Si demain, le postulat est de dire que l\u2019on doit consommer dans un p\u00e9rim\u00e8tre de 2 kilom\u00e8tres autour de chez soi, la valeur commerciale de la Presqu\u2019\u00eele ne devient plus la m\u00eame. Et la taxation et les charges ne peuvent plus \u00eatre les m\u00eames. C\u2019est l\u00e0 o\u00f9 il y a un probl\u00e8me\u00a0!<\/p>\n<p><img loading=\"lazy\" decoding=\"async\" aria-describedby=\"caption-attachment-159404\" class=\"lazy lazy-hidden size-full wp-image-159404\" data-lazy-type=\"image\" src=\"https:\/\/www.europesays.com\/fr\/wp-content\/uploads\/2025\/05\/Fermeture-Marionnaud-rue-Emile-Zola-\u00a9-Margaux-Nourry-Lyon-People-1.jpg\" alt=\"\" width=\"900\" height=\"600\"  \/><\/p>\n<p id=\"caption-attachment-159404\" class=\"wp-caption-text\">Fermeture Marionnaud \u2013 rue Emile Zola \u2013 Photo \u00a9 Margaux Nourry \u2013 Lyon People<\/p>\n<p><strong>Aujourd\u2019hui, comment r\u00e9cup\u00e9rer cette client\u00e8le qui s\u2019est tourn\u00e9e vers les ext\u00e9rieurs de Lyon\u00a0?<\/strong><br \/>C\u2019est tr\u00e8s difficile\u00a0! Moi, je le compare \u00e0 ce qui s\u2019est pass\u00e9 \u00e0 Paris o\u00f9 le centre de Paris ne travaille plus avec les gens de la p\u00e9riph\u00e9rie. Paris travaille avec les touristes et ceux qui habitent dans Paris. Ici, c\u2019est en train de devenir la m\u00eame chose. Sur les ext\u00e9rieurs de la ville, on a peut-\u00eatre un peu moins de probl\u00e8mes. Les gens r\u00e9sistent mieux, parce qu\u2019on a moins ce ph\u00e9nom\u00e8ne de saturation que dans le centre de Lyon. Le probl\u00e8me, c\u2019est la volont\u00e9 assum\u00e9e de dire que les gens ne doivent plus circuler en voiture pour consommer. \u00c0 partir de l\u00e0, c\u2019est compliqu\u00e9 d\u2019\u00eatre d\u2019accord sur autre chose. Mais ils ne peuvent pas le faire sans r\u00e9fl\u00e9chir \u00e0 un projet plus global. Sinon, c\u2019est qu\u2019ils acceptent de sacrifier des entreprises et des ind\u00e9pendants. Qu\u2019est-ce que l\u2019on fait des gens qui ont pari\u00e9 sur l\u2019attractivit\u00e9 du centre-ville il y a des dizaines et des dizaines d\u2019ann\u00e9es\u00a0? Il y a une vraie sonnette d\u2019alarme\u00a0!<\/p>\n<p><strong>\u00ab\u00a0Le probl\u00e8me, aujourd\u2019hui, c\u2019est que le dynamisme \u00e9conomique d\u2019une ville est un cercle vicieux et n\u00e9gatif pour la mairie actuelle\u00a0\u00bb<\/strong><\/p>\n<p><strong>Vous avez parl\u00e9 des touristes comme sources de revenus pour les commerces. Cependant, Lyon semble moins briller que par le pass\u00e9\u00a0?<\/strong><br \/>Je regrette que la politique locale soit moins ax\u00e9e sur la valorisation de Lyon et l\u2019attractivit\u00e9 de la ville \u00e0 l\u2019\u00e9tranger. C\u2019est assum\u00e9 l\u00e0 aussi. C\u2019est dommage, parce qu\u2019il y a eu un gros travail qui avait \u00e9t\u00e9 fait. La ville \u00e9tait reconnue internationalement comme une destination touristique de premier choix et aujourd\u2019hui, force est de constater que la direction est moins donn\u00e9e dans ce sens-l\u00e0. La Ville de Lyon ne souhaite plus que notre cit\u00e9 soit un lieu touristique qui g\u00e9n\u00e8re du flux. C\u2019est pourtant ce qui fait vivre une ville et ce qui lui permet d\u2019avoir plus de richesses ou d\u2019avoir de l\u2019emploi. C\u2019est un cercle vertueux et non un cercle vicieux. Le probl\u00e8me, aujourd\u2019hui, c\u2019est qu\u2019on a l\u2019impression que le dynamisme \u00e9conomique d\u2019une ville, le trafic d\u2019une ville est un cercle vicieux et n\u00e9gatif pour la mairie actuelle. \u00c0 partir de l\u00e0, on ne comprend pas comment la ville va s\u2019en sortir \u00e9conomiquement et sur quoi l\u2019attractivit\u00e9 de la ville va reposer une fois que l\u2019on aura fini cette transformation \u00e9cologique. \u00c9conomiquement, \u00e7a ne suffira pas de planter des arbres et de pi\u00e9tonniser la ville !<\/p>\n<p><img loading=\"lazy\" decoding=\"async\" aria-describedby=\"caption-attachment-159403\" class=\"lazy lazy-hidden size-full wp-image-159403\" data-lazy-type=\"image\" src=\"https:\/\/www.europesays.com\/fr\/wp-content\/uploads\/2025\/05\/Fermeture-Oxxo-shop-rue-Thomassin-\u00a9-Margaux-Nourry-Lyon-People-1.jpg\" alt=\"\" width=\"900\" height=\"600\"  \/><\/p>\n<p id=\"caption-attachment-159403\" class=\"wp-caption-text\">Fermeture Oxxo Shop \u2013 angle rue Thomassin-rue Merci\u00e8re \u2013 Photo \u00a9 Margaux Nourry \u2013 Lyon People<\/p>\n<p><strong>Mais vous aurez peut-\u00eatre sauv\u00e9 le Groenland\u00a0!<\/strong><br \/>Peut-\u00eatre\u00a0! Malheureusement, ce sera cher pay\u00e9. Alors c\u2019est peut-\u00eatre le sens de l\u2019histoire, parce que ce qui se passe \u00e0 Lyon se passe aussi \u00e0 Bordeaux, \u00e0 Annecy ou dans d\u2019autres villes. Pour autant, l\u2019addition sera sal\u00e9e si on continue sur ce rythme-l\u00e0\u00a0!<\/p>\n<p><strong>Enfin, quelles sont vos solutions pour sauver ces commerces\u00a0?<\/strong><br \/>Il faut absolument que nos politiques locaux comprennent que l\u2019on n\u2019est pas vent debout contre la transformation qui est op\u00e9r\u00e9e. Elle a du bon aussi. Nous aussi, il ne faut pas que l\u2019on soit arc-bout\u00e9 sur nos positions. L\u2019important, c\u2019est le dialogue et que les gens comprennent que l\u2019on est dans le m\u00eame bateau, avec les m\u00eames int\u00e9r\u00eats pour la ville. J\u2019ai l\u2019impression que les commer\u00e7ants ont plus \u00e9volu\u00e9 sur leur mentalit\u00e9 que les \u00e9lus qui pilotent la ville. Il faudrait un peu plus d\u2019\u00e9coute, de souplesse et d\u2019accompagnement pour arriver \u00e0 am\u00e9liorer les choses.<\/p>\n","protected":false},"excerpt":{"rendered":"Propos recueillis par Morgan Couturier \u2013 Repr\u00e9sentant de 6000 commer\u00e7ants ind\u00e9pendants en Auvergne-Rh\u00f4ne-Alpes, le pr\u00e9sident r\u00e9gional de la&hellip;\n","protected":false},"author":2,"featured_media":101623,"comment_status":"","ping_status":"","sticky":false,"template":"","format":"standard","meta":{"footnotes":""},"categories":[1889],"tags":[4257,1111,11,2430,21734,1777,674,1011,27,21735,2428,12,25],"class_list":{"0":"post-101622","1":"post","2":"type-post","3":"status-publish","4":"format-standard","5":"has-post-thumbnail","7":"category-lyon","8":"tag-0top","9":"tag-actu","10":"tag-actualites","11":"tag-auvergne-rhone-alpes","12":"tag-destruction-du-commerce-lyonnais","13":"tag-eu","14":"tag-europe","15":"tag-fr","16":"tag-france","17":"tag-jean-sebastien-veilleux","18":"tag-lyon","19":"tag-news","20":"tag-republique-francaise"},"share_on_mastodon":{"url":"https:\/\/pubeurope.com\/@fr\/114511243372722838","error":""},"_links":{"self":[{"href":"https:\/\/www.europesays.com\/fr\/wp-json\/wp\/v2\/posts\/101622","targetHints":{"allow":["GET"]}}],"collection":[{"href":"https:\/\/www.europesays.com\/fr\/wp-json\/wp\/v2\/posts"}],"about":[{"href":"https:\/\/www.europesays.com\/fr\/wp-json\/wp\/v2\/types\/post"}],"author":[{"embeddable":true,"href":"https:\/\/www.europesays.com\/fr\/wp-json\/wp\/v2\/users\/2"}],"replies":[{"embeddable":true,"href":"https:\/\/www.europesays.com\/fr\/wp-json\/wp\/v2\/comments?post=101622"}],"version-history":[{"count":0,"href":"https:\/\/www.europesays.com\/fr\/wp-json\/wp\/v2\/posts\/101622\/revisions"}],"wp:featuredmedia":[{"embeddable":true,"href":"https:\/\/www.europesays.com\/fr\/wp-json\/wp\/v2\/media\/101623"}],"wp:attachment":[{"href":"https:\/\/www.europesays.com\/fr\/wp-json\/wp\/v2\/media?parent=101622"}],"wp:term":[{"taxonomy":"category","embeddable":true,"href":"https:\/\/www.europesays.com\/fr\/wp-json\/wp\/v2\/categories?post=101622"},{"taxonomy":"post_tag","embeddable":true,"href":"https:\/\/www.europesays.com\/fr\/wp-json\/wp\/v2\/tags?post=101622"}],"curies":[{"name":"wp","href":"https:\/\/api.w.org\/{rel}","templated":true}]}}