{"id":101624,"date":"2025-05-15T09:54:09","date_gmt":"2025-05-15T09:54:09","guid":{"rendered":"https:\/\/www.europesays.com\/fr\/101624\/"},"modified":"2025-05-15T09:54:09","modified_gmt":"2025-05-15T09:54:09","slug":"pourquoi-le-fils-dalexandre-lacazette-a-refuse-de-serrer-la-main-de-gregory-doucet","status":"publish","type":"post","link":"https:\/\/www.europesays.com\/fr\/101624\/","title":{"rendered":"pourquoi le fils d&rsquo;Alexandre Lacazette a refus\u00e9 de serrer la main de Gr\u00e9gory Doucet"},"content":{"rendered":"<p>Mardi 13 mai, l\u2019Olympique Lyonnais a c\u00e9l\u00e9br\u00e9 ses h\u00e9ros olympiques \u00e0 l\u2019h\u00f4tel de Pr\u00e9fecture de Lyon.<\/p>\n<p><a href=\"https:\/\/www.leprogres.fr\/p\/alexandre-lacazette\" target=\"_blank\" rel=\"noopener\">Alexandre Lacazette<\/a> et <a href=\"https:\/\/www.leprogres.fr\/p\/rayan-cherki\" target=\"_blank\" rel=\"noopener\">Rayan Cherki<\/a> <a href=\"https:\/\/www.leprogres.fr\/sport\/2025\/05\/13\/jo-2024-cherki-et-lacazette-chevaliers-dans-l-ordre-national-du-merite\" target=\"_blank\" rel=\"noopener\">ont \u00e9t\u00e9 faits Chevaliers de l\u2019ordre national du m\u00e9rite<\/a> pour leur m\u00e9daille d\u2019argent aux Jeux olympiques de Paris 2024, en pr\u00e9sence de leur entra\u00eeneur <a href=\"https:\/\/www.leprogres.fr\/p\/paulo-fonseca\" target=\"_blank\" rel=\"noopener\">Paulo Fonseca<\/a> et de leur co\u00e9quipier <a href=\"https:\/\/www.leprogres.fr\/p\/corentin-tolisso\" target=\"_blank\" rel=\"noopener\">Corentin Tolisso<\/a>, d\u00e9j\u00e0 honor\u00e9 de la L\u00e9gion d\u2019honneur. Malgr\u00e9 les difficult\u00e9s r\u00e9centes du club, l\u2019ambiance \u00e9tait \u00e0 la l\u00e9g\u00e8ret\u00e9.<\/p>\n<p>Le \u201ccostume vert\u201d au c\u0153ur de la blague<\/p>\n<p>La c\u00e9r\u00e9monie a offert une s\u00e9quence inattendue, largement partag\u00e9e sur les r\u00e9seaux sociaux de l\u2019OL. Alors que <a href=\"https:\/\/www.leprogres.fr\/p\/gregory-doucet\" target=\"_blank\" rel=\"noopener\">Gr\u00e9gory Doucet<\/a>, maire de Lyon, tendait la main au jeune fils d\u2019Alexandre Lacazette, l\u2019enfant a esquiv\u00e9 le geste, sous les regards amus\u00e9s de l\u2019assembl\u00e9e.<\/p>\n<p>\u00ab\u00a0Ils sont timides\u00a0?\u00a0\u00bb, s\u2019est interrog\u00e9 le maire. Lacazette, sourire en coin, a alors lanc\u00e9 : \u00ab\u00a0Je crois que c\u2019est le costume vert.\u00a0\u00bb<\/p>\n<p>Ce contenu est bloqu\u00e9 car vous n&rsquo;avez pas accept\u00e9 les cookies et autres traceurs.<\/p>\n<p>En cliquant sur \u00ab J\u2019accepte \u00bb, les cookies et autres traceurs seront d\u00e9pos\u00e9s et vous pourrez visualiser les contenus  (<a href=\"\" class=\"consentModule_policy\" target=\"_blank\" title=\"Consulter la politique de protection des donn\u00e9es du fournisseur\">plus d&rsquo;informations<\/a>).<\/p>\n<p>En cliquant sur \u00ab J\u2019accepte tous les cookies \u00bb, vous autorisez des d\u00e9p\u00f4ts de cookies et autres traceurs pour le stockage de vos donn\u00e9es sur nos sites et applications \u00e0 des fins de personnalisation et de ciblage publicitaire.<\/p>\n<p class=\"consentModule_secondaryText\">Vous gardez la possibilit\u00e9 de retirer votre consentement \u00e0 tout moment en consultant notre <a href=\"https:\/\/www.leprogres.fr\/protection-des-donnees\" target=\"_blank\" title=\"Consulter notre politique de protection des donn\u00e9es\" rel=\"noopener\">politique de protection des donn\u00e9es<\/a>. <br \/>&#13;<br \/>\n            <a href=\"https:\/\/www.leprogres.fr\/sport\/2025\/05\/15\/javascript:Didomi.notice.show()\" class=\"consentModule_cmp\" target=\"_blank\" rel=\"noopener\">G\u00e9rer mes choix<\/a>&#13;\n        <\/p>\n<p>&#13;<br \/>\n                        J&rsquo;accepte&#13;<br \/>\n            J&rsquo;accepte tous les cookies&#13;\n        <\/p>\n<p>Une allusion piquante, la couleur verte \u00e9tant \u00e0 la fois celle du parti \u00e9cologiste de l\u2019\u00e9dile et celle du rival historique, l\u2019AS Saint-\u00c9tienne. \u00ab\u00a0Oh non, \u00e7a n\u2019a rien \u00e0 voir\u00a0!\u00a0\u00bb, a r\u00e9pliqu\u00e9 le maire, dans un \u00e9change bon enfant.<\/p>\n<p>Les surnoms fusent<\/p>\n<p>Apr\u00e8s la remise des distinctions, les joueurs ont laiss\u00e9 parler leur humour. Lacazette, surnomm\u00e9 \u00ab\u00a0le G\u00e9n\u00e9ral\u00a0\u00bb, a plaisant\u00e9 : \u00ab\u00a0Non, non, G\u00e9n\u00e9ral, on ne change rien. G\u00e9n\u00e9ral Chevalier\u00a0!\u00a0\u00bb<\/p>\n<p>Rayan Cherki, lui, a opt\u00e9 pour un nouveau titre : \u00ab\u00a0\u00c0 partir de maintenant, appelez-moi le Roi Arthur\u2026 ou Messire.\u00a0<\/p>\n","protected":false},"excerpt":{"rendered":"Mardi 13 mai, l\u2019Olympique Lyonnais a c\u00e9l\u00e9br\u00e9 ses h\u00e9ros olympiques \u00e0 l\u2019h\u00f4tel de Pr\u00e9fecture de Lyon. Alexandre Lacazette&hellip;\n","protected":false},"author":2,"featured_media":101625,"comment_status":"","ping_status":"","sticky":false,"template":"","format":"standard","meta":{"footnotes":""},"categories":[1889],"tags":[1111,11,2430,2757,1777,674,63,1011,27,1757,3539,3367,2428,12,2755,316,25,2429],"class_list":{"0":"post-101624","1":"post","2":"type-post","3":"status-publish","4":"format-standard","5":"has-post-thumbnail","7":"category-lyon","8":"tag-actu","9":"tag-actualites","10":"tag-auvergne-rhone-alpes","11":"tag-edition-lyon-villeurbanne","12":"tag-eu","13":"tag-europe","14":"tag-football","15":"tag-fr","16":"tag-france","17":"tag-insolite","18":"tag-les-ecologistes","19":"tag-loire","20":"tag-lyon","21":"tag-news","22":"tag-ol-olympique-lyonnais-football","23":"tag-politique","24":"tag-republique-francaise","25":"tag-rhone"},"share_on_mastodon":{"url":"https:\/\/pubeurope.com\/@fr\/114511247279860482","error":""},"_links":{"self":[{"href":"https:\/\/www.europesays.com\/fr\/wp-json\/wp\/v2\/posts\/101624","targetHints":{"allow":["GET"]}}],"collection":[{"href":"https:\/\/www.europesays.com\/fr\/wp-json\/wp\/v2\/posts"}],"about":[{"href":"https:\/\/www.europesays.com\/fr\/wp-json\/wp\/v2\/types\/post"}],"author":[{"embeddable":true,"href":"https:\/\/www.europesays.com\/fr\/wp-json\/wp\/v2\/users\/2"}],"replies":[{"embeddable":true,"href":"https:\/\/www.europesays.com\/fr\/wp-json\/wp\/v2\/comments?post=101624"}],"version-history":[{"count":0,"href":"https:\/\/www.europesays.com\/fr\/wp-json\/wp\/v2\/posts\/101624\/revisions"}],"wp:featuredmedia":[{"embeddable":true,"href":"https:\/\/www.europesays.com\/fr\/wp-json\/wp\/v2\/media\/101625"}],"wp:attachment":[{"href":"https:\/\/www.europesays.com\/fr\/wp-json\/wp\/v2\/media?parent=101624"}],"wp:term":[{"taxonomy":"category","embeddable":true,"href":"https:\/\/www.europesays.com\/fr\/wp-json\/wp\/v2\/categories?post=101624"},{"taxonomy":"post_tag","embeddable":true,"href":"https:\/\/www.europesays.com\/fr\/wp-json\/wp\/v2\/tags?post=101624"}],"curies":[{"name":"wp","href":"https:\/\/api.w.org\/{rel}","templated":true}]}}