{"id":101628,"date":"2025-05-15T09:56:08","date_gmt":"2025-05-15T09:56:08","guid":{"rendered":"https:\/\/www.europesays.com\/fr\/101628\/"},"modified":"2025-05-15T09:56:08","modified_gmt":"2025-05-15T09:56:08","slug":"gravement-accidente-il-dirige-harmonie-mutuelle-en-ile-de-france-il-y-a-un-chemin-des-possibles","status":"publish","type":"post","link":"https:\/\/www.europesays.com\/fr\/101628\/","title":{"rendered":"Gravement accident\u00e9, il dirige Harmonie Mutuelle en \u00cele-de-France\u00a0: \u00ab\u00a0Il y a un chemin des possibles\u00a0\u00bb"},"content":{"rendered":"<p class=\"paragraph text_align_left\">Un battant, un combattant m\u00eame. Mounir Benchanaa, 37 ans, est un exemple de r\u00e9silience. L\u2018enfant du quartier de l\u2019Europe, \u00e0 Tours (Indre-et-Loire), a travers\u00e9 ces derni\u00e8res ann\u00e9es des \u00e9preuves traumatisantes. Beaucoup se seraient effondr\u00e9s. Lui, malgr\u00e9 la perte d\u2019une partie de sa jambe droite apr\u00e8s un terrible accident de scooter survenu le 15 avril 2022, alors qu\u2019il rentrait chez lui, rel\u00e8ve d\u00e9fi apr\u00e8s d\u00e9fi. Non seulement il est devenu directeur r\u00e9gional \u00cele-de-France chez Harmonie Mutuelle, mais il a d\u00e9sormais en ligne de mire les <a href=\"https:\/\/www.leparisien.fr\/economie\/emploi\/emploi-et-handicap-jespere-que-les-jeux-paralympiques-vont-changer-les-regards-03-09-2024-LURAXJSHPRFBZAJOGBHZIFUGEI.php\" target=\"_blank\" rel=\"noopener\">Jeux paralympiques<\/a> de Los Angeles, en 2028.<\/p>\n<p class=\"paragraph text_align_left\">Petit retour en arri\u00e8re. Apr\u00e8s avoir fini dans un champ \u00e0 une dizaine de kilom\u00e8tres de chez lui apr\u00e8s une journ\u00e9e de travail, il se r\u00e9veille avec une fracture ouverte de la jambe droite (cheville et talon). Une premi\u00e8re op\u00e9ration tente \u00ab de revisser tout \u00e7a pour que je puisse garder mon pied \u00bb, se rem\u00e9more-t-il. Deux semaines plus tard, l\u2019\u00e9volution n\u2019est pas positive, la d\u00e9cision de devoir amputer est prise.<\/p>\n","protected":false},"excerpt":{"rendered":"Un battant, un combattant m\u00eame. Mounir Benchanaa, 37 ans, est un exemple de r\u00e9silience. L\u2018enfant du quartier de&hellip;\n","protected":false},"author":2,"featured_media":101629,"comment_status":"","ping_status":"","sticky":false,"template":"","format":"standard","meta":{"footnotes":""},"categories":[1592],"tags":[1111,11,1777,674,1011,27,662,12,626,25,21736],"class_list":{"0":"post-101628","1":"post","2":"type-post","3":"status-publish","4":"format-standard","5":"has-post-thumbnail","7":"category-ile-de-france","8":"tag-actu","9":"tag-actualites","10":"tag-eu","11":"tag-europe","12":"tag-fr","13":"tag-france","14":"tag-ile-de-france","15":"tag-news","16":"tag-paris","17":"tag-republique-francaise","18":"tag-vie-de-bureau"},"share_on_mastodon":{"url":"https:\/\/pubeurope.com\/@fr\/114511254901399775","error":""},"_links":{"self":[{"href":"https:\/\/www.europesays.com\/fr\/wp-json\/wp\/v2\/posts\/101628","targetHints":{"allow":["GET"]}}],"collection":[{"href":"https:\/\/www.europesays.com\/fr\/wp-json\/wp\/v2\/posts"}],"about":[{"href":"https:\/\/www.europesays.com\/fr\/wp-json\/wp\/v2\/types\/post"}],"author":[{"embeddable":true,"href":"https:\/\/www.europesays.com\/fr\/wp-json\/wp\/v2\/users\/2"}],"replies":[{"embeddable":true,"href":"https:\/\/www.europesays.com\/fr\/wp-json\/wp\/v2\/comments?post=101628"}],"version-history":[{"count":0,"href":"https:\/\/www.europesays.com\/fr\/wp-json\/wp\/v2\/posts\/101628\/revisions"}],"wp:featuredmedia":[{"embeddable":true,"href":"https:\/\/www.europesays.com\/fr\/wp-json\/wp\/v2\/media\/101629"}],"wp:attachment":[{"href":"https:\/\/www.europesays.com\/fr\/wp-json\/wp\/v2\/media?parent=101628"}],"wp:term":[{"taxonomy":"category","embeddable":true,"href":"https:\/\/www.europesays.com\/fr\/wp-json\/wp\/v2\/categories?post=101628"},{"taxonomy":"post_tag","embeddable":true,"href":"https:\/\/www.europesays.com\/fr\/wp-json\/wp\/v2\/tags?post=101628"}],"curies":[{"name":"wp","href":"https:\/\/api.w.org\/{rel}","templated":true}]}}