{"id":101630,"date":"2025-05-15T09:57:11","date_gmt":"2025-05-15T09:57:11","guid":{"rendered":"https:\/\/www.europesays.com\/fr\/101630\/"},"modified":"2025-05-15T09:57:11","modified_gmt":"2025-05-15T09:57:11","slug":"la-bourse-de-paris-prudente-evolue-dans-le-rouge-actualites","status":"publish","type":"post","link":"https:\/\/www.europesays.com\/fr\/101630\/","title":{"rendered":"La Bourse de Paris, prudente, \u00e9volue dans le rouge : Actualit\u00e9s"},"content":{"rendered":"<p class=\"lead \">La Bourse de Paris est en l\u00e9g\u00e8re baisse jeudi, accusant le contrecoup de l&rsquo;optimisme du d\u00e9but de semaine li\u00e9 aux annonces dessinant une accalmie dans de la guerre commerciale de Donald Trump. <\/p>\n<p class=\"lead \">L&rsquo;indice vedette de la place parisienne, le CAC 40, perdait 0,40% vers 10H50 heure de Paris. Mercredi, le CAC 40 a termin\u00e9 en baisse de 0,47%, \u00e0 7.836,79 points, soit un recul de 37,04 points.<\/p>\n<p class=\"lead \">\u00ab\u00a0L&rsquo;enthousiasme autour de la d\u00e9tente commerciale retomb(e) quelque peu\u00a0\u00bb, observe Franklin Pichard, directeur de la recherche chez Kiplink.<\/p>\n<p class=\"lead \">Une succession d&rsquo;accords commerciaux entre les Etats-Unis et ses partenaires d&rsquo;\u00e9changes, avec en premier lieu l&rsquo;annonce lundi de la r\u00e9duction des surtaxes douani\u00e8res qu&rsquo;Etats-Unis et Chine s&rsquo;imposent mutuellement, avaient relanc\u00e9 l&rsquo;optimisme sur les march\u00e9s. <\/p>\n<p class=\"lead \">Mais \u00ab\u00a0l&rsquo;app\u00e9tit pour l&rsquo;optimisme commercial commence \u00e0 montrer des signes d&rsquo;\u00e9puisement\u00a0\u00bb, rel\u00e8ve Ipek Ozkardeskaya, analyste chez Swissquote Bank.<\/p>\n<p class=\"lead \">Dans la lign\u00e9e de la s\u00e9ance de la veille, morose, le soulagement des investisseurs a laiss\u00e9 place \u00e0 la prudence. <\/p>\n<p class=\"lead \">Et il existe une crainte \u00ab\u00a0que les prix des actions n&rsquo;aient trop augment\u00e9, ce qui les rendrait vuln\u00e9rables \u00e0 des changements soudains\u00a0\u00bb, commente Patrick Munnelly, analyste chez Tickmill Group.<\/p>\n<p class=\"lead \">\u00ab\u00a0Des prises de b\u00e9n\u00e9fice apr\u00e8s de tr\u00e8s bonnes s\u00e9ances sont in\u00e9vitables\u00a0\u00bb, abonde Christopher Dembik conseiller en strat\u00e9gie d&rsquo;investissement chez Pictet AM. <\/p>\n<p class=\"lead \">Ubisoft d\u00e9gringole<\/p>\n<p class=\"lead \">Le g\u00e9ant du secteur enregistre une perte nette de 159 millions d&rsquo;euros, plomb\u00e9 par le lancement en demi-teinte de \u00ab\u00a0Star Wars Outlaws\u00a0\u00bb l&rsquo;\u00e9t\u00e9 dernier et l&rsquo;arr\u00eat pr\u00e9matur\u00e9 de son jeu de tir en ligne \u00ab\u00a0XDefiant\u00a0\u00bb, selon ses r\u00e9sultats annonc\u00e9s mercredi soir.<\/p>\n<p class=\"lead \">Des donn\u00e9es mal accueillies par les investisseurs : le titre de l&rsquo;\u00e9diteur fran\u00e7ais de jeux vid\u00e9o Ubisoft d\u00e9crochait de 19,79% \u00e0 9,34 euros vers 10H00. L&rsquo;action valait plus de 23 euros il y a un an. <\/p>\n<p class=\"lead \">Sanofi s&rsquo;exporte<\/p>\n<p class=\"lead \">Le g\u00e9ant pharmaceutique Sanofi (+0,61%), dont la moiti\u00e9 des ventes sont am\u00e9ricaines, a annonc\u00e9 mercredi son intention d'\u00a0\u00bbinvestir au moins 20 milliards de dollars aux Etats-Unis d&rsquo;ici 2030&Prime;, embo\u00eetant le pas \u00e0 d&rsquo;autres laboratoires qui ont d\u00e9j\u00e0 pris la m\u00eame initiative pour se pr\u00e9munir d&rsquo;\u00e9ventuels droits de douane.<\/p>\n<p class=\"lead \"><a href=\"https:\/\/www.euronext.com\/fr\/products\/indices\/FR0003500008-XPAR\" target=\"_blank\" rel=\"noopener\">Euronext CAC40<\/a><\/p>\n<p class=\"small font-weight-bold text-gray3 \"> publi\u00e9 le 15 mai \u00e0 10h16, AFP<\/p>\n<p>                             Partager<\/p>\n","protected":false},"excerpt":{"rendered":"La Bourse de Paris est en l\u00e9g\u00e8re baisse jeudi, accusant le contrecoup de l&rsquo;optimisme du d\u00e9but de semaine&hellip;\n","protected":false},"author":2,"featured_media":101631,"comment_status":"","ping_status":"","sticky":false,"template":"","format":"standard","meta":{"footnotes":""},"categories":[1888],"tags":[1111,1928,11,1927,340,1777,674,1011,27,6205,12,1926,626,1925,25],"class_list":{"0":"post-101630","1":"post","2":"type-post","3":"status-publish","4":"format-standard","5":"has-post-thumbnail","7":"category-paris","8":"tag-actu","9":"tag-actu-paris","10":"tag-actualites","11":"tag-actualites-paris","12":"tag-bourse","13":"tag-eu","14":"tag-europe","15":"tag-fr","16":"tag-france","17":"tag-marchs","18":"tag-news","19":"tag-news-paris","20":"tag-paris","21":"tag-paris-news","22":"tag-republique-francaise"},"share_on_mastodon":{"url":"https:\/\/pubeurope.com\/@fr\/114511258797804756","error":""},"_links":{"self":[{"href":"https:\/\/www.europesays.com\/fr\/wp-json\/wp\/v2\/posts\/101630","targetHints":{"allow":["GET"]}}],"collection":[{"href":"https:\/\/www.europesays.com\/fr\/wp-json\/wp\/v2\/posts"}],"about":[{"href":"https:\/\/www.europesays.com\/fr\/wp-json\/wp\/v2\/types\/post"}],"author":[{"embeddable":true,"href":"https:\/\/www.europesays.com\/fr\/wp-json\/wp\/v2\/users\/2"}],"replies":[{"embeddable":true,"href":"https:\/\/www.europesays.com\/fr\/wp-json\/wp\/v2\/comments?post=101630"}],"version-history":[{"count":0,"href":"https:\/\/www.europesays.com\/fr\/wp-json\/wp\/v2\/posts\/101630\/revisions"}],"wp:featuredmedia":[{"embeddable":true,"href":"https:\/\/www.europesays.com\/fr\/wp-json\/wp\/v2\/media\/101631"}],"wp:attachment":[{"href":"https:\/\/www.europesays.com\/fr\/wp-json\/wp\/v2\/media?parent=101630"}],"wp:term":[{"taxonomy":"category","embeddable":true,"href":"https:\/\/www.europesays.com\/fr\/wp-json\/wp\/v2\/categories?post=101630"},{"taxonomy":"post_tag","embeddable":true,"href":"https:\/\/www.europesays.com\/fr\/wp-json\/wp\/v2\/tags?post=101630"}],"curies":[{"name":"wp","href":"https:\/\/api.w.org\/{rel}","templated":true}]}}