{"id":101648,"date":"2025-05-15T10:06:12","date_gmt":"2025-05-15T10:06:12","guid":{"rendered":"https:\/\/www.europesays.com\/fr\/101648\/"},"modified":"2025-05-15T10:06:12","modified_gmt":"2025-05-15T10:06:12","slug":"apres-barcelone-en-2024-la-coupe-de-lamerica-aura-lieu-a-naples-en-2027","status":"publish","type":"post","link":"https:\/\/www.europesays.com\/fr\/101648\/","title":{"rendered":"Apr\u00e8s Barcelone en 2024, la Coupe de l\u2019America aura lieu \u00e0 Naples en 2027"},"content":{"rendered":"<p>La prochaine \u00e9dition de la Coupe de l\u2019America, la comp\u00e9tition de voile la plus c\u00e9l\u00e8bre au monde, se d\u00e9roulera en 2027 \u00e0 Naples, ont annonc\u00e9 jeudi l\u2019organisation et la cheffe du gouvernement italien Giorgia Meloni. \u00ab\u00a0Je suis fi\u00e8re d\u2019annoncer que la Coupe de l\u2019America sera disput\u00e9e pour la premi\u00e8re fois de l\u2019histoire en Italie. Naples sera la ville qui accueillera en 2027 la 38e \u00e9dition du d\u00e9fi de voile le plus c\u00e9l\u00e8bre et prestigieux au monde\u00a0\u00bb, a d\u00e9clar\u00e9 Mme Meloni dans un communiqu\u00e9. La 37e \u00e9dition s\u2019\u00e9tait d\u00e9roul\u00e9e en 2024, \u00e0 Barcelone (Espagne), et avait vu<a href=\"https:\/\/www.letelegramme.fr\/sports\/voile\/coupe-de-lamerica-le-team-neo-zelandais-et-peter-burling-cest-fini-6796660.php\" title=\"www.letelegramme.fr\" rel=\"nofollow noopener\" target=\"_blank\"> la victoire du team n\u00e9o-z\u00e9landais.<\/a><\/p>\n<p>L\u2019organisation de la prochaine reine des r\u00e9gates traversait depuis plusieurs semaines une zone de turbulence, les challengers potentiels et le tenant du titre, le Team New Zealand (TNZ), ne r\u00e9ussissant pas \u00e0 se mettre d\u2019accord sur cette 38e \u00e9dition du plus vieux troph\u00e9e sportif du monde, auquel <a href=\"https:\/\/www.letelegramme.fr\/sports\/voile\/coupe-de-lamerica-les-anglais-dineos-britannia-ne-participeront-pas-a-la-38e-edition-6805412.php\" title=\"www.letelegramme.fr\" rel=\"nofollow noopener\" target=\"_blank\">les Anglais d\u2019Ineos Britannia ne participeront pas.<\/a><\/p>\n","protected":false},"excerpt":{"rendered":"La prochaine \u00e9dition de la Coupe de l\u2019America, la comp\u00e9tition de voile la plus c\u00e9l\u00e8bre au monde, se&hellip;\n","protected":false},"author":2,"featured_media":101649,"comment_status":"","ping_status":"","sticky":false,"template":"","format":"standard","meta":{"footnotes":""},"categories":[1586],"tags":[11,21737,3166,1777,674,1011,27,12,25,60,10887],"class_list":{"0":"post-101648","1":"post","2":"type-post","3":"status-publish","4":"format-standard","5":"has-post-thumbnail","7":"category-europe","8":"tag-actualites","9":"tag-coupe-de-lamerica","10":"tag-en-continu-sports","11":"tag-eu","12":"tag-europe","13":"tag-fr","14":"tag-france","15":"tag-news","16":"tag-republique-francaise","17":"tag-sports","18":"tag-voile"},"share_on_mastodon":{"url":"https:\/\/pubeurope.com\/@fr\/114511294230512916","error":""},"_links":{"self":[{"href":"https:\/\/www.europesays.com\/fr\/wp-json\/wp\/v2\/posts\/101648","targetHints":{"allow":["GET"]}}],"collection":[{"href":"https:\/\/www.europesays.com\/fr\/wp-json\/wp\/v2\/posts"}],"about":[{"href":"https:\/\/www.europesays.com\/fr\/wp-json\/wp\/v2\/types\/post"}],"author":[{"embeddable":true,"href":"https:\/\/www.europesays.com\/fr\/wp-json\/wp\/v2\/users\/2"}],"replies":[{"embeddable":true,"href":"https:\/\/www.europesays.com\/fr\/wp-json\/wp\/v2\/comments?post=101648"}],"version-history":[{"count":0,"href":"https:\/\/www.europesays.com\/fr\/wp-json\/wp\/v2\/posts\/101648\/revisions"}],"wp:featuredmedia":[{"embeddable":true,"href":"https:\/\/www.europesays.com\/fr\/wp-json\/wp\/v2\/media\/101649"}],"wp:attachment":[{"href":"https:\/\/www.europesays.com\/fr\/wp-json\/wp\/v2\/media?parent=101648"}],"wp:term":[{"taxonomy":"category","embeddable":true,"href":"https:\/\/www.europesays.com\/fr\/wp-json\/wp\/v2\/categories?post=101648"},{"taxonomy":"post_tag","embeddable":true,"href":"https:\/\/www.europesays.com\/fr\/wp-json\/wp\/v2\/tags?post=101648"}],"curies":[{"name":"wp","href":"https:\/\/api.w.org\/{rel}","templated":true}]}}