{"id":101654,"date":"2025-05-15T10:09:09","date_gmt":"2025-05-15T10:09:09","guid":{"rendered":"https:\/\/www.europesays.com\/fr\/101654\/"},"modified":"2025-05-15T10:09:09","modified_gmt":"2025-05-15T10:09:09","slug":"francois-bayrou-auditionne-a-lassemblee-apres-trois-mois-de-mensonges-cinq-heures-de-deni-mediapart","status":"publish","type":"post","link":"https:\/\/www.europesays.com\/fr\/101654\/","title":{"rendered":"Fran\u00e7ois Bayrou auditionn\u00e9 \u00e0 l\u2019Assembl\u00e9e : apr\u00e8s trois mois de mensonges, cinq heures de d\u00e9ni &#8211; Mediapart"},"content":{"rendered":"<ol>\n<li><a href=\"https:\/\/news.google.com\/rss\/articles\/CBMi0AFBVV95cUxNNUU2QW9ocjlmbDFXQVByOU9waFFVMUZueExZbWV2RmFRSDBSUDhYOTJFOXBIZERTZ2ZEVk9ScHgwWFU4ZXM4d3dvclNzMTFKcU1rM24zV3F0VkE0Tm94akU0TXR0b24xNU5XNm8wZ2VXN1hXdUZWTkctVHNxNVZVWnB1VGpfdk5zMktNSnk3b1MycnU1MlUyNWQ4LTBqb2xLR2E1dllxUnA0TVlJS1dPX1ZVckdfbTBReGZIQ1JFUHBJTi1weU82VzZ2YXEtblkx?oc=5\" target=\"_blank\" rel=\"noopener\">Fran\u00e7ois Bayrou auditionn\u00e9 \u00e0 l\u2019Assembl\u00e9e : apr\u00e8s trois mois de mensonges, cinq heures de d\u00e9ni<\/a>&nbsp;&nbsp;Mediapart<\/li>\n<li><a href=\"https:\/\/news.google.com\/rss\/articles\/CBMi_gFBVV95cUxOWFRFV0dMMmVnZno3TVdtOU1BTmEtYk1NVWUyS3lvQkM5Qk1oeXZrMDYxTmRna2FtNnVqR29RWEFiNnV6Z2pWaDNEVHhNTC1VTGNCd0E3anlMcXRhQ1lMSzIzTUVGOFdBeFJ2eFIyZ2Z5OGI3WlFONHdTUUpMZUozTWZUczJ5UEJNZ2thZ1FPTUlLdjB2MWlHbjVjQTZua3ZUbXNYUGI5U2RtME83UDNsNnFKbHNyMUlBVXZrN2p5LVhMUTVKSXZQSFlIZ2g5LUV2UFo1M3pYM2RMM0dSeVZBMjFGRUZXanlBeG1tdlcxdVpuanc3VDJjLWtRRFJMQQ?oc=5\" target=\"_blank\" rel=\"noopener\">Affaire B\u00e9tharram : Fran\u00e7ois Bayrou a reconnu avoir \u00abmenti\u00bb sous serment devant l&rsquo;Assembl\u00e9e, juge le d\u00e9put\u00e9 LFI Paul Vannier<\/a>&nbsp;&nbsp;Le Figaro<\/li>\n<li><a href=\"https:\/\/news.google.com\/rss\/articles\/CBMipAFBVV95cUxQU01ZRGFhempEUnhZREIwdkJYM0VWRmhrcU9QYnZOcUw0TndTSFpQREwyaDZWdDNZQW82UFhWQmpqYVdhSk1vcktZNTR2d2FPVzZiMFREQllFemthR2xFcHN5T1RWenlPbndNVnhyQ2lRY0wwcU9HbzBNY3JzRGxmQm03LUpfb0pzdzZMbkRsQ3ZhSzZfU2Qzb2RsZVNuUlpraUpxQg?oc=5\" target=\"_blank\" rel=\"noopener\">Tirer toutes les le\u00e7ons de B\u00e9tharram<\/a>&nbsp;&nbsp;Le Monde.fr<\/li>\n<li><a href=\"https:\/\/news.google.com\/rss\/articles\/CBMi9gFBVV95cUxOQkVSTUNjWnFkOGZYd0xUa0d0Wk0yLW5pTzZBb202Nlgzblg0YkRXSWYzaXlNZFJXVWNLMEhDLUIxdEVuUzg5WW51ZGJXU3gyR0hsalQ2cC1EVThaMS1DMzNTVWZDSmJlS01mVnlqNnpiOFN6UFc4Rjh1dnlFa2x3MVFmQXotamVTZThCQWpVUkdEVDNhd3loMng1b1VnVTJPRy1QYUk1bjdnaUd5Qk9Vb25xVWVDSndrUEExdkR6N2dlQVdKUlJuc2lLTEUySU1xbm81VnFUT1ZNeThidzhyRDkzVFVKZDY1a052X1pVczZHbzlyV2c?oc=5\" target=\"_blank\" rel=\"noopener\">Affaire B\u00e9tharram : une \u201cautorit\u00e9 ind\u00e9pendante\u201d sur les violences contre les enfants, Fran\u00e7ois Bayrou s\u2019explique<\/a>&nbsp;&nbsp;Portail Orange<\/li>\n<li><a href=\"https:\/\/news.google.com\/rss\/articles\/CBMi7wFBVV95cUxQeGw4ZnFIOTJjc1JWUmFHQXJNUkoxZXRTQXJZeXluejNINUhoczdKVDdRRjNkOTVwUFNmRjdwRlExd3BSUTY4UjU4OXNKd0Jqd1RlbEQwUmZtcXY4N0tndFhpTllDZWxmd3l3b3JwT2lFQkY0UTgxRFFaMlZSQ2hZcVhtN3U4ZkxSci1PdTI3VDAwNGg5T2FXNHJCZmFoSmZGYnNpZDcyUWdUTTZCZTBBZ0pqQVluNGI4a2VIQ05KVkVSSUhza1pJWHRaeXZSNVIydGthZnhwSUt6UVpkZ3hZbDBaQzktT0xWMXBiMXh4bw?oc=5\" target=\"_blank\" rel=\"noopener\">Affaire B\u00e9tharram, feux au Canada, canal de Suez, Chine : les informations de la nuit<\/a>&nbsp;&nbsp;Courrier international<\/li>\n<\/ol>\n","protected":false},"excerpt":{"rendered":"Fran\u00e7ois Bayrou auditionn\u00e9 \u00e0 l\u2019Assembl\u00e9e : apr\u00e8s trois mois de mensonges, cinq heures de d\u00e9ni&nbsp;&nbsp;Mediapart Affaire B\u00e9tharram :&hellip;\n","protected":false},"author":2,"featured_media":101655,"comment_status":"","ping_status":"","sticky":false,"template":"","format":"standard","meta":{"footnotes":""},"categories":[2],"tags":[11,416,21738,1011,27,431,12,6270,1050,25],"class_list":{"0":"post-101654","1":"post","2":"type-post","3":"status-publish","4":"format-standard","5":"has-post-thumbnail","7":"category-actualites","8":"tag-actualites","9":"tag-assemblee-nationale","10":"tag-elysee-et-gouvernement","11":"tag-fr","12":"tag-france","13":"tag-francois-bayrou","14":"tag-news","15":"tag-notre-dame-de-betharram","16":"tag-parlement","17":"tag-republique-francaise"},"share_on_mastodon":{"url":"https:\/\/pubeurope.com\/@fr\/114511306020070983","error":""},"_links":{"self":[{"href":"https:\/\/www.europesays.com\/fr\/wp-json\/wp\/v2\/posts\/101654","targetHints":{"allow":["GET"]}}],"collection":[{"href":"https:\/\/www.europesays.com\/fr\/wp-json\/wp\/v2\/posts"}],"about":[{"href":"https:\/\/www.europesays.com\/fr\/wp-json\/wp\/v2\/types\/post"}],"author":[{"embeddable":true,"href":"https:\/\/www.europesays.com\/fr\/wp-json\/wp\/v2\/users\/2"}],"replies":[{"embeddable":true,"href":"https:\/\/www.europesays.com\/fr\/wp-json\/wp\/v2\/comments?post=101654"}],"version-history":[{"count":0,"href":"https:\/\/www.europesays.com\/fr\/wp-json\/wp\/v2\/posts\/101654\/revisions"}],"wp:featuredmedia":[{"embeddable":true,"href":"https:\/\/www.europesays.com\/fr\/wp-json\/wp\/v2\/media\/101655"}],"wp:attachment":[{"href":"https:\/\/www.europesays.com\/fr\/wp-json\/wp\/v2\/media?parent=101654"}],"wp:term":[{"taxonomy":"category","embeddable":true,"href":"https:\/\/www.europesays.com\/fr\/wp-json\/wp\/v2\/categories?post=101654"},{"taxonomy":"post_tag","embeddable":true,"href":"https:\/\/www.europesays.com\/fr\/wp-json\/wp\/v2\/tags?post=101654"}],"curies":[{"name":"wp","href":"https:\/\/api.w.org\/{rel}","templated":true}]}}