{"id":101662,"date":"2025-05-15T10:14:08","date_gmt":"2025-05-15T10:14:08","guid":{"rendered":"https:\/\/www.europesays.com\/fr\/101662\/"},"modified":"2025-05-15T10:14:08","modified_gmt":"2025-05-15T10:14:08","slug":"atp-rome-gill-gross-analyste-tennis-sur-jannik-sinner-je-pense-que-sil-remporte-un-match-de-plus-a-rome-il-se-retirera-du-tournoi-dhambourg-et-se-rendra-directement-a-paris-pour-preparer-r","status":"publish","type":"post","link":"https:\/\/www.europesays.com\/fr\/101662\/","title":{"rendered":"ATP &#8211; Rome > Gill Gross (analyste tennis) sur Jannik Sinner : \u00ab\u00a0Je pense que s&rsquo;il remporte un match de plus \u00e0 Rome, il se retirera du tournoi d&rsquo;Hambourg et se rendra directement \u00e0 Paris pour pr\u00e9parer Roland-Garros\u00a0\u00bb"},"content":{"rendered":"<p>Alors que Jannik Sinner avait pr\u00e9vu, apr\u00e8s trois mois de suspen\u00adsion, de jouer le Masters 1000 de Rome (7 au 18 mai) et l\u2019ATP 500 d\u2019Hambourg (18 au 24 mai) avant Roland\u2010Garros (25 mai au 8 juin), son parcours en Italie pour\u00adrait bien le pousser \u00e0 changer ses\u00a0plans.\u00a0<\/p>\n<p><strong>\u00ab\u202fJe me demande quel est le seuil \u00e0 partir duquel Sinner jouera \u00e0 Hambourg\u202f? Je pense que s\u2019il remporte un match de plus \u00e0 Rome, il se reti\u00adrera du tournoi d\u2019Hambourg et se rendra direc\u00adte\u00adment \u00e0 Paris\u202f\u00bb<\/strong>, estime l\u2019ana\u00adlyste tennis Gill Gross, travaillant pour Tennis Channel ainsi que pour l\u2019US\u00a0Open.\u00a0<\/p>\n<blockquote class=\"twitter-tweet\">\n<p lang=\"en\" dir=\"ltr\">I wonder what the thre\u00adshold is for Sinner playing Hamburg\u202f? I\u2019d think if he wins one more match in Rome, he pulls out and re\u2010directs to\u00a0Paris.<\/p>\n<p>\u2014 Gill Gross \u2600\ufe0f (@Gill_Gross) <a href=\"https:\/\/twitter.com\/Gill_Gross\/status\/1922378287545729332?ref_src=twsrc%5Etfw\" data-wpel-link=\"external\" target=\"_blank\" rel=\"nofollow external noopener\">May 13,\u00a02025<\/a><\/p><\/blockquote>\n<p>Le prochain match du num\u00e9ro 1 mondial, ce sera face \u00e0 Casper Ruud en quarts de finale. Et pour le moment, Sinner a remport\u00e9 trois matchs sans conc\u00e9der le moindre set.\u00a0<\/p>\n<p class=\"post-published-date\" style=\"color: silver; font-size: 75%; text-align: left;\">Publi\u00e9 le jeudi 15 mai 2025 \u00e0 09:20<\/p>\n<p><script async src=\"https:\/\/platform.twitter.com\/widgets.js\" charset=\"utf-8\"><\/script><\/p>\n","protected":false},"excerpt":{"rendered":"Alors que Jannik Sinner avait pr\u00e9vu, apr\u00e8s trois mois de suspen\u00adsion, de jouer le Masters 1000 de Rome&hellip;\n","protected":false},"author":2,"featured_media":93785,"comment_status":"","ping_status":"","sticky":false,"template":"","format":"standard","meta":{"footnotes":""},"categories":[1415],"tags":[1011,27,2127,60,1467],"class_list":{"0":"post-101662","1":"post","2":"type-post","3":"status-publish","4":"format-standard","5":"has-post-thumbnail","7":"category-tennis","8":"tag-fr","9":"tag-france","10":"tag-sinner","11":"tag-sports","12":"tag-tennis"},"share_on_mastodon":{"url":"https:\/\/pubeurope.com\/@fr\/114511325608802482","error":""},"_links":{"self":[{"href":"https:\/\/www.europesays.com\/fr\/wp-json\/wp\/v2\/posts\/101662","targetHints":{"allow":["GET"]}}],"collection":[{"href":"https:\/\/www.europesays.com\/fr\/wp-json\/wp\/v2\/posts"}],"about":[{"href":"https:\/\/www.europesays.com\/fr\/wp-json\/wp\/v2\/types\/post"}],"author":[{"embeddable":true,"href":"https:\/\/www.europesays.com\/fr\/wp-json\/wp\/v2\/users\/2"}],"replies":[{"embeddable":true,"href":"https:\/\/www.europesays.com\/fr\/wp-json\/wp\/v2\/comments?post=101662"}],"version-history":[{"count":0,"href":"https:\/\/www.europesays.com\/fr\/wp-json\/wp\/v2\/posts\/101662\/revisions"}],"wp:featuredmedia":[{"embeddable":true,"href":"https:\/\/www.europesays.com\/fr\/wp-json\/wp\/v2\/media\/93785"}],"wp:attachment":[{"href":"https:\/\/www.europesays.com\/fr\/wp-json\/wp\/v2\/media?parent=101662"}],"wp:term":[{"taxonomy":"category","embeddable":true,"href":"https:\/\/www.europesays.com\/fr\/wp-json\/wp\/v2\/categories?post=101662"},{"taxonomy":"post_tag","embeddable":true,"href":"https:\/\/www.europesays.com\/fr\/wp-json\/wp\/v2\/tags?post=101662"}],"curies":[{"name":"wp","href":"https:\/\/api.w.org\/{rel}","templated":true}]}}