{"id":101663,"date":"2025-05-15T10:16:09","date_gmt":"2025-05-15T10:16:09","guid":{"rendered":"https:\/\/www.europesays.com\/fr\/101663\/"},"modified":"2025-05-15T10:16:09","modified_gmt":"2025-05-15T10:16:09","slug":"un-de-mes-meilleurs-resultats-en-flag-to-flag","status":"publish","type":"post","link":"https:\/\/www.europesays.com\/fr\/101663\/","title":{"rendered":"Un de mes meilleurs r\u00e9sultats en flag-to-flag !"},"content":{"rendered":"<p><a href=\"https:\/\/fr.motorsport.com\/driver\/maverick-vinales\/96553\/\" target=\"_blank\" rel=\"noopener\">Maverick Vi\u00f1ales<\/a> n&rsquo;\u00e9tait pas le premier pilote KTM \u00e0 l&rsquo;arriv\u00e9e du GP de France et il venait de vivre une course \u00e9prouvante avec une monte pneumatique ayant compliqu\u00e9 la vie de bien des pilotes, et pourtant il \u00e9tait ravi. Tr\u00e8s enthousiaste par ce qu&rsquo;il a r\u00e9ussi \u00e0 livrer au guidon de la RC16 dans des conditions d&rsquo;une extr\u00eame difficult\u00e9, l&rsquo;Espagnol a le sentiment de ne jamais avoir \u00e9t\u00e9 aussi bon dans un tel exercice.<\/p>\n<p>\u00ab\u00a0La course a \u00e9t\u00e9 assez incroyable, c&rsquo;\u00e9tait un spectacle fantastique\u00a0!\u00a0\u00bb, a-t-il comment\u00e9 \u00e0 chaud aupr\u00e8s du site officiel du MotoGP. Et le pilote Tech3 de d\u00e9crire, les yeux brillants, la mani\u00e8re dont il est entr\u00e9 dans ce Grand Prix, en pneus slicks\u00a0:\u00a0\u00ab\u00a0Je me sentais vraiment bien avec les pneus tendres sur le sec, je poussais fort. Malheureusement, il a fallu faire deux long-laps, mais avant \u00e7a je me battais pour le podium et j&rsquo;avais de grandes chances de prendre l&rsquo;une des premi\u00e8res places.\u00a0\u00bb<\/p>\n<p>D\u00e9j\u00e0 cinqui\u00e8me au moment de passer par les stands pour changer de moto, Vi\u00f1ales a r\u00e9ussi \u00e0 remonter \u00e0 ce rang au classement final. Entre-temps, il avait d\u00fb g\u00e9rer une moto qui, en conditions full wet, lui a transmis de bonnes sensations, mais un pneu arri\u00e8re medium l&rsquo;ayant pouss\u00e9 \u00e0 beaucoup patiner, comme <a href=\"https:\/\/fr.motorsport.com\/driver\/pedro-acosta\/840236\/\" target=\"_blank\" rel=\"noopener\">Pedro Acosta<\/a>.<\/p>\n<p>\u00ab\u00a0Quand on est pass\u00e9s aux pneus pluie et qu&rsquo;on a chang\u00e9 de moto, je ne sais pas pourquoi mais j&rsquo;ai eu beaucoup de soucis, en particulier dans la ligne droite principale. Le pneu n&rsquo;arr\u00eatait pas de patiner et je n&rsquo;avais jamais la motricit\u00e9 pour avancer\u00a0\u00bb, a d\u00e9crit le pilote Tech3.<\/p>\n<p>Lire aussi :<\/p>\n<p>\u00ab\u00a0C&rsquo;\u00e9tait une nouvelle exp\u00e9rience, et j&rsquo;ai eu le sentiment que la moto fonctionnait bien. C&rsquo;est juste que je n&rsquo;ai pas d&rsquo;explication sur le fait que je n&rsquo;avais pas du tout de motricit\u00e9 en ligne droite. C&rsquo;\u00e9tait compl\u00e8tement \u00e9trange. Avec la moto sur l&rsquo;angle, j&rsquo;avais une bonne traction \u00e0 la sortie des virages, mais d\u00e8s qu&rsquo;elle \u00e9tait droite, elle n&rsquo;arr\u00eatait pas de patiner jusqu&rsquo;au sixi\u00e8me rapport et je n&rsquo;avais pas de motricit\u00e9. L\u00e0-dessus, je perdais peut-\u00eatre deux secondes au tour dans les deux lignes droites. C&rsquo;\u00e9tait dingue\u00a0!\u00a0\u00bb<\/p>\n<p>\u00ab\u00a0Il faut que les gars comprennent, ou peut-\u00eatre que j&rsquo;ai besoin de plus d&rsquo;exp\u00e9rience sur la moto pour voir ce que je peux faire, mais il est certain qu&rsquo;il faut qu&rsquo;on s&rsquo;am\u00e9liore sur ce point. Par contre, pour ce qui \u00e9tait juste du pilotage, la moto \u00e9tait tr\u00e8s sympa, et y compris sur le mouill\u00e9.\u00a0\u00bb<\/p>\n<p><img decoding=\"async\" class=\"sizer\" draggable=\"false\" src=\"data:image\/png;base64,iVBORw0KGgoAAAANSUhEUgAAABAAAAAJCAYAAAA7KqwyAAAAGXRFWHRTb2Z0d2FyZQBBZG9iZSBJbWFnZVJlYWR5ccllPAAAABpJREFUeNpi\/P\/\/PwMlgImBQjBqwLAwACDAAOVfAw9\/ZDvcAAAAAElFTkSuQmCC\" alt=\"\" loading=\"lazy\"\/><\/p>\n<p class=\"title\">VID\u00c9O &#8211; R\u00c9SUM\u00c9 : Les meilleurs moments de la victoire de Zarco au GP de France<\/p>\n<p>Heureux de sa strat\u00e9gie, Maverick Vi\u00f1ales s&rsquo;est surtout dit tr\u00e8s encourag\u00e9 par les sensations que sa moto lui a transmises dans les premiers tours, lorsqu&rsquo;il roulait en pneus slicks sur un bitume qui se mouillait peu \u00e0 peu.<\/p>\n<p>\u00ab\u00a0Un de mes meilleurs r\u00e9sultats dans <a href=\"https:\/\/fr.motorsport.com\/motogp\/news\/reglement-motogp-flag-to-flag\/10698484\/\" target=\"_self\" rel=\"noopener\">une course flag-to-flag<\/a>\u00a0!\u00a0Je suis plus que content\u00a0\u00bb, a-t-il r\u00e9sum\u00e9.\u00a0\u00ab\u00a0C&rsquo;est mon meilleur r\u00e9sultat depuis bien longtemps dans un flag-to-flag. Je me souviens juste d&rsquo;une fois o\u00f9 j&rsquo;avais fait deuxi\u00e8me \u00e0 Brno mais on n&rsquo;avait fait qu&rsquo;un tour avec les pneus pluie avant de revenir au sec, alors j&rsquo;avais \u00e9t\u00e9 tr\u00e8s rapide sur le sec et je n&rsquo;avais pas arr\u00eat\u00e9 de d\u00e9passer des pilotes\u00a0!\u00a0\u00bb<\/p>\n<p>\u00ab\u00a0Mais pour moi, c&rsquo;est mon meilleur r\u00e9sultat dans une course flag-to-flag et je suis content parce qu&rsquo;on a pris la bonne d\u00e9cision et j&rsquo;ai \u00e9t\u00e9 rapide dans les deux [conditions]. Certes, j&rsquo;aurais pu \u00eatre plus rapide sur le mouill\u00e9 parce que j&rsquo;ai l\u00e2ch\u00e9 beaucoup de temps dans la ligne droite principale, mais sur le sec avec des gouttes de pluie, j&rsquo;\u00e9tais le plus rapide que j&rsquo;ai pu \u00eatre depuis longtemps, alors je suis content.\u00a0\u00bb<\/p>\n<p>\u00ab\u00a0C&rsquo;est la course dont on a besoin, pour b\u00e2tir l\u00e0-dessus et \u00eatre solides. On a fait deuxi\u00e8me au Qatar [avant la p\u00e9nalit\u00e9, ndlr], puis quatri\u00e8me, cinqui\u00e8me\u00a0:\u00a0c&rsquo;est de \u00e7a qu&rsquo;on a besoin. Et je le redis, je suis content des tours que j&rsquo;ai faits sur le sec parce qu&rsquo;on \u00e9tait tr\u00e8s forts.\u00a0\u00bb<\/p>\n<p>Lire aussi :<\/p>\n<p>Dans cet article<\/p>\n<p>    L\u00e9na Buffa\n<\/p>\n<p>    MotoGP\n<\/p>\n<p>    Maverick Vi\u00f1ales\n<\/p>\n<p>    Tech 3\n<\/p>\n<p>Soyez le premier inform\u00e9 et souscrivez aux alertes mails pour recevoir les infos en temps r\u00e9el<\/p>\n<p>    S&rsquo;abonner aux alertes de news<\/p>\n","protected":false},"excerpt":{"rendered":"Maverick Vi\u00f1ales n&rsquo;\u00e9tait pas le premier pilote KTM \u00e0 l&rsquo;arriv\u00e9e du GP de France et il venait de&hellip;\n","protected":false},"author":2,"featured_media":101664,"comment_status":"","ping_status":"","sticky":false,"template":"","format":"standard","meta":{"footnotes":""},"categories":[1413],"tags":[1011,27,15545,15546,5712,1457,1456,1458,60,3374],"class_list":{"0":"post-101663","1":"post","2":"type-post","3":"status-publish","4":"format-standard","5":"has-post-thumbnail","7":"category-moto","8":"tag-fr","9":"tag-france","10":"tag-gp-de-france","11":"tag-le-mans-circuit-bugatti","12":"tag-maverick-viu00f1ales","13":"tag-moto","14":"tag-motocycle","15":"tag-motogp","16":"tag-sports","17":"tag-tech-3"},"share_on_mastodon":{"url":"https:\/\/pubeurope.com\/@fr\/114511333612954514","error":""},"_links":{"self":[{"href":"https:\/\/www.europesays.com\/fr\/wp-json\/wp\/v2\/posts\/101663","targetHints":{"allow":["GET"]}}],"collection":[{"href":"https:\/\/www.europesays.com\/fr\/wp-json\/wp\/v2\/posts"}],"about":[{"href":"https:\/\/www.europesays.com\/fr\/wp-json\/wp\/v2\/types\/post"}],"author":[{"embeddable":true,"href":"https:\/\/www.europesays.com\/fr\/wp-json\/wp\/v2\/users\/2"}],"replies":[{"embeddable":true,"href":"https:\/\/www.europesays.com\/fr\/wp-json\/wp\/v2\/comments?post=101663"}],"version-history":[{"count":0,"href":"https:\/\/www.europesays.com\/fr\/wp-json\/wp\/v2\/posts\/101663\/revisions"}],"wp:featuredmedia":[{"embeddable":true,"href":"https:\/\/www.europesays.com\/fr\/wp-json\/wp\/v2\/media\/101664"}],"wp:attachment":[{"href":"https:\/\/www.europesays.com\/fr\/wp-json\/wp\/v2\/media?parent=101663"}],"wp:term":[{"taxonomy":"category","embeddable":true,"href":"https:\/\/www.europesays.com\/fr\/wp-json\/wp\/v2\/categories?post=101663"},{"taxonomy":"post_tag","embeddable":true,"href":"https:\/\/www.europesays.com\/fr\/wp-json\/wp\/v2\/tags?post=101663"}],"curies":[{"name":"wp","href":"https:\/\/api.w.org\/{rel}","templated":true}]}}