{"id":101695,"date":"2025-05-15T10:33:10","date_gmt":"2025-05-15T10:33:10","guid":{"rendered":"https:\/\/www.europesays.com\/fr\/101695\/"},"modified":"2025-05-15T10:33:10","modified_gmt":"2025-05-15T10:33:10","slug":"guerre-en-ukraine-vladimir-poutine-absent-des-pourparlers-de-paix-a-istanbul","status":"publish","type":"post","link":"https:\/\/www.europesays.com\/fr\/101695\/","title":{"rendered":"Guerre en Ukraine : Vladimir Poutine absent des pourparlers de paix \u00e0 Istanbul"},"content":{"rendered":"<p><img decoding=\"async\" class=\"c-ad__placeholder__logo\" src=\"https:\/\/www.europesays.com\/fr\/wp-content\/uploads\/2025\/03\/logo-euronews-grey-6-180x22.svg.svg+xml\" width=\"180\" height=\"22\" alt=\"\" loading=\"lazy\"\/>PUBLICIT\u00c9<\/p>\n<p>C&rsquo;est sans Vladimir Poutine que les pourparlers de paix entre la Russie et l&rsquo;Ukraine doivent se tenir \u00e0 Istanbul.<\/p>\n<p>La d\u00e9l\u00e9gation russe sera dirig\u00e9e par Vladimir Medinsky, conseiller du Kremlin, qui avait repr\u00e9sent\u00e9 Moscou lors de la premi\u00e8re tentative de dialogue \u00e0 Istanbul en mars 2022.<\/p>\n<p><img decoding=\"async\" src=\"https:\/\/www.europesays.com\/fr\/wp-content\/uploads\/2025\/03\/icon-cross-10x10-grey-6.svg.svg+xml\" width=\"10\" height=\"10\" alt=\"Close advertising\" fetchpriority=\"high\" loading=\"lazy\"\/><\/p>\n<p>La Russie sera \u00e9galement repr\u00e9sent\u00e9e par le vice-ministre des Affaires \u00e9trang\u00e8res, Mikhail Galouzine, le vice-ministre de la D\u00e9fense, Alexandre Fomine, et Igor Kostioukov, le chef de l&rsquo;agence de renseignement militaire russe (GRU).<\/p>\n<p>Le week-end dernier, Vladimir Poutine avait appel\u00e9 \u00e0 des discussions directes entre Moscou et Kyiv. <a href=\"https:\/\/fr.euronews.com\/my-europe\/2025\/05\/13\/volodymyr-zelensky-nacceptera-de-negocier-quavec-vladimir-poutine-a-istanbul\" rel=\"nofollow noopener\" target=\"_blank\"><strong>Le pr\u00e9sident ukrainien Volodymy Zelensky l&rsquo;avait pris au mot<\/strong><\/a>, proposant de le rencontrer en Turquie.<\/p>\n<p>Donald Trump sera \u00e9galement aux abonn\u00e9s absents. Un peu plus t\u00f4t, le pr\u00e9sident am\u00e9ricain n&rsquo;avait pas exclu de se rendre \u00e0 Instanbul, mais c&rsquo;est finalement le secr\u00e9taire d&rsquo;\u00c9tat Marco Rubio et les envoy\u00e9s Steve Witkoff et Keith Kellogg qui participeront \u00e0 la r\u00e9union.<\/p>\n<p>Dans ces conditions, la pr\u00e9sence de Volodymyr Zelensky elle-m\u00eame n&rsquo;est pas garantie. <\/p>\n<p>Le dirigeant a quoi qu&rsquo;il en soit bien pr\u00e9vu de se rendre Turquie, mais \u00e0 Ankara, pour rencontrer son homologue turc, Recep Tayyip Erdogan.<\/p>\n","protected":false},"excerpt":{"rendered":"PUBLICIT\u00c9 C&rsquo;est sans Vladimir Poutine que les pourparlers de paix entre la Russie et l&rsquo;Ukraine doivent se tenir&hellip;\n","protected":false},"author":2,"featured_media":101696,"comment_status":"","ping_status":"","sticky":false,"template":"","format":"standard","meta":{"footnotes":""},"categories":[2],"tags":[11,1011,27,131,2025,12,135,134],"class_list":{"0":"post-101695","1":"post","2":"type-post","3":"status-publish","4":"format-standard","5":"has-post-thumbnail","7":"category-actualites","8":"tag-actualites","9":"tag-fr","10":"tag-france","11":"tag-guerre-en-ukraine","12":"tag-invasion-de-la-russie-en-ukraine","13":"tag-news","14":"tag-vladimir-poutine","15":"tag-volodymyr-zelensky"},"share_on_mastodon":{"url":"https:\/\/pubeurope.com\/@fr\/114511400379768820","error":""},"_links":{"self":[{"href":"https:\/\/www.europesays.com\/fr\/wp-json\/wp\/v2\/posts\/101695","targetHints":{"allow":["GET"]}}],"collection":[{"href":"https:\/\/www.europesays.com\/fr\/wp-json\/wp\/v2\/posts"}],"about":[{"href":"https:\/\/www.europesays.com\/fr\/wp-json\/wp\/v2\/types\/post"}],"author":[{"embeddable":true,"href":"https:\/\/www.europesays.com\/fr\/wp-json\/wp\/v2\/users\/2"}],"replies":[{"embeddable":true,"href":"https:\/\/www.europesays.com\/fr\/wp-json\/wp\/v2\/comments?post=101695"}],"version-history":[{"count":0,"href":"https:\/\/www.europesays.com\/fr\/wp-json\/wp\/v2\/posts\/101695\/revisions"}],"wp:featuredmedia":[{"embeddable":true,"href":"https:\/\/www.europesays.com\/fr\/wp-json\/wp\/v2\/media\/101696"}],"wp:attachment":[{"href":"https:\/\/www.europesays.com\/fr\/wp-json\/wp\/v2\/media?parent=101695"}],"wp:term":[{"taxonomy":"category","embeddable":true,"href":"https:\/\/www.europesays.com\/fr\/wp-json\/wp\/v2\/categories?post=101695"},{"taxonomy":"post_tag","embeddable":true,"href":"https:\/\/www.europesays.com\/fr\/wp-json\/wp\/v2\/tags?post=101695"}],"curies":[{"name":"wp","href":"https:\/\/api.w.org\/{rel}","templated":true}]}}