{"id":101699,"date":"2025-05-15T10:35:08","date_gmt":"2025-05-15T10:35:08","guid":{"rendered":"https:\/\/www.europesays.com\/fr\/101699\/"},"modified":"2025-05-15T10:35:08","modified_gmt":"2025-05-15T10:35:08","slug":"saint-etienne-une-infirmiere-accusee-de-maltraitances-dans-cet-ehpad-letablissement-repond","status":"publish","type":"post","link":"https:\/\/www.europesays.com\/fr\/101699\/","title":{"rendered":"Saint-Etienne. Une infirmi\u00e8re accus\u00e9e de maltraitances dans cet Ehpad : l&rsquo;\u00e9tablissement r\u00e9pond"},"content":{"rendered":"<p>            Par<br \/>\n        <strong><br \/>\n            <a href=\"https:\/\/actu.fr\/auteur\/mathias-souteyrat\" title=\"Consulter tous les articles de Mathias Souteyrat\" target=\"_blank\" rel=\"noopener\">Mathias Souteyrat<\/a><br \/>\n        <\/strong><\/p>\n<p>        Publi\u00e9 le<\/p>\n<p>            15 mai 2025 \u00e0 12h29        <\/p>\n<p>Apr\u00e8s la r\u00e9v\u00e9lation du <a href=\"https:\/\/c.leprogres.fr\/economie\/2025\/05\/14\/residente-d-ehpad-filmee-sur-son-lit-de-mort-les-videos-glacantes-d-une-infirmiere\" target=\"_blank\" rel=\"noopener\">Progr\u00e8s<\/a> des faits de maltraitances d\u2019une infirmi\u00e8re qui a film\u00e9 (et diffus\u00e9 sur Snapchat) de fa\u00e7on d\u00e9gradante des r\u00e9sidents (jusqu\u2019\u00e0 montrer une vieille dame sur son lit de mort) \u00e0 <a href=\"https:\/\/actu.fr\/tag\/ehpad\" target=\"_blank\" rel=\"noopener\">l\u2019Ehpad<\/a> l\u2019Astr\u00e9e de <a href=\"https:\/\/actu.fr\/auvergne-rhone-alpes\/saint-etienne_42218\" target=\"_blank\" rel=\"noopener\">Saint-Etienne<\/a>, l\u2019Agence r\u00e9gionale de sant\u00e9 et Korian, gestionnaire de l\u2019\u00e9tablissement, nous ont r\u00e9pondu ce jeudi 15\u00a0mai 2025.<br \/>L\u2019affaire commence \u00e0 la suite d\u2019un signalement d\u2019un lanceur d\u2019alerte en d\u00e9cembre\u00a02024.<\/p>\n<p>\u00ab\u2009Des sanctions disciplinaires et des poursuites p\u00e9nales ont \u00e9t\u00e9 engag\u00e9es \u00e0 l\u2019encontre de l\u2019infirmi\u00e8re identifi\u00e9e dans les vid\u00e9os\u2009\u00bb<\/p>\n<p class=\" wall-content\">L\u2019Agence r\u00e9gionale de sant\u00e9 a re\u00e7u de fa\u00e7on <strong>anonyme des vid\u00e9os \u00e9ph\u00e9m\u00e8res<\/strong> diffus\u00e9es sur les r\u00e9seaux sociaux impliquant une professionnelle de l\u2019Ehpad Astr\u00e9e \u00e0 Saint-Etienne.<\/p>\n<blockquote class=\"ac-article-quote wall-content\">\n<p>L&rsquo;ARS a imm\u00e9diatement demand\u00e9 \u00e0 rencontrer les directions (r\u00e9gionale du groupe et de l\u2019Ehpad) pour leur rappeler leur obligation de signalement d\u2019\u00e9v\u00e8nement ind\u00e9sirable grave. \u00c0 la suite de cette rencontre, des sanctions disciplinaires et des poursuites p\u00e9nales ont \u00e9t\u00e9 engag\u00e9es \u00e0 l\u2019encontre de l\u2019infirmi\u00e8re identifi\u00e9e dans les vid\u00e9os.<\/p>\n<p>    <strong>Agence r\u00e9gionale de sant\u00e9 (ARS)<\/strong>\n            <\/p><\/blockquote>\n<p class=\" wall-content\">\u00ab\u2009En plus des sanctions disciplinaires prises par le gestionnaire lui-m\u00eame et du signalement qu\u2019il a transmis au parquet de Saint-Etienne, l\u2019Agence r\u00e9gionale Auvergne-Rh\u00f4ne Alpes a de son c\u00f4t\u00e9 d\u00e9cid\u00e9 de saisir la <strong>chambre disciplinaire r\u00e9gionale de l\u2019ordre des infirmiers<\/strong> et dans l\u2019attente de sa d\u00e9cision l\u2019a suspendue de tout exercice de la profession. Ces proc\u00e9dures sont en cours de traitement\u2009\u00bb, nous explique l\u2019ARS.<\/p>\n<p>\u00ab\u2009Elle a \u00e9t\u00e9 convoqu\u00e9e, a reconnu les faits et licenci\u00e9e\u2009\u00bb<\/p>\n<p class=\" wall-content\">Contact\u00e9, le groupe Korian, nous informe avoir re\u00e7u en d\u00e9cembre 2024 par e-mail des vid\u00e9os anonymes enregistr\u00e9es sur Snapchat, \u00ab\u2009montrant des r\u00e9sidents dans des situations inacceptables.<\/p>\n<p class=\" wall-content\">\u00ab\u00a0C\u2019est de la maltraitance. Nous avons une tol\u00e9rance z\u00e9ro, cela va \u00e0 l\u2019encontre de nos valeurs\u00a0\u00bb, mart\u00e8le le gestionnaire des lieux.<\/p>\n<p>Une famille porte plainte<\/p>\n<p class=\" wall-content\">\u00ab\u2009D\u00e8s r\u00e9ception de ces vid\u00e9os, nous avons agi, en enqu\u00eatant et identifiant l\u2019infirmi\u00e8re en question. Elle a \u00e9t\u00e9 convoqu\u00e9e, a reconnu les faits et licenci\u00e9e\u2009\u00bb, explique la direction de l\u2019\u00e9tablissement Korian, qui a pr\u00e9venu \u00ab\u00a0imm\u00e9diatement\u00a0\u00bb les familles concern\u00e9es, leur pr\u00e9cisant qu\u2019elles pouvaient porter plainte.<\/p>\n<p class=\" wall-content\">Une d\u2019entre elles a en effet saisi la justice.<\/p>\n<p>Korian r\u00e9pond aux accusations\u00a0<\/p>\n<p class=\" wall-content\">Face aux accusations de lenteur ou de minimisation des faits pour que l\u2019affaire \u00ab reste en interne \u00bb, Korian r\u00e9pond.<\/p>\n<blockquote class=\"ac-article-quote wall-content\">\n<p>Le plan d&rsquo;action montre qu&rsquo;on a agi rapidement. Il y a des proc\u00e9dures \u00e0 suivre, il faut v\u00e9rifier les choses. L\u2019ensemble des familles a \u00e9t\u00e9 tenu au courant via le Conseil de la vie sociale. Un signalement a \u00e9t\u00e9 fait aupr\u00e8s de l\u2019ARS, du conseil d\u00e9partemental, du procureur de la R\u00e9publique et de l\u2019ordre des infirmiers.<\/p>\n<p>    <strong>Le groupe Korian<\/strong>\n            <\/p><\/blockquote>\n<p class=\" wall-content\">Le leader fran\u00e7ais des exploitants d\u2019Ehpad indique avoir r\u00e9alis\u00e9 une nouvelle campagne de formation et sensibilisation sur l\u2019ensemble de ses salari\u00e9s.<\/p>\n<p class=\" wall-content\">Concernant les suites judiciaires, le parquet st\u00e9phanois n\u2019a pas encore r\u00e9pondu \u00e0 nos sollicitations.<\/p>\n<p class=\" wall-content\">Suivez toute l\u2019actualit\u00e9 de vos villes et m\u00e9dias favoris en vous inscrivant \u00e0 <a href=\"https:\/\/moncompte.actu.fr\" title=\"D\u00e9couvez Mon Actu\" rel=\"nofollow noopener\" data-trk=\"{&quot;cta&quot;:{&quot;action&quot;:&quot;https:\\\/\\\/moncompte.actu.fr&quot;,&quot;category&quot;:&quot;mon compte&quot;,&quot;from&quot;:&quot;article footer&quot;,&quot;name&quot;:&quot;Mon actu&quot;,&quot;type&quot;:&quot;cta&quot;}}\" target=\"_blank\">Mon Actu<\/a>.<\/p>\n","protected":false},"excerpt":{"rendered":"Par Mathias Souteyrat Publi\u00e9 le 15 mai 2025 \u00e0 12h29 Apr\u00e8s la r\u00e9v\u00e9lation du Progr\u00e8s des faits de&hellip;\n","protected":false},"author":2,"featured_media":101700,"comment_status":"","ping_status":"","sticky":false,"template":"","format":"standard","meta":{"footnotes":""},"categories":[9653],"tags":[1111,11,2430,12216,1777,674,118,1011,27,303,12,25,4001,71],"class_list":{"0":"post-101699","1":"post","2":"type-post","3":"status-publish","4":"format-standard","5":"has-post-thumbnail","7":"category-saint-etienne","8":"tag-actu","9":"tag-actualites","10":"tag-auvergne-rhone-alpes","11":"tag-ehpad","12":"tag-eu","13":"tag-europe","14":"tag-faits-divers","15":"tag-fr","16":"tag-france","17":"tag-justice","18":"tag-news","19":"tag-republique-francaise","20":"tag-saint-etienne","21":"tag-sante"},"share_on_mastodon":{"url":"https:\/\/pubeurope.com\/@fr\/114511408364214524","error":""},"_links":{"self":[{"href":"https:\/\/www.europesays.com\/fr\/wp-json\/wp\/v2\/posts\/101699","targetHints":{"allow":["GET"]}}],"collection":[{"href":"https:\/\/www.europesays.com\/fr\/wp-json\/wp\/v2\/posts"}],"about":[{"href":"https:\/\/www.europesays.com\/fr\/wp-json\/wp\/v2\/types\/post"}],"author":[{"embeddable":true,"href":"https:\/\/www.europesays.com\/fr\/wp-json\/wp\/v2\/users\/2"}],"replies":[{"embeddable":true,"href":"https:\/\/www.europesays.com\/fr\/wp-json\/wp\/v2\/comments?post=101699"}],"version-history":[{"count":0,"href":"https:\/\/www.europesays.com\/fr\/wp-json\/wp\/v2\/posts\/101699\/revisions"}],"wp:featuredmedia":[{"embeddable":true,"href":"https:\/\/www.europesays.com\/fr\/wp-json\/wp\/v2\/media\/101700"}],"wp:attachment":[{"href":"https:\/\/www.europesays.com\/fr\/wp-json\/wp\/v2\/media?parent=101699"}],"wp:term":[{"taxonomy":"category","embeddable":true,"href":"https:\/\/www.europesays.com\/fr\/wp-json\/wp\/v2\/categories?post=101699"},{"taxonomy":"post_tag","embeddable":true,"href":"https:\/\/www.europesays.com\/fr\/wp-json\/wp\/v2\/tags?post=101699"}],"curies":[{"name":"wp","href":"https:\/\/api.w.org\/{rel}","templated":true}]}}