{"id":101701,"date":"2025-05-15T10:36:10","date_gmt":"2025-05-15T10:36:10","guid":{"rendered":"https:\/\/www.europesays.com\/fr\/101701\/"},"modified":"2025-05-15T10:36:10","modified_gmt":"2025-05-15T10:36:10","slug":"nancy-le-roi-stanislas-retrouve-son-cadre-dore-et-sa-place-a-lacademie","status":"publish","type":"post","link":"https:\/\/www.europesays.com\/fr\/101701\/","title":{"rendered":"Nancy. Le roi Stanislas retrouve son cadre dor\u00e9\u2026 et sa place \u00e0 l\u2019Acad\u00e9mie"},"content":{"rendered":"<p>L\u2019atelier de B\u00e9atrice Journet-Guerrier de Dumast, restauratrice de peinture \u00e0 Nancy \u00e0 deux pas de la <a href=\"https:\/\/www.estrepublicain.fr\/p\/place-stanislas\" target=\"_blank\" rel=\"noopener\">place Stanislas<\/a>, est l\u2019\u00e9crin des retrouvailles. Sur la table de travail sont dispos\u00e9s\u00a0: le portrait du roi Stanislas, qui a retrouv\u00e9 du lustre et le cadre dor\u00e9 lui aussi restaur\u00e9 par \u00c9milie Ricour-Latourte, doreuse-ornemaniste nanc\u00e9ienne.<\/p>\n<p>Le portrait, ench\u00e2ss\u00e9 dans son cadre, une copie de celui de Girardet, avait \u00e9t\u00e9 donn\u00e9, le 23\u00a0novembre\u00a02024 \u00e0 l\u2019Acad\u00e9mie de Stanislas, soci\u00e9t\u00e9 savante nanc\u00e9ienne fond\u00e9e en 1750 par Stanislas Leszczynski. Le don vient d\u2019une famille parisienne, celle d\u2019Henri Hubert, le grand-p\u00e8re de la donatrice, qui avait \u00e9pous\u00e9 en 1922, une Nanc\u00e9ienne, Jeanne Rolin, apparent\u00e9e \u00e0 Georges Arth professeur de chimie \u00e0 Nancy et membre en 1908 de l\u2019Acad\u00e9mie de Stanislas.<\/p>\n<p>Mais le portrait et son cadre \u00e9taient en mauvais \u00e9tat. La soci\u00e9t\u00e9 savante a donc d\u00e9cid\u00e9 de faire <a href=\"https:\/\/www.estrepublicain.fr\/culture-loisirs\/2025\/01\/29\/a-nancy-le-roi-stanislas-se-refait-une-beaute\" target=\"_blank\" rel=\"noopener\"> restaurer la peinture.<\/a> \u00ab\u00a0Le cadre est d\u2019une qualit\u00e9 exceptionnelle\u00a0\u00bb, confie \u00c9milie Ricour-Latourte. \u00ab\u00a0Il est tout en bois sculpt\u00e9 avec des motifs en relief tr\u00e8s hauts et tr\u00e8s travaill\u00e9s\u00a0\u00bb. Les quatre d\u00e9cors sont diff\u00e9rents et la feuille d\u2019or a \u00e9t\u00e9 appliqu\u00e9e jusque sur la tranche du cadre signe \u00ab\u00a0d\u2019un travail soign\u00e9\u00a0\u00bb. Quatre fleurs de lys encadrent \u00e9galement le visage de Stanislas. Semble-t-il fabriqu\u00e9 en ch\u00eane, le cadre a subi au cours de son histoire \u00ab\u00a0de mauvaises restaurations\u00a0\u00bb.<\/p>\n<p>  Environ 80 feuilles d\u2019or<\/p>\n<p>Mais, est-ce le cadre d\u2019\u00e9poque\u00a0? \u00ab\u00a0Sans doute\u00a0\u00bb, pr\u00e9cise la doreuse-ornemaniste. \u00ab\u00a0L\u2019ovale est bon\u00a0\u00bb, m\u00eame avec la pr\u00e9sence d\u2019une petite Marie-Louise. Mais impossible de le certifier. Il date de la fin du XVII e ou du d\u00e9but du XVIII e \u00a0si\u00e8cle, donc contemporain du roi. Un cadre \u00ab\u00a0qui a \u00e9t\u00e9 redor\u00e9 au XIX e \u00a0si\u00e8cle\u00a0\u00bb et qui pr\u00e9sentait \u00ab\u00a0beaucoup d\u2019alt\u00e9rations\u00a0\u00bb. Il a fallu donc \u00ab\u00a0nettoyer la dorure, consolider tous les assemblages, retoucher les gros \u00e9clats des fissures\u00a0\u00bb et redorer certaines parties et \u00ab\u00a0ma dorure s\u2019harmonise avec la dorure ancienne\u00a0\u00bb. En tout, il a fallu pr\u00e8s de 80 feuilles d\u2019or pour que le cadre retrouve de l\u2019\u00e9clat.<\/p>\n<p>Un travail qui a demand\u00e9 \u00e9galement \u00ab\u00a0beaucoup de patience\u00a0\u00bb. Une \u0153uvre qui s\u2019est d\u00e9voil\u00e9e au fur et \u00e0 mesure de la restauration, \u00ab\u00a0c\u2019est difficile de savoir sur quoi on va tomber\u00a0\u00bb. Une restauration toute en l\u00e9g\u00e8ret\u00e9, comme pour la peinture, \u00ab\u00a0il faut garder les rides\u00a0\u00bb, pr\u00e9cise B\u00e9atrice Journet-Guerrier de Dumast. \u00ab\u00a0Si on le regarde, il faut que \u00e7a soit harmonieux, on n\u2019est pas l\u00e0 pour que notre touche apparaisse\u00a0\u00bb. Il faut \u00ab\u00a0rester invisible\u00a0\u00bb, estime <a href=\"https:\/\/www.estrepublicain.fr\/culture-loisirs\/2024\/12\/10\/restauration-de-cadres-emilie-ricour-latourte-a-de-l-or-dans-les-mains\" target=\"_blank\" rel=\"noopener\">\u00c9milie Ricour-Latourte<\/a>.<\/p>\n<p>Les deux restauratrices sont \u00ab\u00a0contentes qu\u2019il retrouve son lieu\u00a0\u00bb. En effet, le portrait de Stanislas sera pr\u00e9sent\u00e9 dans la salle des s\u00e9ances de l\u2019Acad\u00e9mie de Stanislas le jeudi 15\u00a0mai \u00e0 15\u00a0h. Il sera \u00e9galement mis en place avec les autres tableaux dans la salle fra\u00eechement r\u00e9nov\u00e9e.<\/p>\n","protected":false},"excerpt":{"rendered":"L\u2019atelier de B\u00e9atrice Journet-Guerrier de Dumast, restauratrice de peinture \u00e0 Nancy \u00e0 deux pas de la place Stanislas,&hellip;\n","protected":false},"author":2,"featured_media":101702,"comment_status":"","ping_status":"","sticky":false,"template":"","format":"standard","meta":{"footnotes":""},"categories":[9635],"tags":[1111,11,1687,1704,1777,674,1011,27,775,937,1702,1703,12,2661,3456,25,104],"class_list":{"0":"post-101701","1":"post","2":"type-post","3":"status-publish","4":"format-standard","5":"has-post-thumbnail","7":"category-nancy","8":"tag-actu","9":"tag-actualites","10":"tag-culture-loisirs","11":"tag-edition-nancy-et-agglomeration","12":"tag-eu","13":"tag-europe","14":"tag-fr","15":"tag-france","16":"tag-grand-est","17":"tag-histoire","18":"tag-nancy","19":"tag-nancy-ville-54b","20":"tag-news","21":"tag-patrimoine-culturel","22":"tag-region-lorraine","23":"tag-republique-francaise","24":"tag-societe"},"share_on_mastodon":{"url":"https:\/\/pubeurope.com\/@fr\/114511412181742188","error":""},"_links":{"self":[{"href":"https:\/\/www.europesays.com\/fr\/wp-json\/wp\/v2\/posts\/101701","targetHints":{"allow":["GET"]}}],"collection":[{"href":"https:\/\/www.europesays.com\/fr\/wp-json\/wp\/v2\/posts"}],"about":[{"href":"https:\/\/www.europesays.com\/fr\/wp-json\/wp\/v2\/types\/post"}],"author":[{"embeddable":true,"href":"https:\/\/www.europesays.com\/fr\/wp-json\/wp\/v2\/users\/2"}],"replies":[{"embeddable":true,"href":"https:\/\/www.europesays.com\/fr\/wp-json\/wp\/v2\/comments?post=101701"}],"version-history":[{"count":0,"href":"https:\/\/www.europesays.com\/fr\/wp-json\/wp\/v2\/posts\/101701\/revisions"}],"wp:featuredmedia":[{"embeddable":true,"href":"https:\/\/www.europesays.com\/fr\/wp-json\/wp\/v2\/media\/101702"}],"wp:attachment":[{"href":"https:\/\/www.europesays.com\/fr\/wp-json\/wp\/v2\/media?parent=101701"}],"wp:term":[{"taxonomy":"category","embeddable":true,"href":"https:\/\/www.europesays.com\/fr\/wp-json\/wp\/v2\/categories?post=101701"},{"taxonomy":"post_tag","embeddable":true,"href":"https:\/\/www.europesays.com\/fr\/wp-json\/wp\/v2\/tags?post=101701"}],"curies":[{"name":"wp","href":"https:\/\/api.w.org\/{rel}","templated":true}]}}