{"id":101707,"date":"2025-05-15T10:39:09","date_gmt":"2025-05-15T10:39:09","guid":{"rendered":"https:\/\/www.europesays.com\/fr\/101707\/"},"modified":"2025-05-15T10:39:09","modified_gmt":"2025-05-15T10:39:09","slug":"la-grogne-des-agents-du-fisc-pour-garder-des-places-de-parking-gratuites","status":"publish","type":"post","link":"https:\/\/www.europesays.com\/fr\/101707\/","title":{"rendered":"La grogne des agents du fisc pour garder des places de parking gratuites"},"content":{"rendered":"<p>\u00c0 Toulon, des agents de la \u00absph\u00e8re fonci\u00e8re\u00bb des Finances publiques s\u2019insurgent contre un d\u00e9m\u00e9nagement qui les priverait de stationnement gratuit, \u00abdans un contexte de gel des salaires et de baisse du pouvoir d\u2019achat\u00bb.<\/p>\n<p class=\"fig-paragraph\">Les places de stationnements gratuites pour les salari\u00e9s deviennent un enjeu majeur de\u00a0<a href=\"http:\/\/www.lefigaro.fr\/decideurs\/management\/les-100-entreprises-championnes-de-la-qualite-de-vie-au-travail-en-france-20250311\" target=\"_blank\" data-fig-type=\"Article\" rel=\"noopener nofollow\" data-gtm-custom-categorie=\"navigation\" data-gtm-custom-action=\"crossclick\" data-gtm-custom-label=\"Contextuel\" data-gtm-event=\"customEventSPE\" data-fig-domain=\"LEFIGARO\">\u00abqualit\u00e9 de vie au travail\u00bb<\/a> . \u00c0 Toulon, les agents de la sph\u00e8re fonci\u00e8re de la Direction D\u00e9partementale des Finances Publiques (DDFIP), actuellement install\u00e9s dans le quartier Vert Coteau, doivent d\u00e9m\u00e9nager vers la cit\u00e9 des Lices. C\u2019est li\u00e9 au\u00a0<a href=\"http:\/\/www.lefigaro.fr\/flash-actu\/renovation-de-cites-administratives-le-gouvernement-a-selectionne-39-projets-20191108\" target=\"_blank\" data-fig-type=\"NewsFlash\" rel=\"noopener nofollow\" data-gtm-custom-categorie=\"navigation\" data-gtm-custom-action=\"crossclick\" data-gtm-custom-label=\"Contextuel\" data-gtm-event=\"customEventSPE\" data-fig-domain=\"LEFIGARO\">plan national de r\u00e9habilitation des cit\u00e9s administratives,\u00a0<\/a>un programme d\u2019investissement lanc\u00e9 par l\u2019\u00c9tat pour moderniser ou reconstruire ces ensembles immobiliers qui regroupent plusieurs services publics.<\/p>\n<p class=\"fig-paragraph\">La volont\u00e9 de l\u2019\u00c9tat est d\u2019optimiser l\u2019occupation des surfaces, et rationaliser le parc immobilier. Sauf que la cit\u00e9 des Lices ne dispose que d\u2019une trentaine de places de stationnement, r\u00e9serv\u00e9es aux v\u00e9hicules de service et aux agents exer\u00e7ant des \u00abmissions nomades\u00bb et bien insuffisantes pour accueillir les quelque 70 agents de Vert Coteau.<\/p>\n<p>La direction refuse de r\u00e9pondre aux agents<\/p>\n<p class=\"fig-paragraph\">Face \u00e0 cette situation, les agents ont tent\u00e9 d\u2019interpeller leur hi\u00e9rarchie. Une p\u00e9tition a \u00e9t\u00e9 lanc\u00e9e et pr\u00e9sent\u00e9e lors d\u2019une r\u00e9union du Comit\u00e9 Social d\u2019Administration le 14 mai. \u00abMais la direction a refus\u00e9 de r\u00e9pondre aux agents, et a quitt\u00e9 la s\u00e9ance\u00bb, rapporte Sophie Degeilh, secr\u00e9taire d\u00e9partementale Force ouvri\u00e8re. \u00abLa DDFIP affirme qu\u2019elle n\u2019a pas \u00e0 fournir de parking \u00e0 ses agents. \u00c0 nous de payer, alors que nous n\u2019en avons pas les moyens\u00bb, s\u2019indigne Camille Alexanian, cosecr\u00e9taire de la section Solidaires Finances publiques du Var.<\/p>\n<p class=\"fig-paragraph\">Les agents ont pour demande \u00abla prise en charge du stationnement par l\u2019administration\u00bb. \u00c0 proximit\u00e9, se trouve un parking priv\u00e9 Q-Park (avec des abonnements mensuels de 60 \u00e0 80 euros), vers lequel la DDFIP oriente ses agents face \u00e0 leur revendication. \u00abCe que l\u2019on souhaite, c\u2019est une prise en charge de cette solution par l\u2019administration\u00bb, r\u00e9sume Camille Alexanian. Les syndicats proposent notamment que la DDFIP n\u00e9gocie avec\u00a0<a href=\"http:\/\/www.lefigaro.fr\/flash-eco\/parkings-souterrains-q-park-va-deployer-4-000-bornes-de-recharge-20220215\" target=\"_blank\" data-fig-type=\"NewsFlash\" rel=\"noopener nofollow\" data-gtm-custom-categorie=\"navigation\" data-gtm-custom-action=\"crossclick\" data-gtm-custom-label=\"Contextuel\" data-gtm-event=\"customEventSPE\" data-fig-domain=\"LEFIGARO\">Q-Park<\/a>\u00a0un tarif pr\u00e9f\u00e9rentiel, et prenne ensuite en charge les abonnements. \u00abC\u2019est le parking du Z\u00e9nith de Toulon, qui est donc vide en journ\u00e9e, Q-Park aurait tout \u00e0 y gagner\u00bb, fait-elle valoir.<\/p>\n<p>Une question de \u00abqualit\u00e9 de vie au travail\u00bb<\/p>\n<p class=\"fig-paragraph\">Pour Sophie Degeilh, cette situation s\u2019inscrit dans un contexte plus large de d\u00e9gradation des conditions de travail des fonctionnaires. \u00abOn est tr\u00e8s loin du clich\u00e9 du fonctionnaire privil\u00e9gi\u00e9\u00bb, insiste-t-elle, \u00e9voquant le gel du point d\u2019indice et l\u2019absence d\u2019augmentations salariales. Si la direction n\u2019a pas d\u2019obligation l\u00e9gale de fournir un stationnement, les syndicats en appellent \u00e0 la \u00abqualit\u00e9 de vie au travail\u00bb et \u00e0 \u00abla volont\u00e9 de faire un geste\u00bb envers des agents d\u00e9j\u00e0 confront\u00e9s \u00e0\u00a0<a href=\"http:\/\/www.lefigaro.fr\/conjoncture\/les-difficultes-financieres-feront-du-budget-2026-un-cauchemar-anticipe-la-porte-parole-du-gouvernement-20250326\" target=\"_blank\" data-fig-type=\"NewsFlash\" rel=\"noopener nofollow\" data-gtm-custom-categorie=\"navigation\" data-gtm-custom-action=\"crossclick\" data-gtm-custom-label=\"Contextuel\" data-gtm-event=\"customEventSPE\" data-fig-domain=\"LEFIGARO\">des difficult\u00e9s financi\u00e8res<\/a>.<\/p>\n<p class=\"fig-paragraph\">La communication de la DDFIP du Var, indique simplement au Figaro \u00abqu\u2019il y a des parkings gratuits, mais \u00e9loign\u00e9s\u00bb et que la situation concerne \u00abtous les services de l\u2019\u00c9tat\u00bb \u00e0 Toulon. Quant au directeur d\u00e9partemental, il a refus\u00e9 de r\u00e9pondre \u00e0 nos questions. Quant \u00e0 elle, l\u2019intersyndicale FO-Solidaires-CGT poursuit sa mobilisation, rappelant \u00abqu\u2019assurer aux agents du service public de bonnes conditions de travail, c\u2019est garantir aux usagers un service public de qualit\u00e9 et de proximit\u00e9\u00bb.<\/p>\n","protected":false},"excerpt":{"rendered":"\u00c0 Toulon, des agents de la \u00absph\u00e8re fonci\u00e8re\u00bb des Finances publiques s\u2019insurgent contre un d\u00e9m\u00e9nagement qui les priverait&hellip;\n","protected":false},"author":2,"featured_media":101708,"comment_status":"","ping_status":"","sticky":false,"template":"","format":"standard","meta":{"footnotes":""},"categories":[9619],"tags":[1296,1111,47,11,6712,1977,646,10929,10930,1755,7527,10931,1777,674,2251,20814,1011,27,4320,12,16025,7526,6027,882,10651,25,7258,2310,4752,3888],"class_list":{"0":"post-101707","1":"post","2":"type-post","3":"status-publish","4":"format-standard","5":"has-post-thumbnail","7":"category-toulon","8":"tag-accessoires","9":"tag-actu","10":"tag-actualite","11":"tag-actualites","12":"tag-audi","13":"tag-auto","14":"tag-automobile","15":"tag-automobiles","16":"tag-autos","17":"tag-bmw","18":"tag-citroen","19":"tag-essais","20":"tag-eu","21":"tag-europe","22":"tag-ferrari","23":"tag-fisc","24":"tag-fr","25":"tag-france","26":"tag-mercedes","27":"tag-news","28":"tag-parking","29":"tag-peugeot","30":"tag-porsche","31":"tag-provence-alpes-cote-dazur","32":"tag-renault","33":"tag-republique-francaise","34":"tag-tests","35":"tag-toulon","36":"tag-voiture","37":"tag-voitures"},"share_on_mastodon":{"url":"https:\/\/pubeurope.com\/@fr\/114511423951388917","error":""},"_links":{"self":[{"href":"https:\/\/www.europesays.com\/fr\/wp-json\/wp\/v2\/posts\/101707","targetHints":{"allow":["GET"]}}],"collection":[{"href":"https:\/\/www.europesays.com\/fr\/wp-json\/wp\/v2\/posts"}],"about":[{"href":"https:\/\/www.europesays.com\/fr\/wp-json\/wp\/v2\/types\/post"}],"author":[{"embeddable":true,"href":"https:\/\/www.europesays.com\/fr\/wp-json\/wp\/v2\/users\/2"}],"replies":[{"embeddable":true,"href":"https:\/\/www.europesays.com\/fr\/wp-json\/wp\/v2\/comments?post=101707"}],"version-history":[{"count":0,"href":"https:\/\/www.europesays.com\/fr\/wp-json\/wp\/v2\/posts\/101707\/revisions"}],"wp:featuredmedia":[{"embeddable":true,"href":"https:\/\/www.europesays.com\/fr\/wp-json\/wp\/v2\/media\/101708"}],"wp:attachment":[{"href":"https:\/\/www.europesays.com\/fr\/wp-json\/wp\/v2\/media?parent=101707"}],"wp:term":[{"taxonomy":"category","embeddable":true,"href":"https:\/\/www.europesays.com\/fr\/wp-json\/wp\/v2\/categories?post=101707"},{"taxonomy":"post_tag","embeddable":true,"href":"https:\/\/www.europesays.com\/fr\/wp-json\/wp\/v2\/tags?post=101707"}],"curies":[{"name":"wp","href":"https:\/\/api.w.org\/{rel}","templated":true}]}}