{"id":101715,"date":"2025-05-15T10:43:11","date_gmt":"2025-05-15T10:43:11","guid":{"rendered":"https:\/\/www.europesays.com\/fr\/101715\/"},"modified":"2025-05-15T10:43:11","modified_gmt":"2025-05-15T10:43:11","slug":"un-cycliste-dans-un-etat-critique","status":"publish","type":"post","link":"https:\/\/www.europesays.com\/fr\/101715\/","title":{"rendered":"un cycliste dans un \u00e9tat critique"},"content":{"rendered":"<p>            Par<br \/>\n        <strong><br \/>\n            <a href=\"https:\/\/actu.fr\/auteur\/thomas-rideau\" title=\"Consulter tous les articles de Thomas Rideau\" rel=\"nofollow noopener\" target=\"_blank\">Thomas Rideau<\/a><br \/>\n        <\/strong><\/p>\n<p>        Publi\u00e9 le<\/p>\n<p>            15 mai 2025 \u00e0 12h01        <\/p>\n<p>Un<strong> grave accident de v\u00e9lo<\/strong> a eu lieu ce mercredi 14\u00a0mai 2025 dans la commune de <a href=\"https:\/\/actu.fr\/normandie\/malaunay_76402\" rel=\"nofollow noopener\" target=\"_blank\">Malaunay (Seine-Maritime)<\/a>, apprend-on de source polici\u00e8re. <strong>Un cycliste de 58\u00a0ans<\/strong> a \u00e9t\u00e9 tr\u00e8s gravement bless\u00e9.<\/p>\n<p>Une enqu\u00eate ouverte<\/p>\n<p class=\" wall-content\">Le Samu, les pompiers et la police sont appel\u00e9s vers 18h, rue de l\u2019\u00c9glise \u00e0 Malaunay pour un \u00ab\u2009accident corporel\u2009\u00bb. Au sol, <strong>une victime inconsciente<\/strong>. Il s\u2019agit donc d\u2019un homme de 58\u00a0ans qui pr\u00e9sente une blessure importante \u00e0 la t\u00eate.<\/p>\n<p class=\" wall-content\">Sur place, la police comprend que la victime a fait <strong>une chute \u00e0 v\u00e9lo<\/strong>. \u00ab\u2009Il n\u2019y a pas de choc sur le v\u00e9lo\u2009\u00bb, pas de signe ou trace d\u2019une \u00e9ventuelle voiture sur la bicyclette, indique la police qui a <strong>ouvert une enqu\u00eate<\/strong>, mais qui pr\u00e9cise qu\u2019il s\u2019agit certainement \u00ab\u2009d\u2019une chute fortuite\u2009\u00bb. L\u2019homme dont le pronostic vital est engag\u00e9 a \u00e9t\u00e9 transport\u00e9 en urgence au CHU de Rouen.<\/p>\n<p>Suivez l\u2019actualit\u00e9 de Rouen <a href=\"https:\/\/www.whatsapp.com\/channel\/0029VaKfnf99hXF2ddApFB1D\" rel=\"nofollow noopener\" target=\"_blank\">sur notre cha\u00eene WhatsApp<\/a> et <a href=\"https:\/\/www.tiktok.com\/@76actu.fr?lang=fr\" rel=\"nofollow noopener\" target=\"_blank\">sur notre compte TikTok<\/a><\/p>\n<p class=\" wall-content\">Suivez toute l\u2019actualit\u00e9 de vos villes et m\u00e9dias favoris en vous inscrivant \u00e0 <a href=\"https:\/\/moncompte.actu.fr\" title=\"D\u00e9couvez Mon Actu\" rel=\"nofollow noopener\" data-trk=\"{&quot;cta&quot;:{&quot;action&quot;:&quot;https:\\\/\\\/moncompte.actu.fr&quot;,&quot;category&quot;:&quot;mon compte&quot;,&quot;from&quot;:&quot;article footer&quot;,&quot;name&quot;:&quot;Mon actu&quot;,&quot;type&quot;:&quot;cta&quot;}}\" target=\"_blank\">Mon Actu<\/a>.<\/p>\n<p>                    <script async src=\"\/\/www.tiktok.com\/embed.js\"><\/script><\/p>\n","protected":false},"excerpt":{"rendered":"Par Thomas Rideau Publi\u00e9 le 15 mai 2025 \u00e0 12h01 Un grave accident de v\u00e9lo a eu lieu&hellip;\n","protected":false},"author":2,"featured_media":101716,"comment_status":"","ping_status":"","sticky":false,"template":"","format":"standard","meta":{"footnotes":""},"categories":[9587],"tags":[119,1111,11,1777,674,118,1011,27,12,5161,1072,25,9590,208],"class_list":{"0":"post-101715","1":"post","2":"type-post","3":"status-publish","4":"format-standard","5":"has-post-thumbnail","7":"category-rouen","8":"tag-accident","9":"tag-actu","10":"tag-actualites","11":"tag-eu","12":"tag-europe","13":"tag-faits-divers","14":"tag-fr","15":"tag-france","16":"tag-news","17":"tag-normandie","18":"tag-police","19":"tag-republique-francaise","20":"tag-rouen","21":"tag-velo"},"share_on_mastodon":{"url":"https:\/\/pubeurope.com\/@fr\/114511439677214438","error":""},"_links":{"self":[{"href":"https:\/\/www.europesays.com\/fr\/wp-json\/wp\/v2\/posts\/101715","targetHints":{"allow":["GET"]}}],"collection":[{"href":"https:\/\/www.europesays.com\/fr\/wp-json\/wp\/v2\/posts"}],"about":[{"href":"https:\/\/www.europesays.com\/fr\/wp-json\/wp\/v2\/types\/post"}],"author":[{"embeddable":true,"href":"https:\/\/www.europesays.com\/fr\/wp-json\/wp\/v2\/users\/2"}],"replies":[{"embeddable":true,"href":"https:\/\/www.europesays.com\/fr\/wp-json\/wp\/v2\/comments?post=101715"}],"version-history":[{"count":0,"href":"https:\/\/www.europesays.com\/fr\/wp-json\/wp\/v2\/posts\/101715\/revisions"}],"wp:featuredmedia":[{"embeddable":true,"href":"https:\/\/www.europesays.com\/fr\/wp-json\/wp\/v2\/media\/101716"}],"wp:attachment":[{"href":"https:\/\/www.europesays.com\/fr\/wp-json\/wp\/v2\/media?parent=101715"}],"wp:term":[{"taxonomy":"category","embeddable":true,"href":"https:\/\/www.europesays.com\/fr\/wp-json\/wp\/v2\/categories?post=101715"},{"taxonomy":"post_tag","embeddable":true,"href":"https:\/\/www.europesays.com\/fr\/wp-json\/wp\/v2\/tags?post=101715"}],"curies":[{"name":"wp","href":"https:\/\/api.w.org\/{rel}","templated":true}]}}