{"id":101717,"date":"2025-05-15T10:46:09","date_gmt":"2025-05-15T10:46:09","guid":{"rendered":"https:\/\/www.europesays.com\/fr\/101717\/"},"modified":"2025-05-15T10:46:09","modified_gmt":"2025-05-15T10:46:09","slug":"le-pari-insolite-de-ce-maire","status":"publish","type":"post","link":"https:\/\/www.europesays.com\/fr\/101717\/","title":{"rendered":"le pari insolite de ce maire"},"content":{"rendered":"<p>            Par<br \/>\n        <strong><br \/>\n            <a href=\"https:\/\/actu.fr\/auteur\/lisa-rodrigues\" title=\"Consulter tous les articles de Lisa Rodrigues\" rel=\"nofollow noopener\" target=\"_blank\">Lisa Rodrigues<\/a><br \/>\n        <\/strong><\/p>\n<p>        Publi\u00e9 le<\/p>\n<p>            15 mai 2025 \u00e0 12h25        <\/p>\n<p>La commune de <a href=\"https:\/\/actu.fr\/auvergne-rhone-alpes\/fontaine_38169\" rel=\"nofollow noopener\" target=\"_blank\">Fontaine<\/a>, au nord de Grenoble, n\u2019est pas \u00e9pargn\u00e9e par le trafic de drogue. Pour tenter de faire reculer cette activit\u00e9, la mairie a lanc\u00e9 une \u00ab\u00a0op\u00e9ration de s\u00e9curit\u00e9 et d\u2019occupation citoyenne\u00a0\u00bb du 14 au 24 mai, sur les principaux points de deal de la ville.\u00a0<br \/>Objectifs annonc\u00e9s : \u00ab\u00a0s\u00e9curiser les emplacements li\u00e9s aux trafics de drogue en d\u00e9logeant les dealers et les consommateurs\u00a0\u00bb et \u00ab\u00a0se <strong>r\u00e9approprier l\u2019espace public<\/strong> en proposant des actions \u00e0 destination des habitants\u00a0\u00bb. <br \/>Et ce, avec une s\u00e9rie d\u2019actions pour le moins <strong>originales<\/strong>.<\/p>\n<p>\u00ab\u00a0J\u2019appelle les habitants \u00e0 descendre de chez eux\u00a0\u00bb<\/p>\n<p class=\" wall-content\">Outre une <strong>pr\u00e9sence polici\u00e8re accrue<\/strong> pendant ces dix jours le long de l\u2019avenue Aristide-Briand \u2013 pr\u00e8s de laquelle ont eu lieu plusieurs fusillades ces derniers mois -, pour contr\u00f4ler et verbaliser consommateurs et dealers, des <strong>\u00e9v\u00e9nements festifs<\/strong> sont pr\u00e9vus pour occuper l\u2019espace. Des go\u00fbters, ap\u00e9ritifs avec les habitants ou \u00e9v\u00e9nements associatifs sont programm\u00e9s.<\/p>\n<p>    <a href=\"https:\/\/www.google.com\/maps\/embed?pb=!1m18!1m12!1m3!1d835.9819593988541!2d5.696879621242698!3d45.1891826024635!2m3!1f0!2f0!3f0!3m2!1i1024!2i768!4f13.1!3m3!1m2!1s0x478af370e8222ea3%3A0x14037024e5577a52!2sLes%20Fontainades%20-%20Le%20Vog!5e0!3m2!1sfr!2sfr!4v1747302178631!5m2!1sfr!2sfr\" title=\"Ouvrie le lien\" rel=\"nofollow noopener\" target=\"_blank\">Cliquez ici pour visualiser le contenu<\/a><\/p>\n<p class=\" wall-content\">\u00ab\u00a0J\u2019appelle les habitants \u00e0 descendre de chez eux pour cr\u00e9er du lien et, surtout, pour discuter afin de trouver des solutions \u00e0 long terme\u00a0\u00bb contre le narcotrafic dans le quartier, invite le maire <a href=\"https:\/\/actu.fr\/auvergne-rhone-alpes\/fontaine_38169\/pres-de-grenoble-le-maire-de-cette-commune-vise-par-des-tirs-de-mortier_59807519.html\" rel=\"nofollow noopener\" target=\"_blank\">Franck Longo<\/a> (Modem), contact\u00e9 par la r\u00e9daction.<\/p>\n<p>Les temps forts<\/p>\n<p>Les jeudis 15 et 22 mai, de 16h \u00e0 18h, une rencontre avec les bailleurs sociaux est pr\u00e9vu aux Fontainades, ainsi qu&rsquo;avec le service jeunesse de Fontaine sur la place Maisonnat. Les \u00e9lus, forces de l&rsquo;ordre et services de la Ville seront pr\u00e9sents mercredi 21 mai sur la m\u00eame place \u00e0 16h.<br \/>Concernant les rendez-vous festifs, un go\u00fbter est pr\u00e9vu square Gis\u00e8le-Halimi vendredi 16 mai \u00e0 16h, ainsi que le vendredi 23 mai \u00e0 16h place Mainsonnat, suivi par un ap\u00e9ritif d\u00e8s 18h aux Fontainades. Enfin, une braderie organis\u00e9e par les Petits Fr\u00e8res des Pauvres occupera les Fontainades samedi 24 mai.<\/p>\n<p class=\" wall-content\">Car l\u2019\u00e9dile le sait, le probl\u00e8me ne sera pas r\u00e9gl\u00e9 en dix jours par cette \u00ab\u00a0exp\u00e9rimentation\u00a0\u00bb. \u00ab\u00a0Ce n\u2019est pas une question de dur\u00e9e. Je crois que la solution passera par <strong>la proximit\u00e9<\/strong>. On le voit avec les <a href=\"https:\/\/actu.fr\/auvergne-rhone-alpes\/lyon_69123\/lyon-une-operation-de-police-place-nette-xxl-lancee-ce-que-l-on-sait_60861836.html\" rel=\"nofollow noopener\" target=\"_blank\">op\u00e9rations \u00ab\u00a0Place nette\u00a0\u00bb<\/a> : les forces de l\u2019ordre sont l\u00e0 un ou deux jours, puis les dealers reviennent\u2026\u00a0\u00bb<\/p>\n<p>\u00ab\u00a0Je fais ce que j\u2019ai \u00e0 faire\u00a0\u00bb<\/p>\n<p class=\" wall-content\">L\u2019\u00e9quipe municipale actuelle, \u00e9lue pour la premi\u00e8re fois en 2020, a beau avoir \u00ab\u00a0augment\u00e9 de 30%\u00a0\u00bb ses effectifs de police municipale, renforc\u00e9e ses \u00e9quipements (elle est arm\u00e9e depuis plusieurs ann\u00e9es\u00a0\u00bb, \u00e9tendue ses heures de pr\u00e9sence sur le terrain \u00ab\u00a0jusqu\u2019\u00e0 minuit du lundi au samedi\u00a0\u00bb et avoir cr\u00e9\u00e9 une brigade cynophile, cela ne suffit pas \u00e0 stopper <a href=\"https:\/\/actu.fr\/auvergne-rhone-alpes\/echirolles_38151\/grenoble-operation-geante-de-police-dans-ce-quartier-ce-qu-il-s-est-passe_62385645.html\" rel=\"nofollow noopener\" target=\"_blank\">le trafic de drogue<\/a>.\u00a0<\/p>\n<blockquote class=\"ac-article-quote wall-content\">\n<p>J&rsquo;ai mis beaucoup de moyens, mais malgr\u00e9 cela, je continuais de recevoir des commer\u00e7ants inquiets, des mamans du quartier qui d\u00e9sinscrivent leurs enfants du sport, car elles ne veulent pas qu&rsquo;ils rentrent le soir seuls.<\/p>\n<p>    <strong>Franck Longo<\/strong><br \/>\n        Maire de Fontaine    <\/p><\/blockquote>\n<p class=\" wall-content\">En tant que maire, il estime <strong>\u00eatre dans \u00ab\u00a0son r\u00f4le\u00a0\u00bb<\/strong> en agissant pour la s\u00e9curit\u00e9 de ses concitoyens par ces actions. \u00ab\u00a0Je fais ce que j\u2019ai \u00e0 faire.\u00a0\u00bb<\/p>\n<p class=\" wall-content\">\u00c0 un an des municipales, on peut tout de m\u00eame \u00eatre tent\u00e9 de voir dans cette op\u00e9ration un acte de campagne\u2026 Ce que r\u00e9fute Franck Longo. \u00ab\u00a0Ce n\u2019est pas en lien avec le cadre \u00e9lectoral, assure le maire \u00e0 <a href=\"https:\/\/actu.fr\/grenoble\/\" rel=\"nofollow noopener\" target=\"_blank\">actu Grenoble<\/a>. Je n\u2019ai pas attendu la derni\u00e8re ann\u00e9e du mandat pour agir sur la s\u00e9curit\u00e9.\u00a0\u00bb<\/p>\n<p>\u00ab\u00a0Vivre sereinement\u00a0\u00bb<\/p>\n<p class=\" wall-content\">Lors du premier jour de l\u2019op\u00e9ration, une <strong>petite dizaine de verbalisations<\/strong> a \u00e9t\u00e9 effectu\u00e9e par la police sur Fontaine, dont une partie en lien avec la consommation ou la vente de stup\u00e9fiants, selon l\u2019\u00e9dile.<\/p>\n<p>    <a href=\"https:\/\/www.facebook.com\/plugins\/video.php?height=476&amp;href=https%3A%2F%2Fwww.facebook.com%2Ffontaine38600%2Fvideos%2F1337624397344839%2F&amp;show_text=false&amp;width=350&amp;t=0\" title=\"Ouvrie le lien\" rel=\"nofollow noopener\" target=\"_blank\">Cliquez ici pour visualiser le contenu<\/a><\/p>\n<p class=\" wall-content\">Les bailleurs sociaux, propri\u00e9taires de nombreux logements dans le quartier concern\u00e9, ont aussi \u00e9t\u00e9 associ\u00e9s au lancement de l\u2019op\u00e9ration. Laurent Richiero, directeur du pole territoires chez Actis salue l\u2019\u00e9v\u00e9nement, mais admet aupr\u00e8s de l\u2019AFP que reprendre le contr\u00f4le des lieux \u00ab\u00a0ne va pas \u00eatre simple\u00a0\u00bb.<\/p>\n<p class=\" wall-content\">\u00ab\u00a0Ce que demandent nos locataires, c\u2019est de rentrer chez eux, vivre sereinement, que les mont\u00e9es ne soient pas cass\u00e9es sans arr\u00eat\u00a0\u00bb, en d\u00e9signant l\u2019immeuble devant lequel a eu lieu <a href=\"https:\/\/actu.fr\/auvergne-rhone-alpes\/fontaine_38169\/grenoble-un-homme-entre-la-vie-et-la-mort-apres-une-fusillade-ce-que-l-on-sait_61607342.html\" rel=\"nofollow noopener\" target=\"_blank\">une fusillade mortelle<\/a> en septembre 2024. Une porte vitr\u00e9e garde d\u2019ailleurs les stigmates de ce meurtre, avec deux gros impacts de balles toujours pr\u00e9sents.<\/p>\n<p class=\" wall-content\">Du c\u00f4t\u00e9 des habitants, l\u2019initiative est majoritairement soutenue, mais beaucoup \u00ab\u00a0demande \u00e0 voir.\u00a0\u00bb<\/p>\n<p class=\" wall-content\"><strong>Avec AFP<\/strong><\/p>\n<p class=\" wall-content\">Suivez toute l\u2019actualit\u00e9 de vos villes et m\u00e9dias favoris en vous inscrivant \u00e0 <a href=\"https:\/\/moncompte.actu.fr\" title=\"D\u00e9couvez Mon Actu\" rel=\"nofollow noopener\" data-trk=\"{&quot;cta&quot;:{&quot;action&quot;:&quot;https:\\\/\\\/moncompte.actu.fr&quot;,&quot;category&quot;:&quot;mon compte&quot;,&quot;from&quot;:&quot;article footer&quot;,&quot;name&quot;:&quot;Mon actu&quot;,&quot;type&quot;:&quot;cta&quot;}}\" target=\"_blank\">Mon Actu<\/a>.<\/p>\n","protected":false},"excerpt":{"rendered":"Par Lisa Rodrigues Publi\u00e9 le 15 mai 2025 \u00e0 12h25 La commune de Fontaine, au nord de Grenoble,&hellip;\n","protected":false},"author":2,"featured_media":101718,"comment_status":"","ping_status":"","sticky":false,"template":"","format":"standard","meta":{"footnotes":""},"categories":[9566],"tags":[1111,11,2430,1052,1777,674,1011,27,2731,12,25,104],"class_list":{"0":"post-101717","1":"post","2":"type-post","3":"status-publish","4":"format-standard","5":"has-post-thumbnail","7":"category-grenoble","8":"tag-actu","9":"tag-actualites","10":"tag-auvergne-rhone-alpes","11":"tag-drogue","12":"tag-eu","13":"tag-europe","14":"tag-fr","15":"tag-france","16":"tag-grenoble","17":"tag-news","18":"tag-republique-francaise","19":"tag-societe"},"share_on_mastodon":{"url":"https:\/\/pubeurope.com\/@fr\/114511451524898338","error":""},"_links":{"self":[{"href":"https:\/\/www.europesays.com\/fr\/wp-json\/wp\/v2\/posts\/101717","targetHints":{"allow":["GET"]}}],"collection":[{"href":"https:\/\/www.europesays.com\/fr\/wp-json\/wp\/v2\/posts"}],"about":[{"href":"https:\/\/www.europesays.com\/fr\/wp-json\/wp\/v2\/types\/post"}],"author":[{"embeddable":true,"href":"https:\/\/www.europesays.com\/fr\/wp-json\/wp\/v2\/users\/2"}],"replies":[{"embeddable":true,"href":"https:\/\/www.europesays.com\/fr\/wp-json\/wp\/v2\/comments?post=101717"}],"version-history":[{"count":0,"href":"https:\/\/www.europesays.com\/fr\/wp-json\/wp\/v2\/posts\/101717\/revisions"}],"wp:featuredmedia":[{"embeddable":true,"href":"https:\/\/www.europesays.com\/fr\/wp-json\/wp\/v2\/media\/101718"}],"wp:attachment":[{"href":"https:\/\/www.europesays.com\/fr\/wp-json\/wp\/v2\/media?parent=101717"}],"wp:term":[{"taxonomy":"category","embeddable":true,"href":"https:\/\/www.europesays.com\/fr\/wp-json\/wp\/v2\/categories?post=101717"},{"taxonomy":"post_tag","embeddable":true,"href":"https:\/\/www.europesays.com\/fr\/wp-json\/wp\/v2\/tags?post=101717"}],"curies":[{"name":"wp","href":"https:\/\/api.w.org\/{rel}","templated":true}]}}