{"id":101723,"date":"2025-05-15T10:49:12","date_gmt":"2025-05-15T10:49:12","guid":{"rendered":"https:\/\/www.europesays.com\/fr\/101723\/"},"modified":"2025-05-15T10:49:12","modified_gmt":"2025-05-15T10:49:12","slug":"a-strasbourg-des-blocages-dans-trois-lycees-pour-un-cessez-le-feu-a-gaza","status":"publish","type":"post","link":"https:\/\/www.europesays.com\/fr\/101723\/","title":{"rendered":"\u00c0 Strasbourg, des blocages dans trois lyc\u00e9es \u00ab\u00a0pour un cessez le feu \u00e0 Gaza\u00a0\u00bb"},"content":{"rendered":"<p class=\"wp-block-post-excerpt__excerpt\">Jeudi 15 mai, trois lyc\u00e9es du centre-ville font l\u2019objet d\u2019un blocage par des \u00e9l\u00e8ves mobilis\u00e9s \u00ab\u00a0contre le g\u00e9nocide et pour un cessez-le-feu \u00e0 Gaza\u00a0\u00bb. <\/p>\n<p class=\"font-sans\">\n\t\t\tCet article est en acc\u00e8s libre. Pour soutenir Rue89 Strasbourg,<br \/>\n\t\t\t<a class=\"underline\" href=\"https:\/\/www.rue89strasbourg.com\/abonnement\" rel=\"nofollow noopener\" target=\"_blank\">abonnez-vous<\/a>.\n\t\t<\/p>\n<p>Guillaume Krempp<\/p>\n<p>Publi\u00e9 le 15 mai 2025\u00a0\u00a0\u00b7\u00a0\u00a0<\/p>\n<p>Imprim\u00e9 le 15 mai 2025 \u00e0 12h05\u00a0\u00a0\u00b7\u00a0\u00a0<\/p>\n<p>Modifi\u00e9 le 15 mai 2025\u00a0\u00a0\u00b7\u00a0\u00a0<\/p>\n<p>\t\t\t\t\t2\u00a0minutes\n<\/p>\n<p>Une dizaine de lyc\u00e9ens, des lyc\u00e9ennes principalement, s\u2019activent devant le lyc\u00e9e international des Pontonniers ce jeudi 15 mai \u00e0 7 heures. Quelques secondes apr\u00e8s le passage des balayeurs municipaux, les \u00e9l\u00e8ves installent quelques poubelles et autres grilles de chantier devant le portail de l\u2019\u00e9tablissement. Les jeunes militants finissent par cadenasser le tout avant de scotcher un drapeau palestinien sur la haut de l\u2019entr\u00e9e. El\u00e8ve en terminale, Janelle explique l\u2019action en cours : <\/p>\n<blockquote class=\"wp-block-quote is-layout-flow wp-block-quote-is-layout-flow\">\n<p>\u00ab\u00a0On se mobilise pour la Palestine parce que la situation \u00e0 Gaza est alarmante, entre les bombardements qui ont repris et la famine li\u00e9e au blocus de tous les convois humanitaires. On bloque pour un cessez-le-feu et parce qu\u2019on ne veut pas \u00eatre complice du g\u00e9nocide en cours.\u00a0\u00bb <\/p>\n<\/blockquote>\n<p><a href=\"https:\/\/www.rue89strasbourg.com\/abonnement\" rel=\"nofollow noopener\" target=\"_blank\"><img loading=\"lazy\" decoding=\"async\" width=\"792\" height=\"204\" src=\"https:\/\/www.europesays.com\/fr\/wp-content\/uploads\/2025\/05\/bannie\u0300re-autopromo-2025-desktop-792x204.png\" alt=\"\" class=\"wp-image-341654\"  \/><\/a><\/p>\n<p><a href=\"https:\/\/www.rue89strasbourg.com\/abonnement\" rel=\"nofollow noopener\" target=\"_blank\"><img loading=\"lazy\" decoding=\"async\" width=\"300\" height=\"300\" src=\"https:\/\/www.europesays.com\/fr\/wp-content\/uploads\/2025\/05\/bannieres@2x.png\" alt=\"\" class=\"wp-image-341656\"  \/><\/a><\/p>\n<p>Jour d\u2019\u00e9preuve du bac aux Pontonniers<\/p>\n<p>\u00ab\u00a0On demande aussi \u00e0 la Ville de Strasbourg de mettre fin \u00e0 <a href=\"https:\/\/www.google.com\/search?q=partenariat+ramat+gan+rue89&amp;sca_esv=a980cca8ef080035&amp;ei=V40laMeGIMirkdUPgfLL2AQ&amp;ved=0ahUKEwiHjtP_76SNAxXIVaQEHQH5EksQ4dUDCBA&amp;uact=5&amp;oq=partenariat+ramat+gan+rue89&amp;gs_lp=Egxnd3Mtd2l6LXNlcnAiG3BhcnRlbmFyaWF0IHJhbWF0IGdhbiBydWU4OTIFECEYoAFIkDVQggVY4jNwBXgBkAEAmAGfAqAB9RyqAQY0LjI0LjG4AQPIAQD4AQGYAiKgArUgwgIKEAAYsAMY1gQYR8ICDRAAGIAEGLADGEMYigXCAgoQABiABBhDGIoFwgIQEC4YgAQYQxjHARiKBRivAcICCxAuGIAEGMcBGK8BwgILEAAYgAQYsQMYgwHCAhQQLhiABBixAxiDARjHARiKBRivAcICDhAuGIAEGMcBGJgFGK8BwgIOEC4YgAQYsQMYxwEYrwHCAggQABiABBixA8ICBRAAGIAEwgIOEAAYgAQYsQMYgwEYigXCAg4QLhiABBixAxiDARiKBcICBRAuGIAEwgINEAAYgAQYsQMYgwEYCsICDRAuGIAEGMcBGAoYrwHCAhAQLhiABBjRAxhDGMcBGIoFwgIHEAAYgAQYCsICEBAuGIAEGLEDGNEDGMcBGArCAhQQLhiABBiXBRjcBBjeBBjfBNgBAcICDRAuGIAEGNEDGMcBGArCAgYQABgWGB7CAgUQABjvBcICCBAAGIAEGKIEwgIFECEYnwXCAgcQIRigARgKwgIEECEYFZgDAIgGAZAGBLoGBggBEAEYFJIHBjYuMjcuMaAH54MCsgcGMS4yNy4xuAfxHw&amp;sclient=gws-wiz-serp\" target=\"_blank\" rel=\"noreferrer noopener nofollow\">son partenariat avec la ville de Ramat-Gan<\/a>\u00ab\u00a0, ajoute Capucine, \u00e9l\u00e8ve en premi\u00e8re du m\u00eame \u00e9tablissement. <\/p>\n<p>Le blocage n\u2019a pas dur\u00e9 un quart d\u2019heure quand la proviseure du lyc\u00e9e V\u00e9ronique Rosay exige des lyc\u00e9ens qu\u2019ils mettent fin \u00e0 leur action. Elle envoie d\u2019abord un agent d\u2019entretien pour d\u00e9gager l\u2019entr\u00e9e. Mais ce dernier fait face \u00e0 une petite cha\u00eene humaine de la dizaine de lyc\u00e9ennes. L\u2019homme s\u2019\u00e9nerve : \u00ab\u00a0Vous n\u2019\u00eates que des branleurs et vous n\u2019y connaissez rien \u00e0 Gaza. Ca sert \u00e0 rien ce que vous faites. Vous devriez manifester devant l\u2019ambassade d\u2019Isra\u00ebl.\u00a0\u00bb A son coll\u00e8gue, il affirme \u00e0 voix haute : \u00ab\u00a0Je ne vais pas m\u2019\u00e9nerver sinon je vais en \u00e9clater un\u2026\u00a0\u00bb <\/p>\n<p>La proviseure du lyc\u00e9e des Pontonniers appelle ensuite la police. \u00ab\u00a0Je ne suis pas contre les manifestations et l\u2019engagement des lyc\u00e9es, d\u00e9clare-t-elle, mais aujourd\u2019hui des lyc\u00e9ens passent une \u00e9preuve du baccalaur\u00e9at. Il n\u2019est pas envisageable que les \u00e9l\u00e8ves doivent faire face \u00e0 de telles conditions pour passer leur examen.\u00a0\u00bb <\/p>\n<p>\t\tDeux autres lyc\u00e9es concern\u00e9s<\/p>\n<p>Au m\u00eame moment, une dizaine de personnes ont mis en place un blocage au lyc\u00e9e Marie Curie avant de subir un contr\u00f4le d\u2019identit\u00e9 de la part de la police nationale.<\/p>\n<p>Vers 7h30, c\u2019est du c\u00f4t\u00e9 du lyc\u00e9e Fustel de Coulanges qu\u2019une trentaine de lyc\u00e9ens mettent en place le m\u00eame mode d\u2019action pour bloquer l\u2019\u00e9tablissement. Pr\u00e9sente sur la place du Ch\u00e2teau apr\u00e8s le blocage de l\u2019entr\u00e9e, Lucile, \u00e9tudiante \u00e0 l\u2019Universit\u00e9 de Strasbourg, appelle \u00e0 rejoindre une manifestation contre l\u2019islamophobie \u00e0 l\u2019appel du comit\u00e9 Palestine Unistras place Kl\u00e9ber \u00e0 14 heures. Elle invite aussi \u00e0 rejoindre le village pour la Palestine \u00e0 l\u2019Universit\u00e9 pour une conf\u00e9rence sur les moyens \u00ab\u00a0de soutenir de France la r\u00e9sistance des peuples en lutte\u00a0\u00bb \u00e0 16 heures.<\/p>\n<p>Une heure plus tard, une brigade de CRS intervenait au lyc\u00e9e des Pontonniers pour mettre fin au blocage. A l\u2019heure d\u2019\u00e9crire ces lignes, les \u00e9tablissements Fustel de Coulanges et Marie Curie \u00e9taient toujours bloqu\u00e9s par les lyc\u00e9ens et lyc\u00e9ennes mobilis\u00e9es.<\/p>\n<p><img loading=\"lazy\" decoding=\"async\" width=\"792\" height=\"594\" src=\"https:\/\/www.europesays.com\/fr\/wp-content\/uploads\/2025\/05\/img-20250515-085325-792x594.jpg\" alt=\"\" class=\"wp-image-343349\"  \/> Apr\u00e8s l\u2019intervention des gendarmes au lyc\u00e9e des Pontonniers. Photo\u00a0: Document remis<\/p>\n","protected":false},"excerpt":{"rendered":"Jeudi 15 mai, trois lyc\u00e9es du centre-ville font l\u2019objet d\u2019un blocage par des \u00e9l\u00e8ves mobilis\u00e9s \u00ab\u00a0contre le g\u00e9nocide&hellip;\n","protected":false},"author":2,"featured_media":101724,"comment_status":"","ping_status":"","sticky":false,"template":"","format":"standard","meta":{"footnotes":""},"categories":[2820],"tags":[1111,11,1777,674,1011,27,775,2633,12,3518,25,640],"class_list":{"0":"post-101723","1":"post","2":"type-post","3":"status-publish","4":"format-standard","5":"has-post-thumbnail","7":"category-strasbourg","8":"tag-actu","9":"tag-actualites","10":"tag-eu","11":"tag-europe","12":"tag-fr","13":"tag-france","14":"tag-grand-est","15":"tag-lycee","16":"tag-news","17":"tag-palestine","18":"tag-republique-francaise","19":"tag-strasbourg"},"share_on_mastodon":{"url":"https:\/\/pubeurope.com\/@fr\/114511463441041940","error":""},"_links":{"self":[{"href":"https:\/\/www.europesays.com\/fr\/wp-json\/wp\/v2\/posts\/101723","targetHints":{"allow":["GET"]}}],"collection":[{"href":"https:\/\/www.europesays.com\/fr\/wp-json\/wp\/v2\/posts"}],"about":[{"href":"https:\/\/www.europesays.com\/fr\/wp-json\/wp\/v2\/types\/post"}],"author":[{"embeddable":true,"href":"https:\/\/www.europesays.com\/fr\/wp-json\/wp\/v2\/users\/2"}],"replies":[{"embeddable":true,"href":"https:\/\/www.europesays.com\/fr\/wp-json\/wp\/v2\/comments?post=101723"}],"version-history":[{"count":0,"href":"https:\/\/www.europesays.com\/fr\/wp-json\/wp\/v2\/posts\/101723\/revisions"}],"wp:featuredmedia":[{"embeddable":true,"href":"https:\/\/www.europesays.com\/fr\/wp-json\/wp\/v2\/media\/101724"}],"wp:attachment":[{"href":"https:\/\/www.europesays.com\/fr\/wp-json\/wp\/v2\/media?parent=101723"}],"wp:term":[{"taxonomy":"category","embeddable":true,"href":"https:\/\/www.europesays.com\/fr\/wp-json\/wp\/v2\/categories?post=101723"},{"taxonomy":"post_tag","embeddable":true,"href":"https:\/\/www.europesays.com\/fr\/wp-json\/wp\/v2\/tags?post=101723"}],"curies":[{"name":"wp","href":"https:\/\/api.w.org\/{rel}","templated":true}]}}