{"id":101725,"date":"2025-05-15T10:50:10","date_gmt":"2025-05-15T10:50:10","guid":{"rendered":"https:\/\/www.europesays.com\/fr\/101725\/"},"modified":"2025-05-15T10:50:10","modified_gmt":"2025-05-15T10:50:10","slug":"strasbourg-de-jeunes-militants-bloquent-trois-lycees-en-soutien-a-la-palestine","status":"publish","type":"post","link":"https:\/\/www.europesays.com\/fr\/101725\/","title":{"rendered":"Strasbourg. De jeunes militants bloquent trois lyc\u00e9es en soutien \u00e0 la Palestine"},"content":{"rendered":"<p>\u00ab\u00a0On est l\u00e0 en soutien <a href=\"https:\/\/www.dna.fr\/france-monde\/israel\" target=\"_blank\" rel=\"nofollow noopener\">\u00e0 la Palestine<\/a> et contre l\u2019islamophobie\u00a0\u00bb, crie Georges, 16 ans. Derri\u00e8re lui, devant l\u2019entr\u00e9e du lyc\u00e9e international des Pontonniers, deux jeunes femmes mont\u00e9es sur des poubelles scandent au m\u00e9gaphone \u00ab\u00a0la jeunesse emmerde le Front national\u00a0!\u00a0\u00bb et \u00ab\u00a0free Palestine\u00a0!\u00a0\u00bb.<\/p>\n<p>\u00ab\u00a0Notre g\u00e9n\u00e9ration est en train d\u2019assister <a href=\"https:\/\/www.dna.fr\/politique\/2025\/05\/13\/emmanuel-macron-sur-tf1-referendum-fin-de-vie-ukraine-suivez-son-intervention\" target=\"_blank\" rel=\"nofollow noopener\">\u00e0 un g\u00e9nocide<\/a> , on voit des gens comme nous, des lyc\u00e9ens, mourir sous les bombes d\u2019Isra\u00ebl. C\u2019est notre devoir d\u2019alerter contre \u00e7a\u00a0\u00bb, reprend Georges. Plus t\u00f4t, vers 8\u00a0h\u00a030, la police est intervenue pour lib\u00e9rer l\u2019une des entr\u00e9es du prestigieux \u00e9tablissement strasbourgeois. La situation s\u2019est un peu tendue quand, au moyen de boucliers, des fonctionnaires en tenue de maintien de l\u2019ordre ont repouss\u00e9 les manifestants de l\u2019autre c\u00f4t\u00e9 de la rue des Pontonniers, permettant l\u2019acc\u00e8s par le portail d\u2019habitude r\u00e9serv\u00e9 aux professeurs. Deux entr\u00e9es sont rest\u00e9es symboliquement ferm\u00e9es mais les \u00e9l\u00e8ves qui le souhaitaient ont pu aller en cours.<\/p>\n<p>  Des \u00e9preuves du baccalaur\u00e9at<\/p>\n<p>\u00ab\u00a0D\u2019un c\u00f4t\u00e9, je respecte l\u2019engagement de ces jeunes qui ont une connaissance de la g\u00e9opolitique int\u00e9ressante, indique V\u00e9ronique Rosay, proviseure du <a href=\"https:\/\/www.dna.fr\/education\/2024\/11\/19\/un-lycee-multiculturel-au-coeur-de-strasbourg\" target=\"_blank\" rel=\"nofollow noopener\">lyc\u00e9e des Pontonniers<\/a>. Mais il faut aussi respecter le droit des autres. Nous sommes dans une situation particuli\u00e8re puisque les \u00e9preuves du baccalaur\u00e9at fran\u00e7ais international (BFI) se tiennent cette semaine avec des examinateurs venus de la France enti\u00e8re. Par ailleurs, des \u00e9preuves du dipl\u00f4me d\u2019\u00e9tudes en langue fran\u00e7aise (Delf) se tiennent aussi chez nous.\u00a0\u00bb<\/p>\n<p>Le lyc\u00e9e Fustel-de-Coulanges, situ\u00e9 place du Ch\u00e2teau, est lui rest\u00e9 enti\u00e8rement bloqu\u00e9 durant la premi\u00e8re partie de la journ\u00e9e. \u00ab\u00a0Nous ne pouvons pas assurer dans ces conditions l\u2019acc\u00e8s aux cours de ce matin, a \u00e9crit aux \u00e9l\u00e8ves et aux familles le proviseur, Pascal Halftermeyer. Les autorit\u00e9s acad\u00e9miques et les forces de l\u2019ordre sont inform\u00e9es de la situation. Les cours sont exceptionnellement suspendus jusqu\u2019\u00e0 midi.\u00a0\u00bb<\/p>\n<p>Des \u00e9l\u00e8ves de Fustel-de-Coulanges, des \u00e9tudiants, des militants\u2026 sont venus rejoindre le mouvement devant les Pontonniers, formant un groupe de quelques dizaines de personnes en milieu de matin\u00e9e.<\/p>\n<p class=\"insetTitle\">Le blocus partiel lev\u00e9 \u00e0 11h \u00e0 Marie-Curie<\/p>\n<p>Un blocage partiel a \u00e9galement \u00e9t\u00e9 organis\u00e9 devant le lyc\u00e9e Marie-Curie, situ\u00e9 rue de Leicester. Les \u00e9l\u00e8ves qui le souhaitaient ont n\u00e9anmoins pu p\u00e9n\u00e9trer dans l\u2019\u00e9tablissement du quartier de l\u2019Esplanade.<\/p>\n<p>\u00ab Les manifestants avaient pr\u00e9venu qu\u2019ils l\u00e8veraient le blocage \u00e0 11h. Ce qui a \u00e9t\u00e9 fait \u00bb, indique Jean-Fran\u00e7ois, directeur de cabinet adjoint du recteur de l&rsquo;acad\u00e9mie de Strasbourg.<\/p>\n","protected":false},"excerpt":{"rendered":"\u00ab\u00a0On est l\u00e0 en soutien \u00e0 la Palestine et contre l\u2019islamophobie\u00a0\u00bb, crie Georges, 16 ans. Derri\u00e8re lui, devant&hellip;\n","protected":false},"author":2,"featured_media":101726,"comment_status":"","ping_status":"","sticky":false,"template":"","format":"standard","meta":{"footnotes":""},"categories":[2820],"tags":[1111,11,2880,1777,674,274,107,1011,27,775,12,25,640,2879],"class_list":{"0":"post-101725","1":"post","2":"type-post","3":"status-publish","4":"format-standard","5":"has-post-thumbnail","7":"category-strasbourg","8":"tag-actu","9":"tag-actualites","10":"tag-edition-strasbourg","11":"tag-eu","12":"tag-europe","13":"tag-faits-divers-justice","14":"tag-fil-info","15":"tag-fr","16":"tag-france","17":"tag-grand-est","18":"tag-news","19":"tag-republique-francaise","20":"tag-strasbourg","21":"tag-strasbourg-ville"},"share_on_mastodon":{"url":"https:\/\/pubeurope.com\/@fr\/114511467307878554","error":""},"_links":{"self":[{"href":"https:\/\/www.europesays.com\/fr\/wp-json\/wp\/v2\/posts\/101725","targetHints":{"allow":["GET"]}}],"collection":[{"href":"https:\/\/www.europesays.com\/fr\/wp-json\/wp\/v2\/posts"}],"about":[{"href":"https:\/\/www.europesays.com\/fr\/wp-json\/wp\/v2\/types\/post"}],"author":[{"embeddable":true,"href":"https:\/\/www.europesays.com\/fr\/wp-json\/wp\/v2\/users\/2"}],"replies":[{"embeddable":true,"href":"https:\/\/www.europesays.com\/fr\/wp-json\/wp\/v2\/comments?post=101725"}],"version-history":[{"count":0,"href":"https:\/\/www.europesays.com\/fr\/wp-json\/wp\/v2\/posts\/101725\/revisions"}],"wp:featuredmedia":[{"embeddable":true,"href":"https:\/\/www.europesays.com\/fr\/wp-json\/wp\/v2\/media\/101726"}],"wp:attachment":[{"href":"https:\/\/www.europesays.com\/fr\/wp-json\/wp\/v2\/media?parent=101725"}],"wp:term":[{"taxonomy":"category","embeddable":true,"href":"https:\/\/www.europesays.com\/fr\/wp-json\/wp\/v2\/categories?post=101725"},{"taxonomy":"post_tag","embeddable":true,"href":"https:\/\/www.europesays.com\/fr\/wp-json\/wp\/v2\/tags?post=101725"}],"curies":[{"name":"wp","href":"https:\/\/api.w.org\/{rel}","templated":true}]}}