{"id":101731,"date":"2025-05-15T10:53:11","date_gmt":"2025-05-15T10:53:11","guid":{"rendered":"https:\/\/www.europesays.com\/fr\/101731\/"},"modified":"2025-05-15T10:53:11","modified_gmt":"2025-05-15T10:53:11","slug":"un-jeune-homme-de-18-ans-condamne-a-nantes-angers-info","status":"publish","type":"post","link":"https:\/\/www.europesays.com\/fr\/101731\/","title":{"rendered":"un jeune homme de 18 ans condamn\u00e9 \u00e0 Nantes \u2013 Angers Info"},"content":{"rendered":"<p><img fetchpriority=\"high\" decoding=\"async\" width=\"746\" height=\"380\" src=\"https:\/\/www.europesays.com\/fr\/wp-content\/uploads\/2025\/05\/0829f9169a05510bad8182f9dc50daf1.jpeg\" alt=\"\" class=\"wp-image-83312\"  \/>Image d\u2019illustration<\/p>\n<p><strong>\u00c0 G\u00e9tign\u00e9, une nonag\u00e9naire a v\u00e9cu un v\u00e9ritable cauchemar lorsque deux jeunes se sont introduits chez elle pour voler sa voiture. Selon <a href=\"https:\/\/actu.fr\/pays-de-la-loire\/sainte-foy_85214\/age-de-18-ans-un-habitant-de-vendee-menace-de-son-couteau-une-veuve-de-90-ans-et-lui-vole-sa-voiture_62638806.html\" target=\"_blank\" rel=\"noopener\">Actu.fr<\/a>, l\u2019un d\u2019eux, \u00e2g\u00e9 de 18 ans et originaire de Vend\u00e9e, a \u00e9t\u00e9 jug\u00e9 et condamn\u00e9 vendredi 9 mai 2025 par le tribunal correctionnel de Nantes.<\/strong><\/p>\n<p><strong>Une agression en plein jour<\/strong><\/p>\n<p>Le 5 mai 2025, \u00e0 15h, une femme de 90 ans vivant seule \u00e0 G\u00e9tign\u00e9 (Loire-Atlantique) a \u00e9t\u00e9 violemment confront\u00e9e \u00e0 deux jeunes hommes. L\u2019un d\u2019eux fouillait dans son sac \u00e0 main pour y trouver les cl\u00e9s de sa voiture, pendant que l\u2019autre l\u2019intimidait avec un couteau. La nonag\u00e9naire, tr\u00e8s affect\u00e9e et souffrant de troubles visuels et auditifs, a d\u00e9clar\u00e9 aux gendarmes se souvenir distinctement de \u00ab la lame pointue \u00bb et des \u00ab voix tr\u00e8s directives \u00bb de ses agresseurs.<\/p>\n<p>Sous la menace, les deux jeunes ont quitt\u00e9 les lieux au volant de sa Citro\u00ebn C4 Picasso, v\u00e9hicule appartenant \u00e0 son mari d\u00e9c\u00e9d\u00e9 en f\u00e9vrier. Le d\u00e9part pr\u00e9cipit\u00e9 n\u2019est pas pass\u00e9 inaper\u00e7u : un t\u00e9moin a failli \u00eatre percut\u00e9 par la voiture et a reconnu le conducteur, permettant une rapide identification.<\/p>\n<p><strong>Un parcours marqu\u00e9 par l\u2019errance et les violences familiales<\/strong><\/p>\n<p>Le principal mis en cause, \u00e2g\u00e9 de 18 ans, est sans domicile fixe depuis que ses parents, habitant Sainte-Foy (Vend\u00e9e), l\u2019ont mis dehors. Selon ses dires, son p\u00e8re, un homme \u00ab tr\u00e8s violent \u00bb, le battait r\u00e9guli\u00e8rement et l\u2019a \u00ab mis en sang plusieurs fois \u00bb. Depuis, il dort dans des halls d\u2019immeuble, sur la plage ou ponctuellement chez sa petite amie \u00e0 La Roche-sur-Yon.<\/p>\n<p>Ancien \u00e9l\u00e8ve en alternance dans une formation en am\u00e9nagement paysager, il est inscrit \u00e0 la Mission locale des Sables-d\u2019Olonne. Ses projets professionnels restent flous, bien qu\u2019il ait \u00e9voqu\u00e9 vouloir travailler dans la livraison de pizzas gr\u00e2ce \u00e0 son BSR. Mais ses d\u00e9marches sont compliqu\u00e9es : ses parents n\u2019ont pas d\u00e9clar\u00e9 son d\u00e9part du foyer, conservant les aides sociales.<\/p>\n<p><strong>Une r\u00e9ponse judiciaire ferme, mais mesur\u00e9e<\/strong><\/p>\n<p>Interpell\u00e9 \u00e0 Vallet peu apr\u00e8s les faits, le jeune homme a reconnu partiellement sa responsabilit\u00e9, affirmant qu\u2019il n\u2019avait sorti son couteau que quelques secondes, simplement \u00ab pour faire peur \u00bb. Il a \u00e9galement confi\u00e9 ne pas \u00eatre \u00e0 l\u2019aise avec l\u2019id\u00e9e de cette agression : \u00ab Moi \u00e0 la base, j\u2019\u00e9tais pas chaud pour faire \u00e7a \u00bb, a-t-il dit \u00e0 la barre.<\/p>\n<p>Malgr\u00e9 ses regrets exprim\u00e9s en garde \u00e0 vue, il aurait pleur\u00e9 et dit regretter \u00ab 100 millions de fois \u00bb son geste, la pr\u00e9sidente du tribunal l\u2019a s\u00e8chement recadr\u00e9 :<strong> \u00ab ce n\u2019est juste pas possible de faire peur \u00e0 quelqu\u2019un qui a 90 ans. Vous l\u2019avez traumatis\u00e9e : concr\u00e8tement, ce que vous lui avez montr\u00e9, c\u2019est qu\u2019elle ne peut se sentir en s\u00e9curit\u00e9 nulle part, pas m\u00eame chez elle ! \u00bb<\/strong>.<\/p>\n<p>La procureure avait requis une peine de douze mois ferme et douze mois avec sursis, assortie d\u2019un travail d\u2019int\u00e9r\u00eat g\u00e9n\u00e9ral, d\u2019une interdiction de s\u00e9jour en Loire-Atlantique, et d\u2019une interdiction de conduire.<\/p>\n<p><strong>Un verdict centr\u00e9 sur la r\u00e9insertion<\/strong><\/p>\n<p>Finalement, le tribunal a prononc\u00e9 une peine de huit mois de prison avec sursis probatoire pendant deux ans, avec obligation de travailler, interdiction de conduire tout v\u00e9hicule \u00e0 moteur, de se rendre \u00e0 G\u00e9tign\u00e9 ou de reprendre contact avec son complice.<\/p>\n<p>Sur le plan civil, le jeune devra verser 2.000 euros de dommages et int\u00e9r\u00eats \u00e0 la victime, bien que ses filles en aient r\u00e9clam\u00e9 5.000.<\/p>\n<p>Son avocate, Me St\u00e9phanie Recasens, a plaid\u00e9 pour une prise en compte de sa situation personnelle, insistant sur sa volont\u00e9 de se r\u00e9ins\u00e9rer : <strong>\u00ab Je suis d\u2019accord pour dire que c\u2019est extr\u00eamement d\u00e9sagr\u00e9able et l\u00e2che. Il \u00e9tait \u00e9mu et en pleurs, comme l\u2019ont relev\u00e9 les gendarmes. \u00bb<\/strong><\/p>\n","protected":false},"excerpt":{"rendered":"Image d\u2019illustration \u00c0 G\u00e9tign\u00e9, une nonag\u00e9naire a v\u00e9cu un v\u00e9ritable cauchemar lorsque deux jeunes se sont introduits chez&hellip;\n","protected":false},"author":2,"featured_media":101732,"comment_status":"","ping_status":"","sticky":false,"template":"","format":"standard","meta":{"footnotes":""},"categories":[2818],"tags":[1111,11,1120,1777,674,1011,27,18366,766,12,21740,2636,25,3693,2546,1175],"class_list":{"0":"post-101731","1":"post","2":"type-post","3":"status-publish","4":"format-standard","5":"has-post-thumbnail","7":"category-nantes","8":"tag-actu","9":"tag-actualites","10":"tag-agression","11":"tag-eu","12":"tag-europe","13":"tag-fr","14":"tag-france","15":"tag-getigne","16":"tag-nantes","17":"tag-news","18":"tag-nonagenaire","19":"tag-pays-de-la-loire","20":"tag-republique-francaise","21":"tag-tribunal","22":"tag-vendee","23":"tag-vol"},"share_on_mastodon":{"url":"https:\/\/pubeurope.com\/@fr\/114511479033380105","error":""},"_links":{"self":[{"href":"https:\/\/www.europesays.com\/fr\/wp-json\/wp\/v2\/posts\/101731","targetHints":{"allow":["GET"]}}],"collection":[{"href":"https:\/\/www.europesays.com\/fr\/wp-json\/wp\/v2\/posts"}],"about":[{"href":"https:\/\/www.europesays.com\/fr\/wp-json\/wp\/v2\/types\/post"}],"author":[{"embeddable":true,"href":"https:\/\/www.europesays.com\/fr\/wp-json\/wp\/v2\/users\/2"}],"replies":[{"embeddable":true,"href":"https:\/\/www.europesays.com\/fr\/wp-json\/wp\/v2\/comments?post=101731"}],"version-history":[{"count":0,"href":"https:\/\/www.europesays.com\/fr\/wp-json\/wp\/v2\/posts\/101731\/revisions"}],"wp:featuredmedia":[{"embeddable":true,"href":"https:\/\/www.europesays.com\/fr\/wp-json\/wp\/v2\/media\/101732"}],"wp:attachment":[{"href":"https:\/\/www.europesays.com\/fr\/wp-json\/wp\/v2\/media?parent=101731"}],"wp:term":[{"taxonomy":"category","embeddable":true,"href":"https:\/\/www.europesays.com\/fr\/wp-json\/wp\/v2\/categories?post=101731"},{"taxonomy":"post_tag","embeddable":true,"href":"https:\/\/www.europesays.com\/fr\/wp-json\/wp\/v2\/tags?post=101731"}],"curies":[{"name":"wp","href":"https:\/\/api.w.org\/{rel}","templated":true}]}}