{"id":101739,"date":"2025-05-15T10:57:08","date_gmt":"2025-05-15T10:57:08","guid":{"rendered":"https:\/\/www.europesays.com\/fr\/101739\/"},"modified":"2025-05-15T10:57:08","modified_gmt":"2025-05-15T10:57:08","slug":"lagitateur-du-leroy-merlin-en-prison","status":"publish","type":"post","link":"https:\/\/www.europesays.com\/fr\/101739\/","title":{"rendered":"l&rsquo;agitateur du Leroy Merlin en prison"},"content":{"rendered":"<p>            Par<br \/>\n        <strong><br \/>\n            <a href=\"https:\/\/actu.fr\/auteur\/guillaume-laurens\" title=\"Consulter tous les articles de Guillaume Laurens\" target=\"_blank\" rel=\"noopener\">Guillaume Laurens<\/a><br \/>\n        <\/strong><\/p>\n<p>        Publi\u00e9 le<\/p>\n<p>            15 mai 2025 \u00e0 12h41        <\/p>\n<p>Il devait se faire poser un <strong>bracelet \u00e9lectronique \u00e0 la cheville<\/strong> au lendemain des faits\u2026 Dimanche, un individu a <strong>sem\u00e9 la pagaille<\/strong> au magasin de bricolage <strong>Leroy Merlin<\/strong> de <a href=\"https:\/\/actu.fr\/occitanie\/balma_31044\" target=\"_blank\" rel=\"noopener\"><strong>Toulouse-Balma<\/strong><\/a><strong>, <\/strong>importunant les clients et mena\u00e7ant de <strong>faire usage d\u2019une arme<\/strong>, avant de <strong>tenter de percuter <\/strong>quelqu\u2019un sur le parking. Jug\u00e9 en comparution imm\u00e9diate mardi 13 mai 2025, l\u2019homme de 37 ans a termin\u00e9 sa vir\u00e9e au magasin de bricolage <strong>derri\u00e8re les barreaux<\/strong>. Car ce <strong>multir\u00e9cidiviste<\/strong> n\u2019en \u00e9tait pas \u00e0 son coup d\u2019essai. R\u00e9cit.<\/p>\n<p>\u00c9vacu\u00e9 par un agent de s\u00e9curit\u00e9, il laissait croire qu\u2019il \u00e9tait arm\u00e9<\/p>\n<p class=\" wall-content\">Le coup de chaud est survenu aux alentours de midi, dimanche 11\u00a0mai, au Leroy Merlin de Balma. Comme le rapportait Actu Toulouse, \u00e0 la mi-journ\u00e9e, cet homme a d\u00e9barqu\u00e9 <strong>ivre<\/strong> dans la grande surface de bricolage, o\u00f9 il a commenc\u00e9 par <strong>importuner des clients<\/strong>.<\/p>\n<p class=\" wall-content\">Il a donc \u00e9t\u00e9 \u00ab\u2009mis dehors par un agent de s\u00e9curit\u00e9\u2009\u00bb, confirme le parquet de Toulouse. En r\u00e9alit\u00e9, l\u2019homme avait \u00e9t\u00e9 sorti du magasin par ce vigile apr\u00e8s avoir \u00ab\u2009fait un geste qui laissait croire qu\u2019il pouvait avoir quelque chose sur lui\u2009\u00bb, indiquait dimanche \u00e0 Actu Toulouse la gendarmerie, intervenue sur place.<\/p>\n<p>\u00ab\u2009Il tente de percuter la victime\u2009\u00bb<\/p>\n<p class=\" wall-content\">M\u00eame \u00e9vacu\u00e9, l\u2019individu a continu\u00e9 \u00e0 se faire remarquer, ajoute le parquet\u2009:<\/p>\n<blockquote class=\"ac-article-quote wall-content\">\n<p>Le mis en cause se met au volant de sa voiture et par plusieurs man\u0153uvres tente de percuter la victime [l&rsquo;agent de s\u00e9curit\u00e9, NDLR] sur le parking.<\/p>\n<p>    <strong>Le parquet de Toulouse<\/strong>\n            <\/p><\/blockquote>\n<p class=\" wall-content\">Contr\u00f4l\u00e9 par les gendarmes au volant de son v\u00e9hicule, l\u2019homme n\u2019avait finalement <strong>aucune arme<\/strong> sur lui, mais n\u2019en \u00e9tait pas moins dangereux. Il a fini son week-end prolong\u00e9 du 8-mai en<strong> cellule de d\u00e9grisement<\/strong>.<\/p>\n<p>Il a refus\u00e9 les d\u00e9pistages d\u2019alcool\u00e9mie et stup\u00e9fiants<\/p>\n<p class=\" wall-content\">Mardi, l\u2019agitateur en question, \u00e2g\u00e9 de <strong>37\u00a0ans<\/strong>, a \u00e9t\u00e9 jug\u00e9 en comparution imm\u00e9diate devant le tribunal judiciaire de Toulouse, pour violence avec usage ou <strong>menace d\u2019une arme<\/strong> sans incapacit\u00e9 en r\u00e9cidive, mais aussi <strong>refus<\/strong> par le conducteur d\u2019un v\u00e9hicule de se soumettre aux <strong>d\u00e9pistages d\u2019alcool\u00e9mie<\/strong> et de <strong>stup\u00e9fiants<\/strong>.<\/p>\n<p>Il devait se faire poser un bracelet \u00e9lectronique\u2026 le lendemain\u2009!<\/p>\n<p class=\" wall-content\">Ce multir\u00e9cidiviste, qui affichait quelque <strong>19 mentions au casier judiciaire,<\/strong> devait d\u2019ailleurs, pr\u00e9cise le parquet de Toulouse, \u00ab\u2009se faire poser <strong>un bracelet \u00e0 la cheville<\/strong> le lendemain\u2009\u00bb. Il a \u00e9cop\u00e9 de <strong>neuf mois de prison ferme,<\/strong> avec mandat de d\u00e9p\u00f4t.<\/p>\n<p>    <a href=\"https:\/\/www.google.com\/maps\/embed?pb=!1m14!1m8!1m3!1d11558.666661871004!2d1.499451!3d43.592659!3m2!1i1024!2i768!4f13.1!3m3!1m2!1s0x12aebda018f6131d%3A0x63bf7e2ab945c1ab!2sLeroy%20Merlin%20Balma%20-%20Toulouse!5e0!3m2!1sfr!2sfr!4v1747299497965!5m2!1sfr!2sfr\" title=\"Ouvrie le lien\" target=\"_blank\" rel=\"noopener\">Cliquez ici pour visualiser le contenu<\/a><\/p>\n<p class=\" wall-content\">Suivez toute l\u2019actualit\u00e9 de vos villes et m\u00e9dias favoris en vous inscrivant \u00e0 <a href=\"https:\/\/moncompte.actu.fr\" title=\"D\u00e9couvez Mon Actu\" rel=\"nofollow noopener\" data-trk=\"{&quot;cta&quot;:{&quot;action&quot;:&quot;https:\\\/\\\/moncompte.actu.fr&quot;,&quot;category&quot;:&quot;mon compte&quot;,&quot;from&quot;:&quot;article footer&quot;,&quot;name&quot;:&quot;Mon actu&quot;,&quot;type&quot;:&quot;cta&quot;}}\" target=\"_blank\">Mon Actu<\/a>.<\/p>\n","protected":false},"excerpt":{"rendered":"Par Guillaume Laurens Publi\u00e9 le 15 mai 2025 \u00e0 12h41 Il devait se faire poser un bracelet \u00e9lectronique&hellip;\n","protected":false},"author":2,"featured_media":101740,"comment_status":"","ping_status":"","sticky":false,"template":"","format":"standard","meta":{"footnotes":""},"categories":[2816],"tags":[1111,11,14386,1777,674,118,1011,27,303,12,2680,25,2312],"class_list":{"0":"post-101739","1":"post","2":"type-post","3":"status-publish","4":"format-standard","5":"has-post-thumbnail","7":"category-toulouse","8":"tag-actu","9":"tag-actualites","10":"tag-bricolage","11":"tag-eu","12":"tag-europe","13":"tag-faits-divers","14":"tag-fr","15":"tag-france","16":"tag-justice","17":"tag-news","18":"tag-occitanie","19":"tag-republique-francaise","20":"tag-toulouse"},"share_on_mastodon":{"url":"https:\/\/pubeurope.com\/@fr\/114511494731262965","error":""},"_links":{"self":[{"href":"https:\/\/www.europesays.com\/fr\/wp-json\/wp\/v2\/posts\/101739","targetHints":{"allow":["GET"]}}],"collection":[{"href":"https:\/\/www.europesays.com\/fr\/wp-json\/wp\/v2\/posts"}],"about":[{"href":"https:\/\/www.europesays.com\/fr\/wp-json\/wp\/v2\/types\/post"}],"author":[{"embeddable":true,"href":"https:\/\/www.europesays.com\/fr\/wp-json\/wp\/v2\/users\/2"}],"replies":[{"embeddable":true,"href":"https:\/\/www.europesays.com\/fr\/wp-json\/wp\/v2\/comments?post=101739"}],"version-history":[{"count":0,"href":"https:\/\/www.europesays.com\/fr\/wp-json\/wp\/v2\/posts\/101739\/revisions"}],"wp:featuredmedia":[{"embeddable":true,"href":"https:\/\/www.europesays.com\/fr\/wp-json\/wp\/v2\/media\/101740"}],"wp:attachment":[{"href":"https:\/\/www.europesays.com\/fr\/wp-json\/wp\/v2\/media?parent=101739"}],"wp:term":[{"taxonomy":"category","embeddable":true,"href":"https:\/\/www.europesays.com\/fr\/wp-json\/wp\/v2\/categories?post=101739"},{"taxonomy":"post_tag","embeddable":true,"href":"https:\/\/www.europesays.com\/fr\/wp-json\/wp\/v2\/tags?post=101739"}],"curies":[{"name":"wp","href":"https:\/\/api.w.org\/{rel}","templated":true}]}}