{"id":101743,"date":"2025-05-15T10:59:08","date_gmt":"2025-05-15T10:59:08","guid":{"rendered":"https:\/\/www.europesays.com\/fr\/101743\/"},"modified":"2025-05-15T10:59:08","modified_gmt":"2025-05-15T10:59:08","slug":"coupures-a-repetition-sur-la-ligne-1-ce-jeudi","status":"publish","type":"post","link":"https:\/\/www.europesays.com\/fr\/101743\/","title":{"rendered":"coupures \u00e0 r\u00e9p\u00e9tition sur la ligne 1 ce jeudi"},"content":{"rendered":"<p>            Par<br \/>\n        <strong><br \/>\n            <a href=\"https:\/\/actu.fr\/auteur\/nicolas-demollien\" title=\"Consulter tous les articles de Nicolas Demollien\" rel=\"nofollow noopener\" target=\"_blank\">Nicolas Demollien<\/a><br \/>\n        <\/strong><\/p>\n<p>        Publi\u00e9 le<\/p>\n<p>            15 mai 2025 \u00e0 12h07<br \/>\n        ; mis \u00e0 jour le 15 mai 2025 \u00e0 12h46    <\/p>\n<p><b>Circulation compliqu\u00e9e<\/b> sur la <b>ligne 1 du m\u00e9tro<\/b> <a href=\"https:\/\/actu.fr\/tag\/ilevia\" rel=\"nofollow noopener\" target=\"_blank\">Il\u00e9via<\/a> de la m\u00e9tropole de <a href=\"https:\/\/actu.fr\/hauts-de-france\/lille_59350\" rel=\"nofollow noopener\" target=\"_blank\">Lille<\/a> (Nord) ce jeudi 15 mai 2025. Les <b>interruptions se multiplient<\/b>, compliquant s\u00e9rieusement le transport des usagers.<\/p>\n<p>La ligne 1 du m\u00e9tro Il\u00e9via interrompue \u00e0 Lille<\/p>\n<p class=\" wall-content\">Une premi\u00e8re interruption s\u2019est d\u00e9roul\u00e9 en fin de matin\u00e9e, aux alentours de 11h. Elle a dur\u00e9 environ 30 minutes. L\u2019entreprise annon\u00e7ait alors qu\u2019il s\u2019agissait \u00ab\u00a0d\u2019un probl\u00e8me informatique\u00a0\u00bb.<\/p>\n<p class=\" wall-content\">Le trafic a repris aux alentours de 11h30, durant une trentaine de minutes. Mais depuis un peu avant 12h, la ligne 1 est \u00e0 nouveau interrompue, sans qu\u2019Il\u00e9via ne d\u00e9taille l\u2019origine du probl\u00e8me. La reprise \u00e9tait estim\u00e9e aux environs de 12h30, des bus relais sont mis \u00e0 disposition. Apr\u00e8s une premi\u00e8re reprise \u00e0 12h15, la ligne a de nouveau \u00e9t\u00e9 interrompue aux alentours de 12h30, cette fois avec une reprise estim\u00e9e \u00e0 13h10 puis finalement 14h.<\/p>\n<p class=\" wall-content\">\n<p class=\" wall-content\">Plus d\u2019informations \u00e0 venir.<\/p>\n<p class=\" wall-content\">Suivez toute l\u2019actualit\u00e9 de vos villes et m\u00e9dias favoris en vous inscrivant \u00e0 <a href=\"https:\/\/moncompte.actu.fr\" title=\"D\u00e9couvez Mon Actu\" rel=\"nofollow noopener\" data-trk=\"{&quot;cta&quot;:{&quot;action&quot;:&quot;https:\\\/\\\/moncompte.actu.fr&quot;,&quot;category&quot;:&quot;mon compte&quot;,&quot;from&quot;:&quot;article footer&quot;,&quot;name&quot;:&quot;Mon actu&quot;,&quot;type&quot;:&quot;cta&quot;}}\" target=\"_blank\">Mon Actu<\/a>.<\/p>\n","protected":false},"excerpt":{"rendered":"Par Nicolas Demollien Publi\u00e9 le 15 mai 2025 \u00e0 12h07 ; mis \u00e0 jour le 15 mai 2025&hellip;\n","protected":false},"author":2,"featured_media":101744,"comment_status":"","ping_status":"","sticky":false,"template":"","format":"standard","meta":{"footnotes":""},"categories":[2815],"tags":[1111,11,1777,674,1011,27,811,4288,1307,12,25,104,2803],"class_list":{"0":"post-101743","1":"post","2":"type-post","3":"status-publish","4":"format-standard","5":"has-post-thumbnail","7":"category-lille","8":"tag-actu","9":"tag-actualites","10":"tag-eu","11":"tag-europe","12":"tag-fr","13":"tag-france","14":"tag-hauts-de-france","15":"tag-ilevia","16":"tag-lille","17":"tag-news","18":"tag-republique-francaise","19":"tag-societe","20":"tag-transport"},"share_on_mastodon":{"url":"https:\/\/pubeurope.com\/@fr\/114511502610492774","error":""},"_links":{"self":[{"href":"https:\/\/www.europesays.com\/fr\/wp-json\/wp\/v2\/posts\/101743","targetHints":{"allow":["GET"]}}],"collection":[{"href":"https:\/\/www.europesays.com\/fr\/wp-json\/wp\/v2\/posts"}],"about":[{"href":"https:\/\/www.europesays.com\/fr\/wp-json\/wp\/v2\/types\/post"}],"author":[{"embeddable":true,"href":"https:\/\/www.europesays.com\/fr\/wp-json\/wp\/v2\/users\/2"}],"replies":[{"embeddable":true,"href":"https:\/\/www.europesays.com\/fr\/wp-json\/wp\/v2\/comments?post=101743"}],"version-history":[{"count":0,"href":"https:\/\/www.europesays.com\/fr\/wp-json\/wp\/v2\/posts\/101743\/revisions"}],"wp:featuredmedia":[{"embeddable":true,"href":"https:\/\/www.europesays.com\/fr\/wp-json\/wp\/v2\/media\/101744"}],"wp:attachment":[{"href":"https:\/\/www.europesays.com\/fr\/wp-json\/wp\/v2\/media?parent=101743"}],"wp:term":[{"taxonomy":"category","embeddable":true,"href":"https:\/\/www.europesays.com\/fr\/wp-json\/wp\/v2\/categories?post=101743"},{"taxonomy":"post_tag","embeddable":true,"href":"https:\/\/www.europesays.com\/fr\/wp-json\/wp\/v2\/tags?post=101743"}],"curies":[{"name":"wp","href":"https:\/\/api.w.org\/{rel}","templated":true}]}}