{"id":101745,"date":"2025-05-15T11:00:10","date_gmt":"2025-05-15T11:00:10","guid":{"rendered":"https:\/\/www.europesays.com\/fr\/101745\/"},"modified":"2025-05-15T11:00:10","modified_gmt":"2025-05-15T11:00:10","slug":"inauguration-festive-dune-galerie-dart-a-wazemmes-evenements","status":"publish","type":"post","link":"https:\/\/www.europesays.com\/fr\/101745\/","title":{"rendered":"Inauguration festive d&rsquo;une Galerie d&rsquo;art \u00e0 Wazemmes \/ \u00c9v\u00e9nements"},"content":{"rendered":"<p>\n                                                                        Le 23 mai 2025<br \/>\n\t\t\t\t\t\t\t\t\t\t\tde 18h00 \u00e0 20h00\n\t\t\t\t\t                                        <\/p>\n<p class=\"subtitle\">\u00e0 <strong><br \/>\nPassage de l&rsquo;Abb\u00e9 Aerts<\/strong><\/p>\n<p>Inauguration et vernissage de la Galerie Nouvelles Aventures<\/p>\n<p>            <img loading=\"lazy\" decoding=\"async\" src=\"\/var\/www\/storage\/images\/mediatheque\/mairie-de-lille\/images-openagenda\/inauguration-festive-d-une-galerie-d-art-a-wazemmes\/3762884-1-fre-FR\/Inauguration-festive-d-une-Galerie-d-art-a-Wazemmes_news_image_top.jpg\" width=\"779\" height=\"557\" alt=\"Inauguration festive d'une Galerie d'art \u00e0 Wazemmes\"\/><\/p>\n<p>Un lieu d&rsquo;exposition en espace public est en train de voir le jour \u00e0 Wazemmes, passage de l&rsquo;Abb\u00e9 Aerts entre les rues Corneille et Jules Guesde. Port\u00e9 par le collectif Nouvelles Aventures, cette galerie artistique se veut comme un lieu ouvert \u00e0 toutes et tous, un espace de rencontres et de partages autour de propositions artistiques. Sur les murs et les grilles du passage fleuriront fin mai des vitrines et des cadres qui seront les supports de futures expositions temporaires d&rsquo;artistes de tous bords. Si \u00e0 l&rsquo;origine et au portage du projet on retrouve le collectif Nouvelles Aventures, cette galerie a vocation \u00e0 \u00eatre prise en main par des habitant.e.s d\u00e9sireux de s&rsquo;investir dans ce nouveau lieu d&rsquo;\u00e9change, par exemple au travers d&rsquo;un comit\u00e9 de s\u00e9lection pour les futures expositions ou pour imaginer des \u00e9v\u00e8nements \u00e0 venir dans le passage.<\/p>\n<p>Pour sa premi\u00e8re exposition nous vous proposons de d\u00e9couvrir l&rsquo;exposition photographique et sonore HABITER. Cette exposition met \u00e0 l&rsquo;honneur des habitant.e.s et des commer\u00e7ants de Wazemmes dans leur rapport au quartier, \u00e0 la maison&#8230; Le point de d\u00e9part de ces rencontres se r\u00e9sumant ainsi : \u00ab\u00a0Qu&rsquo;est ce qui fait que je me sens chez moi ?\u00a0\u00bb. A travers ces diff\u00e9rentes portraits c&rsquo;est l&rsquo;essence d&rsquo;un quartier qui cherche \u00e0 transpara\u00eetre, dans toutes ses variations. Aux manettes de cette exposition on retrouve le duo de photographes Perrine Saup\u00e9 et Martin Ducarin accompagn\u00e9 par le cr\u00e9ateur sonore Gilles Verb\u00e8ke.<\/p>\n<p>Et puisque l&rsquo;art est une f\u00eate et un moment de joie partag\u00e9 nous vous invitions \u00e0 venir participer \u00e0 l&rsquo;inauguration et au vernissage de la galerie et de l&rsquo;exposition le vendredi 23 mai \u00e0 18h, passage de l&rsquo;Abb\u00e9 Aerts. Au programme un buffet de quartier r\u00e9alis\u00e9 par la Casawaz, des lectures po\u00e9tiques men\u00e9es par Martine Delannoy et un concert au son de l&rsquo;accord\u00e9on de Salim Sferdjella !<\/p>\n<p>Le Collectif Nouvelles Aventures est constitu\u00e9 des associations 3\u00e8me Virage \u00e0 Gauche, de la Compagnie de l&rsquo;Interlock et des artistes associ\u00e9s Martine Delannoy, Perrine Saup\u00e9 et Gilles Verb\u00e8ke. Il est soutenu par la fondation Carasso la ville de Lille au travers du conseil de quartier de Wazemmes.<\/p>\n<p>Infos et contact : <a href=\"https:\/\/www.lille.fr\/Evenements\/mailto:lepassage.wzm@gmail.com\" title=\"Cliquez pour ouvrir votre messagerie\" target=\"_self\" class=\"lien_interne\" rel=\"nofollow noopener\">lepassage.wzm@gmail.com<\/a><\/p>\n<p>        \t\t                        Infos pratiques<\/p>\n<p>                    Lieu<\/p>\n<p>\nPassage de l&rsquo;Abb\u00e9 Aerts<\/p>\n<p>                    Adresse<\/p>\n<p>rue de l&rsquo;Abb\u00e9 Aerts<\/p>\n<p>                                                            Voir le plan<\/p>\n<p>\n                    PublicsDe  \u00e0  ans<\/p>\n<p>                            Horaires<\/p>\n<p class=\"textAlone\">Le 23\/05\/2025 de 18:00 \u00e0 20:00<\/p>\n","protected":false},"excerpt":{"rendered":"Le 23 mai 2025 de 18h00 \u00e0 20h00 \u00e0 Passage de l&rsquo;Abb\u00e9 Aerts Inauguration et vernissage de la&hellip;\n","protected":false},"author":2,"featured_media":101746,"comment_status":"","ping_status":"","sticky":false,"template":"","format":"standard","meta":{"footnotes":""},"categories":[2815],"tags":[1111,11,4763,1777,674,1011,27,811,1307,5415,12,25],"class_list":{"0":"post-101745","1":"post","2":"type-post","3":"status-publish","4":"format-standard","5":"has-post-thumbnail","7":"category-lille","8":"tag-actu","9":"tag-actualites","10":"tag-agenda","11":"tag-eu","12":"tag-europe","13":"tag-fr","14":"tag-france","15":"tag-hauts-de-france","16":"tag-lille","17":"tag-mairie","18":"tag-news","19":"tag-republique-francaise"},"share_on_mastodon":{"url":"https:\/\/pubeurope.com\/@fr\/114511506820137108","error":""},"_links":{"self":[{"href":"https:\/\/www.europesays.com\/fr\/wp-json\/wp\/v2\/posts\/101745","targetHints":{"allow":["GET"]}}],"collection":[{"href":"https:\/\/www.europesays.com\/fr\/wp-json\/wp\/v2\/posts"}],"about":[{"href":"https:\/\/www.europesays.com\/fr\/wp-json\/wp\/v2\/types\/post"}],"author":[{"embeddable":true,"href":"https:\/\/www.europesays.com\/fr\/wp-json\/wp\/v2\/users\/2"}],"replies":[{"embeddable":true,"href":"https:\/\/www.europesays.com\/fr\/wp-json\/wp\/v2\/comments?post=101745"}],"version-history":[{"count":0,"href":"https:\/\/www.europesays.com\/fr\/wp-json\/wp\/v2\/posts\/101745\/revisions"}],"wp:featuredmedia":[{"embeddable":true,"href":"https:\/\/www.europesays.com\/fr\/wp-json\/wp\/v2\/media\/101746"}],"wp:attachment":[{"href":"https:\/\/www.europesays.com\/fr\/wp-json\/wp\/v2\/media?parent=101745"}],"wp:term":[{"taxonomy":"category","embeddable":true,"href":"https:\/\/www.europesays.com\/fr\/wp-json\/wp\/v2\/categories?post=101745"},{"taxonomy":"post_tag","embeddable":true,"href":"https:\/\/www.europesays.com\/fr\/wp-json\/wp\/v2\/tags?post=101745"}],"curies":[{"name":"wp","href":"https:\/\/api.w.org\/{rel}","templated":true}]}}