{"id":101749,"date":"2025-05-15T11:02:08","date_gmt":"2025-05-15T11:02:08","guid":{"rendered":"https:\/\/www.europesays.com\/fr\/101749\/"},"modified":"2025-05-15T11:02:08","modified_gmt":"2025-05-15T11:02:08","slug":"marseille-le-depute-lfi-sebastien-delogu-dans-le-viseur-de-la-justice-des-perquisitions","status":"publish","type":"post","link":"https:\/\/www.europesays.com\/fr\/101749\/","title":{"rendered":"Marseille. Le d\u00e9put\u00e9 LFI S\u00e9bastien Delogu dans le viseur de la justice, des perquisitions"},"content":{"rendered":"<p>            Par<br \/>\n        <strong><br \/>\n            <a href=\"https:\/\/actu.fr\/auteur\/fabien-binacchi\" title=\"Consulter tous les articles de Fabien Binacchi\" rel=\"nofollow noopener\" target=\"_blank\">Fabien Binacchi<\/a><br \/>\n        <\/strong><\/p>\n<p>        Publi\u00e9 le<\/p>\n<p>            15 mai 2025 \u00e0 12h46        <\/p>\n<p>Les enqu\u00eateurs ont d\u00e9barqu\u00e9 dans la matin\u00e9e. Ce jeudi 14\u00a0mai, <strong>le domicile et la permanence parlementaire<\/strong> de S\u00e9bastien Delogu ont \u00e9t\u00e9 perquisitionn\u00e9s, selon une information de <a href=\"https:\/\/marsactu.fr\/bref\/le-depute-sebastien-delogu-perquisitionne-dans-le-cadre-dune-enquete-pour-vol-de-documents\/\" rel=\"nofollow noopener\" target=\"_blank\">Marsactu<\/a>, confirm\u00e9 \u00e0 actu Marseille.<\/p>\n<p class=\" wall-content\">Le d\u00e9put\u00e9 La France insoumise (LFI), tr\u00e8s probable candidat \u00e0 la mairie de <a href=\"https:\/\/actu.fr\/marseille\/\" rel=\"nofollow noopener\" target=\"_blank\">Marseille<\/a>, est vis\u00e9 par une enqu\u00eate pr\u00e9liminaire ouverte pour \u00ab\u2009recel de documents issus d\u2019un vol\u2009\u00bb.<\/p>\n<p>Apr\u00e8s un signalement du d\u00e9put\u00e9 lui-m\u00eame<\/p>\n<p class=\" wall-content\">Ces perquisitions interviennent \u00e0 la suite d\u2019un signalement que le d\u00e9put\u00e9 a lui-m\u00eame <strong>adress\u00e9 au parquet le 6\u00a0septembre 2024<\/strong>, concernant la gestion d\u2019une soci\u00e9t\u00e9 de nettoyage intervenant pour le compte de la RTM et \u00e0 l\u2019int\u00e9rieur de la gare Saint-Charles.<\/p>\n<p class=\" wall-content\">Les policiers de la brigade financi\u00e8re cherchent des documents en lien avec cette affaire.<\/p>\n<blockquote class=\"ac-article-quote wall-content\">\n<p>\u00ab\u00a0Je trouve inacceptable que la justice me perquisitionne pour un recel de documents alors que je d\u00e9non\u00e7ais des faits graves aupr\u00e8s de la justice\u00a0\u00bb<\/p>\n<p>    <strong>S\u00e9bastien Delogu, \u00e0 Marsactu<\/strong>\n            <\/p><\/blockquote>\n<p>Vid\u00e9os : en ce moment sur Actu<\/p>\n<p class=\" wall-content\">Le parquet de Marseille pr\u00e9cise \u00e0 <a href=\"https:\/\/www.bfmtv.com\/marseille\/marseille-le-domicile-et-la-permanence-parlementaire-du-depute-sebastien-delogu-perquisitionnes_AN-202505150406.html\" rel=\"nofollow noopener\" target=\"_blank\">BFM TV Marseille Provence<\/a> que l\u2019enqu\u00eate pr\u00e9liminaire porte \u00e9galement sur les chefs de \u00ab\u2009vol\u2009\u00bb, \u00ab\u2009recel de vol\u2009\u00bb, \u00ab\u2009mise en danger par r\u00e9v\u00e9lation d\u2019information relative \u00e0 la vie priv\u00e9e par communication publique en ligne\u2009\u00bb et \u00ab\u2009atteinte au secret des correspondances\u2009\u00bb.<\/p>\n<p>\u00ab\u2009Escroquerie\u2009\u00bb, \u00ab\u2009travail dissimul\u00e9\u2009\u00bb<\/p>\n<p class=\" wall-content\">En septembre\u00a02024, S\u00e9bastien Delogu avait d\u00e9nonc\u00e9, <strong>conjointement avec son coll\u00e8gue Manuel Bompard,<\/strong> des \u00ab\u2009faits qui pourraient potentiellement recevoir <strong>plusieurs qualifications p\u00e9nales<\/strong>\u2009\u00bb.<\/p>\n<p class=\" wall-content\">Ils avaient notamment \u00e9voqu\u00e9\u2009: \u00ab\u2009faux et usage de faux en \u00e9criture comptable, abus de biens sociaux, blanchiment, escroquerie, fraude \u00e0 l\u2019assurance maladie ainsi que travail dissimul\u00e9\u2009\u00bb.<\/p>\n<p class=\" wall-content\">Suivez toute l\u2019actualit\u00e9 de vos villes et m\u00e9dias favoris en vous inscrivant \u00e0 <a href=\"https:\/\/moncompte.actu.fr\" title=\"D\u00e9couvez Mon Actu\" rel=\"nofollow noopener\" data-trk=\"{&quot;cta&quot;:{&quot;action&quot;:&quot;https:\\\/\\\/moncompte.actu.fr&quot;,&quot;category&quot;:&quot;mon compte&quot;,&quot;from&quot;:&quot;article footer&quot;,&quot;name&quot;:&quot;Mon actu&quot;,&quot;type&quot;:&quot;cta&quot;}}\" target=\"_blank\">Mon Actu<\/a>.<\/p>\n<ul class=\"ac-article-tag wall-content\">\n<li><a href=\"https:\/\/actu.fr\/tag\/justice\" data-trk=\"{&quot;cta&quot;:{&quot;action&quot;:&quot;Justice&quot;,&quot;category&quot;:&quot;tag&quot;,&quot;from&quot;:&quot;article footer&quot;,&quot;name&quot;:&quot;Justice&quot;,&quot;type&quot;:&quot;cta&quot;}}\" rel=\"nofollow noopener\" target=\"_blank\">#Justice<\/a><\/li>\n<li><a href=\"https:\/\/actu.fr\/tag\/la-france-insoumise-lfi\" data-trk=\"{&quot;cta&quot;:{&quot;action&quot;:&quot;La France Insoumise (LFI)&quot;,&quot;category&quot;:&quot;tag&quot;,&quot;from&quot;:&quot;article footer&quot;,&quot;name&quot;:&quot;La France Insoumise (LFI)&quot;,&quot;type&quot;:&quot;cta&quot;}}\" rel=\"nofollow noopener\" target=\"_blank\">#La France Insoumise (LFI)<\/a><\/li>\n<\/ul>\n","protected":false},"excerpt":{"rendered":"Par Fabien Binacchi Publi\u00e9 le 15 mai 2025 \u00e0 12h46 Les enqu\u00eateurs ont d\u00e9barqu\u00e9 dans la matin\u00e9e. Ce&hellip;\n","protected":false},"author":2,"featured_media":101750,"comment_status":"","ping_status":"","sticky":false,"template":"","format":"standard","meta":{"footnotes":""},"categories":[2814],"tags":[1111,11,1777,674,118,1011,27,303,1023,884,12,882,25],"class_list":{"0":"post-101749","1":"post","2":"type-post","3":"status-publish","4":"format-standard","5":"has-post-thumbnail","7":"category-marseille","8":"tag-actu","9":"tag-actualites","10":"tag-eu","11":"tag-europe","12":"tag-faits-divers","13":"tag-fr","14":"tag-france","15":"tag-justice","16":"tag-la-france-insoumise-lfi","17":"tag-marseille","18":"tag-news","19":"tag-provence-alpes-cote-dazur","20":"tag-republique-francaise"},"share_on_mastodon":{"url":"https:\/\/pubeurope.com\/@fr\/114511514399025358","error":""},"_links":{"self":[{"href":"https:\/\/www.europesays.com\/fr\/wp-json\/wp\/v2\/posts\/101749","targetHints":{"allow":["GET"]}}],"collection":[{"href":"https:\/\/www.europesays.com\/fr\/wp-json\/wp\/v2\/posts"}],"about":[{"href":"https:\/\/www.europesays.com\/fr\/wp-json\/wp\/v2\/types\/post"}],"author":[{"embeddable":true,"href":"https:\/\/www.europesays.com\/fr\/wp-json\/wp\/v2\/users\/2"}],"replies":[{"embeddable":true,"href":"https:\/\/www.europesays.com\/fr\/wp-json\/wp\/v2\/comments?post=101749"}],"version-history":[{"count":0,"href":"https:\/\/www.europesays.com\/fr\/wp-json\/wp\/v2\/posts\/101749\/revisions"}],"wp:featuredmedia":[{"embeddable":true,"href":"https:\/\/www.europesays.com\/fr\/wp-json\/wp\/v2\/media\/101750"}],"wp:attachment":[{"href":"https:\/\/www.europesays.com\/fr\/wp-json\/wp\/v2\/media?parent=101749"}],"wp:term":[{"taxonomy":"category","embeddable":true,"href":"https:\/\/www.europesays.com\/fr\/wp-json\/wp\/v2\/categories?post=101749"},{"taxonomy":"post_tag","embeddable":true,"href":"https:\/\/www.europesays.com\/fr\/wp-json\/wp\/v2\/tags?post=101749"}],"curies":[{"name":"wp","href":"https:\/\/api.w.org\/{rel}","templated":true}]}}