{"id":101753,"date":"2025-05-15T11:04:10","date_gmt":"2025-05-15T11:04:10","guid":{"rendered":"https:\/\/www.europesays.com\/fr\/101753\/"},"modified":"2025-05-15T11:04:10","modified_gmt":"2025-05-15T11:04:10","slug":"lyon-le-covoiturage-version-lane-cette-autre-facon-de-venir-travailler-a-lyon","status":"publish","type":"post","link":"https:\/\/www.europesays.com\/fr\/101753\/","title":{"rendered":"Lyon. Le covoiturage version Lane, cette autre fa\u00e7on de venir travailler \u00e0 Lyon"},"content":{"rendered":"<p>Vendredi 9\u00a0mai, un peu avant 16 heures,<a href=\"https:\/\/www.leprogres.fr\/economie\/2025\/04\/06\/la-station-mermoz-fermee-jusqu-a-la-fin-du-printemps\" target=\"_blank\" rel=\"noopener\"> arr\u00eat Lyon Mermoz <\/a>de la ligne de covoiturage Lane. Le panneau lumineux indique un passager pour Villefontaine dans 10 minutes. Sur l\u2019appli aussi. Le passager en question, c\u2019est Nicolas, 47 ans.<\/p>\n<p>Depuis 2 ans et demi, il ne jure plus que par Lane. Son niveau de confiance est tel qu\u2019il tente m\u00eame sa chance en ce jour coinc\u00e9 entre un f\u00e9ri\u00e9 et le week-end. Il faut dire que l\u2019engagement de ces lignes de covoiturage entre la m\u00e9tropole lyonnaise et le nord de l\u2019Is\u00e8re est fort. Si on ne trouve pas covoitureur \u00e0 sa destination dans les 20&#8230;<\/p>\n","protected":false},"excerpt":{"rendered":"Vendredi 9\u00a0mai, un peu avant 16 heures, arr\u00eat Lyon Mermoz de la ligne de covoiturage Lane. Le panneau&hellip;\n","protected":false},"author":2,"featured_media":101754,"comment_status":"","ping_status":"","sticky":false,"template":"","format":"standard","meta":{"footnotes":""},"categories":[1889],"tags":[1111,11,2430,2757,436,1777,674,1011,27,9588,2428,12,25,2429,2803],"class_list":{"0":"post-101753","1":"post","2":"type-post","3":"status-publish","4":"format-standard","5":"has-post-thumbnail","7":"category-lyon","8":"tag-actu","9":"tag-actualites","10":"tag-auvergne-rhone-alpes","11":"tag-edition-lyon-villeurbanne","12":"tag-environnement","13":"tag-eu","14":"tag-europe","15":"tag-fr","16":"tag-france","17":"tag-ici-on-agit","18":"tag-lyon","19":"tag-news","20":"tag-republique-francaise","21":"tag-rhone","22":"tag-transport"},"share_on_mastodon":{"url":"https:\/\/pubeurope.com\/@fr\/114511522460084772","error":""},"_links":{"self":[{"href":"https:\/\/www.europesays.com\/fr\/wp-json\/wp\/v2\/posts\/101753","targetHints":{"allow":["GET"]}}],"collection":[{"href":"https:\/\/www.europesays.com\/fr\/wp-json\/wp\/v2\/posts"}],"about":[{"href":"https:\/\/www.europesays.com\/fr\/wp-json\/wp\/v2\/types\/post"}],"author":[{"embeddable":true,"href":"https:\/\/www.europesays.com\/fr\/wp-json\/wp\/v2\/users\/2"}],"replies":[{"embeddable":true,"href":"https:\/\/www.europesays.com\/fr\/wp-json\/wp\/v2\/comments?post=101753"}],"version-history":[{"count":0,"href":"https:\/\/www.europesays.com\/fr\/wp-json\/wp\/v2\/posts\/101753\/revisions"}],"wp:featuredmedia":[{"embeddable":true,"href":"https:\/\/www.europesays.com\/fr\/wp-json\/wp\/v2\/media\/101754"}],"wp:attachment":[{"href":"https:\/\/www.europesays.com\/fr\/wp-json\/wp\/v2\/media?parent=101753"}],"wp:term":[{"taxonomy":"category","embeddable":true,"href":"https:\/\/www.europesays.com\/fr\/wp-json\/wp\/v2\/categories?post=101753"},{"taxonomy":"post_tag","embeddable":true,"href":"https:\/\/www.europesays.com\/fr\/wp-json\/wp\/v2\/tags?post=101753"}],"curies":[{"name":"wp","href":"https:\/\/api.w.org\/{rel}","templated":true}]}}