{"id":101759,"date":"2025-05-15T11:07:09","date_gmt":"2025-05-15T11:07:09","guid":{"rendered":"https:\/\/www.europesays.com\/fr\/101759\/"},"modified":"2025-05-15T11:07:09","modified_gmt":"2025-05-15T11:07:09","slug":"croisiere-degustation-de-fromages-visites-insolites-que-faire-dans-le-val-de-marne-cette-semaine","status":"publish","type":"post","link":"https:\/\/www.europesays.com\/fr\/101759\/","title":{"rendered":"Croisi\u00e8re, d\u00e9gustation de fromages, visites insolites&#8230; Que faire dans le Val-de-Marne cette semaine\u00a0?"},"content":{"rendered":"<p>            Par<br \/>\n        <strong><br \/>\n            <a href=\"https:\/\/actu.fr\/auteur\/redaction-valdemarne\" title=\"Consulter tous les articles de R\u00e9daction Val de Marne\" rel=\"nofollow noopener\" target=\"_blank\">R\u00e9daction Val de Marne<\/a><br \/>\n        <\/strong><\/p>\n<p>        Publi\u00e9 le<\/p>\n<p>            12 mai 2025 \u00e0 16h14        <\/p>\n<p>Des visites insolites, des <a href=\"https:\/\/actu.fr\/tag\/balade\" rel=\"nofollow noopener\" target=\"_blank\">balades<\/a> au fil de l\u2019eau, des mus\u00e9es dans le noir ou des escapades en v\u00e9los\u2026 Cette semaine, jusqu\u2019au dimanche 18 mai 2025, les activit\u00e9s \u00e0 faire seul, en famille ou entre amis ne manquent pas dans le <a href=\"https:\/\/actu.fr\/ile-de-france\/val-de-marne_94\" rel=\"nofollow noopener\" target=\"_blank\">Val-de-Marne<\/a>. Voici la s\u00e9lection de sorties d\u2019<a href=\"https:\/\/actu.fr\/paris\/\" rel=\"nofollow noopener\" target=\"_blank\">actu Paris<\/a>.\u00a0<\/p>\n<p>Les tr\u00e9sors de l\u2019h\u00f4pital Bic\u00eatre<\/p>\n<p class=\" wall-content\">C\u2019est \u00e0 l\u2019h\u00f4pital Bic\u00eatre que se trouve<a href=\"https:\/\/url.de.m.mimecastprotect.com\/s\/DaZPCgpAMqTnAP52sNfNf4ZqZ0?domain=exploreparis.com\" rel=\"nofollow noopener\" target=\"_blank\"> le mus\u00e9e de l\u2019AP-HP<\/a> avec plus de 10 000 \u0153uvres et objets, t\u00e9moignages des m\u00e9tiers et des savoirs de l\u2019institution parisienne. Lors de cette d\u00e9ambulation, vous d\u00e9couvrirez le premier st\u00e9thoscope, les premi\u00e8res trousses chirurgicales d\u00e9cor\u00e9es d\u2019or et de saphirs, des tableaux nous livrant un t\u00e9moignage intime de la vie \u00e0 l\u2019h\u00f4pital \u00e0 travers les si\u00e8cles et l\u2019une des plus grandes collections de biberons d\u2019Europe !<\/p>\n<p><strong>Infos pratiques<\/strong> <br \/>Le Kremlin-Bic\u00eatre, mercredi 14 mai \u00e0 14h45<br \/>Tarif : 8 euros<\/p>\n<p><b>Le cimeti\u00e8re ancien de Champigny-sur-Marne se d\u00e9voile<\/b><\/p>\n<p class=\" wall-content\">Une <a href=\"https:\/\/url.de.m.mimecastprotect.com\/s\/JdwFCjYE6wiknl1qHRhwfmF9sg?domain=exploreparis.com\" rel=\"nofollow noopener\" target=\"_blank\">visite peu commune<\/a> entre les tombes, qui vous entra\u00eenera dans l\u2019histoire de Champigny-sur-Marne et de ses habitants.<\/p>\n<p><strong>Infos pratiques<\/strong> <br \/>Champigny-sur-Marne, vendredi 16 mai \u00e0 15 heures<br \/>Gratuit<\/p>\n<p>Vid\u00e9os : en ce moment sur Actu<b>Croisi\u00e8re-navette entre Choisy-le-Roi et Alfortville<\/b><\/p>\n<p class=\" wall-content\">Au d\u00e9part de Choisy-le-Roi et \u00e0 destination d\u2019Alfortville au niveau du complexe <a href=\"https:\/\/actu.fr\/ile-de-france\/alfortville_94002\/chinagora-la-cite-interdite-du-val-de-marne-sort-du-silence-a-l-occasion-du-nouvel-an-lunaire_62183473.html\" rel=\"nofollow noopener\" target=\"_blank\">Chinagora<\/a>, profitez de cette <a href=\"https:\/\/url.de.m.mimecastprotect.com\/s\/pI_sCk2GXxhZOY3QtQiPfG_Uzo?domain=exploreparis.com\" rel=\"nofollow noopener\" target=\"_blank\">balade sur l\u2019eau<\/a> pour observer l\u2019architecture urbaine de la Seine amont. Embarquez votre v\u00e9lo \u00e0 bord pour un retour le long de la Seine d\u2019environ 30 minutes. Les randonneurs pourront aussi profiter des berges pour une balade retour d\u2019environ 2 heures.<\/p>\n<p><strong>Infos pratiques<\/strong><br \/>\nChoisy-le-Roi, vendredi 16 mai \u00e0 9 heures<br \/>\nTarifs : 6 euros, gratuit pour les moins de 4 ans<a id=\"OWA6d400be8-1e7f-9c3c-9105-9128958d0617\" title=\"https:\/\/url.de.m.mimecastprotect.com\/s\/pI_sCk2GXxhZOY3QtQiPfG_Uzo?domain=exploreparis.com\" href=\"https:\/\/url.de.m.mimecastprotect.com\/s\/pI_sCk2GXxhZOY3QtQiPfG_Uzo?domain=exploreparis.com\" target=\"_blank\" rel=\"noopener noreferrer nofollow\" data-auth=\"NotApplicable\" data-linkindex=\"2\"><b>Maisons-Alfort, bords de Marne et architecture des ann\u00e9es 30<\/b><\/p>\n<p class=\" wall-content\">Venez respirer \u00e0 quelques pas de Paris lors de cette <a href=\"https:\/\/url.de.m.mimecastprotect.com\/s\/7J_xClRJEyuD2OqZuqsBfzeln6?domain=exploreparis.com\" rel=\"nofollow noopener\" target=\"_blank\">balade \u00e9tonnamment bucolique<\/a> par ses bords de Marne v\u00e9g\u00e9talis\u00e9s et les rues tranquilles du quartier Charentonneau.<\/p>\n<p><strong>Infos pratiques<\/strong><br \/>Maisons-Alfort, samedi 17 mai \u00e0 14 heures<br \/>Tarifs : 13 euros, moins de 16 ans 10 euros<\/p>\n<p><b>Les oiseaux du parc de la Plage Bleue<\/b><\/p>\n<p class=\" wall-content\">\u00c0 l\u2019occasion de l\u2019\u00e9v\u00e9nement Plage Bleue Nature, profitez d\u2019une balade pour <a href=\"https:\/\/url.de.m.mimecastprotect.com\/s\/xzowCmqKNzCGj1LnHQt4fRqk8J?domain=exploreparis.com\" rel=\"nofollow noopener\" target=\"_blank\">partir \u00e0 la d\u00e9couverte des oiseaux<\/a> qui vivent autour du plan d\u2019eau du parc. Vous apprendrez \u00e0 rep\u00e9rer les diff\u00e9rentes esp\u00e8ces d\u2019oiseaux pr\u00e9sentes sur le site, \u00e0 les identifier \u00e0 l\u2019aide de jumelles, et \u00e0 mieux comprendre leurs modes de vie, leurs habitudes et leurs r\u00f4les dans l\u2019\u00e9cosyst\u00e8me.<\/p>\n<p><strong>Infos pratiques<\/strong> <br \/>Valenton, samedi 17 mai \u00e0 16 heures <br \/>Gratuit<\/p>\n<p><b>Visite guid\u00e9e du diorama de Daguerre<\/b><\/p>\n<p class=\" wall-content\">L\u2019unique et dernier diorama de Louis Daguerre r\u00e9alis\u00e9 en 1842 \u00e0 Bry-sur-Marne est une peinture monumentale de 32 m\u00b2 en trompe-l\u2019\u0153il, un spectacle d\u2019illusions. Venez le d\u00e9couvrir \u00e0 l\u2019occasion de cette <a href=\"https:\/\/url.de.m.mimecastprotect.com\/s\/qc1tCnRL6AuQ7lpoCEuMfJfqNy?domain=exploreparis.com\" rel=\"nofollow noopener\" target=\"_blank\">visite guid\u00e9e<\/a>.<\/p>\n<p><strong>Infos pratiques<\/strong><br \/>Bry-sur-Marne, samedi 17 mai \u00e0 10h30 <br \/>Tarif : 10 euros<\/p>\n<p><b>Balade \u00e0 v\u00e9lo : des femmes dans la ville<\/b><\/p>\n<p class=\" wall-content\">Partez pour une <a href=\"https:\/\/url.de.m.mimecastprotect.com\/s\/BwHNCoZMXBsJrlpzcWC9fp20hS?domain=exploreparis.com\" rel=\"nofollow noopener\" target=\"_blank\">balade \u00e0 v\u00e9lo de 7 km<\/a> qui met les femmes \u00e0 l\u2019honneur ! Tout au long du parcours, vous d\u00e9couvrirez des monuments, des rues et des sites qui t\u00e9moignent de l\u2019empreinte laiss\u00e9e par ces figures f\u00e9minines remarquables.\u200b<\/p>\n<p><strong>Infos pratiques<\/strong> <br \/>Le Kremlin-Bic\u00eatre, samedi 17 mai \u00e0 14h30 <br \/>Tarif : 10 euros<\/p>\n<p><b>Un mus\u00e9e de nuit<\/b><\/p>\n<p class=\" wall-content\">Dans le cadre de la Nuit des mus\u00e9es, venez d\u00e9couvrir <a href=\"https:\/\/url.de.m.mimecastprotect.com\/s\/-kiLCpZNLDsPnQE8FkFGfGSmWD?domain=exploreparis.com\" rel=\"nofollow noopener\" target=\"_blank\">l\u2019\u00e9comus\u00e9e plong\u00e9 dans le noir<\/a>, comme vous ne l\u2019avez jamais vu\u2026 Guid\u00e9 \u00e0 la lampe torche par les m\u00e9diatrices, p\u00e9n\u00e9trez dans le mus\u00e9e ferm\u00e9 durant son r\u00e9colement, au milieu des objets sortis de leurs r\u00e9serves.<\/p>\n<p class=\" wall-content\">Dans ce cadre atypique prendra ensuite place le spectacle La Promesse de la Nuit de la compagnie Sid\u00e9rurgie Esth\u00e9tique.\u00a0<\/p>\n<p><strong>Infos pratiques<br \/><\/strong>Fresnes, samedi 17 mai \u00e0 20h30<br \/>Gratuit<\/p>\n<p><b>Le Th\u00e9\u00e2tre de l\u2019Aquarium se d\u00e9voile<\/b><\/p>\n<p class=\" wall-content\">Le Th\u00e9\u00e2tre de l\u2019Aquarium situ\u00e9 dans le bois de Vincennes vous ouvre ses portes pour une <a href=\"https:\/\/url.de.m.mimecastprotect.com\/s\/W5oUCqQOLEcG8L65HMHVfE8IwF?domain=exploreparis.com\" rel=\"nofollow noopener\" target=\"_blank\">visite guid\u00e9e in\u00e9dite<\/a> au c\u0153ur d\u2019un parcours artistique pens\u00e9 en \u00e9cho aux enjeux \u00e9cologiques de la cr\u00e9ation contemporaine.<\/p>\n<p><strong>Infos pratiques<\/strong> <br \/>\nBois de Vincennes, samedi 17 mai \u00e0 14 heures <br \/>\nGratuit<a id=\"OWA6d7b827d-78c6-df9a-bae4-af371ba6d4e1\" title=\"https:\/\/url.de.m.mimecastprotect.com\/s\/W5oUCqQOLEcG8L65HMHVfE8IwF?domain=exploreparis.com\" href=\"https:\/\/url.de.m.mimecastprotect.com\/s\/W5oUCqQOLEcG8L65HMHVfE8IwF?domain=exploreparis.com\" target=\"_blank\" rel=\"noopener noreferrer nofollow\" data-auth=\"NotApplicable\" data-linkindex=\"8\"><b>Une expo comme une pi\u00e8ce de th\u00e9\u00e2tre<\/b><\/p>\n<p class=\" wall-content\">Dans le cadre de la Nuit des mus\u00e9es, cette <a href=\"https:\/\/url.de.m.mimecastprotect.com\/s\/wF4BCr2PVGhX8w3vixInf4ofK1?domain=exploreparis.com\" rel=\"nofollow noopener\" target=\"_blank\">visite th\u00e9\u00e2tralis\u00e9e<\/a> anim\u00e9e prendra place dans l\u2019exposition Willy Ronis, La banlieue Est sous l\u2019\u0153il du ma\u00eetre. Les personnages des photos, sans g\u00eane aucune, risquent d\u2019interrompre le guide\u2026\u00a0<\/p>\n<p><strong>Infos pratiques <\/strong><br \/>Nogent-sur-Marne, samedi 17 mai \u00e0 20h30 et 21h30<br \/>Gratuit<\/p>\n<p><b>\u00c0 la d\u00e9couverte du m\u00e9tier d\u2019artisan fromager<\/b><\/p>\n<p class=\" wall-content\">Venez <a href=\"https:\/\/url.de.m.mimecastprotect.com\/s\/Qq_xCvQWLMco7O06tWSrfQvVn0?domain=exploreparis.com\" rel=\"nofollow noopener\" target=\"_blank\">d\u00e9couvrir le m\u00e9tier d\u2019artisan fromager<\/a> avec des passionn\u00e9s qui vous raconteront l\u2019histoire de leurs fromages avec une d\u00e9gustation surprise en fin de visite.<\/p>\n<p><strong>Infos pratiques<\/strong><br \/>Nogent-sur-Marne, dimanche 18 mai \u00e0 11 heures<br \/>Tarif : 23 euros<\/p>\n<p class=\" wall-content\">Cette s\u00e9lection de sorties vous est propos\u00e9e en partenariat avec\u00a0<a href=\"https:\/\/www.tourisme-valdemarne.com\/\" rel=\"nofollow noopener\" target=\"_blank\">Val-de-Marne Tourisme et Loisirs<\/a>.<\/p>\n<p class=\" wall-content\">Suivez toute l\u2019actualit\u00e9 de vos villes et m\u00e9dias favoris en vous inscrivant \u00e0 <a href=\"https:\/\/moncompte.actu.fr\" title=\"D\u00e9couvez Mon Actu\" rel=\"nofollow noopener\" data-trk=\"{&quot;cta&quot;:{&quot;action&quot;:&quot;https:\\\/\\\/moncompte.actu.fr&quot;,&quot;category&quot;:&quot;mon compte&quot;,&quot;from&quot;:&quot;article footer&quot;,&quot;name&quot;:&quot;Mon actu&quot;,&quot;type&quot;:&quot;cta&quot;}}\" target=\"_blank\">Mon Actu<\/a>.<\/p>\n","protected":false},"excerpt":{"rendered":"Par R\u00e9daction Val de Marne Publi\u00e9 le 12 mai 2025 \u00e0 16h14 Des visites insolites, des balades au&hellip;\n","protected":false},"author":2,"featured_media":101760,"comment_status":"","ping_status":"","sticky":false,"template":"","format":"standard","meta":{"footnotes":""},"categories":[1888],"tags":[1111,1928,11,1927,7552,1777,674,1011,27,937,1652,12,1926,626,1925,2551,25],"class_list":{"0":"post-101759","1":"post","2":"type-post","3":"status-publish","4":"format-standard","5":"has-post-thumbnail","7":"category-paris","8":"tag-actu","9":"tag-actu-paris","10":"tag-actualites","11":"tag-actualites-paris","12":"tag-balade","13":"tag-eu","14":"tag-europe","15":"tag-fr","16":"tag-france","17":"tag-histoire","18":"tag-loisirs-culture","19":"tag-news","20":"tag-news-paris","21":"tag-paris","22":"tag-paris-news","23":"tag-patrimoine","24":"tag-republique-francaise"},"share_on_mastodon":{"url":"https:\/\/pubeurope.com\/@fr\/114511534238755351","error":""},"_links":{"self":[{"href":"https:\/\/www.europesays.com\/fr\/wp-json\/wp\/v2\/posts\/101759","targetHints":{"allow":["GET"]}}],"collection":[{"href":"https:\/\/www.europesays.com\/fr\/wp-json\/wp\/v2\/posts"}],"about":[{"href":"https:\/\/www.europesays.com\/fr\/wp-json\/wp\/v2\/types\/post"}],"author":[{"embeddable":true,"href":"https:\/\/www.europesays.com\/fr\/wp-json\/wp\/v2\/users\/2"}],"replies":[{"embeddable":true,"href":"https:\/\/www.europesays.com\/fr\/wp-json\/wp\/v2\/comments?post=101759"}],"version-history":[{"count":0,"href":"https:\/\/www.europesays.com\/fr\/wp-json\/wp\/v2\/posts\/101759\/revisions"}],"wp:featuredmedia":[{"embeddable":true,"href":"https:\/\/www.europesays.com\/fr\/wp-json\/wp\/v2\/media\/101760"}],"wp:attachment":[{"href":"https:\/\/www.europesays.com\/fr\/wp-json\/wp\/v2\/media?parent=101759"}],"wp:term":[{"taxonomy":"category","embeddable":true,"href":"https:\/\/www.europesays.com\/fr\/wp-json\/wp\/v2\/categories?post=101759"},{"taxonomy":"post_tag","embeddable":true,"href":"https:\/\/www.europesays.com\/fr\/wp-json\/wp\/v2\/tags?post=101759"}],"curies":[{"name":"wp","href":"https:\/\/api.w.org\/{rel}","templated":true}]}}