{"id":101767,"date":"2025-05-15T11:11:10","date_gmt":"2025-05-15T11:11:10","guid":{"rendered":"https:\/\/www.europesays.com\/fr\/101767\/"},"modified":"2025-05-15T11:11:10","modified_gmt":"2025-05-15T11:11:10","slug":"la-rochelle-suspend-ses-jumelages-avec-deux-villes-en-israel-et-en-russie","status":"publish","type":"post","link":"https:\/\/www.europesays.com\/fr\/101767\/","title":{"rendered":"La Rochelle suspend ses jumelages avec deux villes en Isra\u00ebl et en Russie"},"content":{"rendered":"<p>Pour affirmer son soutien aux populations d\u2019Ukraine et de Gaza, la Ville de La\u00a0Rochelle (<a target=\"_blank\" href=\"https:\/\/www.lanouvellerepublique.fr\/charente-maritime\" rel=\"noopener\">Charente-Maritime<\/a>) a suspendu ses jumelages avec les communes d\u2019Acre, en Isra\u00ebl, et de Petrozavodsk, en Russie. Les \u00e9lus ont vot\u00e9 cette mesure lors du conseil municipal du lundi 12\u00a0mai 2025.<\/p>\n<p>\u00ab\u00a0On est fortement solidaires de l\u2019Ukraine, comme nous avons \u00e9t\u00e9 fortement solidaires de la population isra\u00e9lienne au lendemain du 7\u00a0octobre et de l\u2019attaque du Hamas et comme nous le sommes aujourd\u2019hui de la population Gazaouie\u00a0\u00bb, a d\u00e9clar\u00e9 Jean-Marc Soubeste, \u00e9lu \u00e9cologiste d\u2019opposition \u00e0 l\u2019initiative de cette proposition, selon des propos rapport\u00e9s par <a target=\"_blank\" href=\"https:\/\/actu.fr\/nouvelle-aquitaine\/la-rochelle_17300\/la-ville-de-de-la-rochelle-annonce-la-suspension-des-jumelages-avec-les-villes-israelienne-et-russe_62627332.html\" rel=\"noopener\">Actu La\u00a0Rochelle<\/a>.<\/p>\n","protected":false},"excerpt":{"rendered":"Pour affirmer son soutien aux populations d\u2019Ukraine et de Gaza, la Ville de La\u00a0Rochelle (Charente-Maritime) a suspendu ses&hellip;\n","protected":false},"author":2,"featured_media":101768,"comment_status":"","ping_status":"","sticky":false,"template":"","format":"standard","meta":{"footnotes":""},"categories":[1591],"tags":[328,11,2218,1674,1887,27,329,12,316,1885,1886,132],"class_list":{"0":"post-101767","1":"post","2":"type-post","3":"status-publish","4":"format-standard","5":"has-post-thumbnail","7":"category-russie","8":"tag-a-la-une","9":"tag-actualites","10":"tag-charente-maritime","11":"tag-communes","12":"tag-federation-de-russie","13":"tag-france","14":"tag-france-monde","15":"tag-news","16":"tag-politique","17":"tag-russia","18":"tag-russian-federation","19":"tag-russie"},"share_on_mastodon":{"url":"https:\/\/pubeurope.com\/@fr\/114511549779807559","error":""},"_links":{"self":[{"href":"https:\/\/www.europesays.com\/fr\/wp-json\/wp\/v2\/posts\/101767","targetHints":{"allow":["GET"]}}],"collection":[{"href":"https:\/\/www.europesays.com\/fr\/wp-json\/wp\/v2\/posts"}],"about":[{"href":"https:\/\/www.europesays.com\/fr\/wp-json\/wp\/v2\/types\/post"}],"author":[{"embeddable":true,"href":"https:\/\/www.europesays.com\/fr\/wp-json\/wp\/v2\/users\/2"}],"replies":[{"embeddable":true,"href":"https:\/\/www.europesays.com\/fr\/wp-json\/wp\/v2\/comments?post=101767"}],"version-history":[{"count":0,"href":"https:\/\/www.europesays.com\/fr\/wp-json\/wp\/v2\/posts\/101767\/revisions"}],"wp:featuredmedia":[{"embeddable":true,"href":"https:\/\/www.europesays.com\/fr\/wp-json\/wp\/v2\/media\/101768"}],"wp:attachment":[{"href":"https:\/\/www.europesays.com\/fr\/wp-json\/wp\/v2\/media?parent=101767"}],"wp:term":[{"taxonomy":"category","embeddable":true,"href":"https:\/\/www.europesays.com\/fr\/wp-json\/wp\/v2\/categories?post=101767"},{"taxonomy":"post_tag","embeddable":true,"href":"https:\/\/www.europesays.com\/fr\/wp-json\/wp\/v2\/tags?post=101767"}],"curies":[{"name":"wp","href":"https:\/\/api.w.org\/{rel}","templated":true}]}}