{"id":101775,"date":"2025-05-15T11:15:11","date_gmt":"2025-05-15T11:15:11","guid":{"rendered":"https:\/\/www.europesays.com\/fr\/101775\/"},"modified":"2025-05-15T11:15:11","modified_gmt":"2025-05-15T11:15:11","slug":"allemagne-le-chancelier-friedrich-merz-veut-faire-de-la-bundeswehr-larmee-la-plus-puissante-deurope","status":"publish","type":"post","link":"https:\/\/www.europesays.com\/fr\/101775\/","title":{"rendered":"Allemagne : le chancelier Friedrich Merz veut faire de la Bundeswehr l&rsquo;arm\u00e9e \u00ab\u00a0la plus puissante d&rsquo;Europe\u00a0\u00bb"},"content":{"rendered":"<p>\tAllemagne : le chancelier Friedrich Merz veut faire de la Bundeswehr l&rsquo;arm\u00e9e \u00ab\u00a0la plus puissante d&rsquo;Europe\u00a0\u00bb &#8211; Touteleurope.eu<\/p>\n<p>\t\t<img decoding=\"async\" alt=\"fermer\" class=\"close-info\" src=\"https:\/\/www.europesays.com\/fr\/wp-content\/uploads\/2025\/04\/close-picto-blue.svg.svg+xml\"\/><\/p>\n<p>Touteleurope.eu est le site p\u00e9dagogique de r\u00e9f\u00e9rence sur les questions europ\u00e9ennes : <a href=\"https:\/\/www.touteleurope.eu\/qui-sommes-nous\/\" target=\"_blank\" rel=\"noopener\">Qui sommes-nous ?<\/a><\/p>\n<p><img decoding=\"async\" class=\"logo-pdf\" alt=\"Toute L'Europe \u2013 Comprendre l'Europe\" src=\"https:\/\/www.europesays.com\/fr\/wp-content\/uploads\/2025\/04\/logo-ttl.svg.svg+xml\"\/><\/p>\n","protected":false},"excerpt":{"rendered":"Allemagne : le chancelier Friedrich Merz veut faire de la Bundeswehr l&rsquo;arm\u00e9e \u00ab\u00a0la plus puissante d&rsquo;Europe\u00a0\u00bb &#8211; Touteleurope.eu&hellip;\n","protected":false},"author":2,"featured_media":101776,"comment_status":"","ping_status":"","sticky":false,"template":"","format":"standard","meta":{"footnotes":""},"categories":[1587],"tags":[11,672,1804,1805,554,1803,1777,674,2499,1801,12,136,1802,656,5440],"class_list":{"0":"post-101775","1":"post","2":"type-post","3":"status-publish","4":"format-standard","5":"has-post-thumbnail","7":"category-allemagne","8":"tag-actualites","9":"tag-allemagne","10":"tag-bundesrepublik-deutschland","11":"tag-de","12":"tag-defense","13":"tag-deutschland","14":"tag-eu","15":"tag-europe","16":"tag-europe-de-la-defense","17":"tag-germany","18":"tag-news","19":"tag-otan","20":"tag-republique-federale-dallemagne","21":"tag-securite","22":"tag-union-chretienne-democrate-dallemagne-cdu"},"share_on_mastodon":{"url":"https:\/\/pubeurope.com\/@fr\/114511565688332881","error":""},"_links":{"self":[{"href":"https:\/\/www.europesays.com\/fr\/wp-json\/wp\/v2\/posts\/101775","targetHints":{"allow":["GET"]}}],"collection":[{"href":"https:\/\/www.europesays.com\/fr\/wp-json\/wp\/v2\/posts"}],"about":[{"href":"https:\/\/www.europesays.com\/fr\/wp-json\/wp\/v2\/types\/post"}],"author":[{"embeddable":true,"href":"https:\/\/www.europesays.com\/fr\/wp-json\/wp\/v2\/users\/2"}],"replies":[{"embeddable":true,"href":"https:\/\/www.europesays.com\/fr\/wp-json\/wp\/v2\/comments?post=101775"}],"version-history":[{"count":0,"href":"https:\/\/www.europesays.com\/fr\/wp-json\/wp\/v2\/posts\/101775\/revisions"}],"wp:featuredmedia":[{"embeddable":true,"href":"https:\/\/www.europesays.com\/fr\/wp-json\/wp\/v2\/media\/101776"}],"wp:attachment":[{"href":"https:\/\/www.europesays.com\/fr\/wp-json\/wp\/v2\/media?parent=101775"}],"wp:term":[{"taxonomy":"category","embeddable":true,"href":"https:\/\/www.europesays.com\/fr\/wp-json\/wp\/v2\/categories?post=101775"},{"taxonomy":"post_tag","embeddable":true,"href":"https:\/\/www.europesays.com\/fr\/wp-json\/wp\/v2\/tags?post=101775"}],"curies":[{"name":"wp","href":"https:\/\/api.w.org\/{rel}","templated":true}]}}