{"id":101777,"date":"2025-05-15T11:16:16","date_gmt":"2025-05-15T11:16:16","guid":{"rendered":"https:\/\/www.europesays.com\/fr\/101777\/"},"modified":"2025-05-15T11:16:16","modified_gmt":"2025-05-15T11:16:16","slug":"leurope-decroche-face-aux-etats-unis","status":"publish","type":"post","link":"https:\/\/www.europesays.com\/fr\/101777\/","title":{"rendered":"l\u2019Europe d\u00e9croche face aux \u00c9tats-Unis"},"content":{"rendered":"<p>L&rsquo;Europe, le \u00ab Vieux Continent \u00bb, porte aujourd&rsquo;hui plus que jamais son surnom dans la bataille mondiale des investissements. Le nombre d&rsquo;investissements \u00e9trangers y a recul\u00e9\u00a0l&rsquo;an dernier de 5 %, selon le barom\u00e8tre EY publi\u00e9 jeudi 15 mai. La chute est particuli\u00e8rement marqu\u00e9e dans les secteurs de la chimie et de l&rsquo;automobile, deux piliers historiques de l&rsquo;industrie europ\u00e9enne.<\/p>\n<p>Surtout, l&rsquo;Europe ne parvient plus \u00e0 s\u00e9duire les investisseurs am\u00e9ricains. En 2024, seulement 942 entreprises am\u00e9ricaines ont choisi d&rsquo;investir en Europe, soit \u00ab le niveau le plus bas observ\u00e9 depuis dix ans \u00bb\u00a0par le cabinet\u00a0EY. Ce d\u00e9sengagement des entreprises am\u00e9ricaines d&rsquo;Europe se traduit invariablement sur l&#8217;emploi. Alors que les entreprises am\u00e9ricaines avaient g\u00e9n\u00e9r\u00e9 113 000 emplois en 2021 en Europe, elles en ont cr\u00e9\u00e9\u00a0seulement 58 000 l&rsquo;an dernier.<\/p>\n<p>Cette r\u00e9gression s&rsquo;inscrit dans le temps. Les investissements \u00e9trangers en Europe diminuent chaque ann\u00e9e, avec une baisse de 11 % en 2023 et de 24 % en 2022. Ce recul refl\u00e8te \u00e0 la fois la m\u00e9fiance croissante des entreprises am\u00e9ricaines \u00e0 l&rsquo;\u00e9gard du \u00ab Vieux Continent \u00bb et l&rsquo;attrait renforc\u00e9 pour leur propre \u00e9conomie.<\/p>\n<p>Les \u00c9tats-Unis raflent la mise<\/p>\n<p>Face \u00e0 l&rsquo;affaiblissement de l&rsquo;Europe, les \u00c9tats-Unis s&rsquo;imposent comme les grands gagnants de l&rsquo;attractivit\u00e9.\u00a0En 2024, les investissements \u00e9trangers y ont bondi de 20 %, signe \u00e9vident d&rsquo;un regain d&rsquo;attractivit\u00e9 du pays aupr\u00e8s des entreprises \u00e9trang\u00e8res.<\/p>\n<p>Cet \u00e9lan de reconqu\u00eate industrielle revient surtout \u00e0 Joe Biden, l&rsquo;ancien pr\u00e9sident d\u00e9mocrate. Le grand plan de soutien industriel qu&rsquo;il a instaur\u00e9 en 2022, l&rsquo;Inflation Reduction Act, qui offre des r\u00e9ductions fiscales tr\u00e8s avantageuses aux entreprises et a contribu\u00e9 \u00e0 r\u00e9duire le co\u00fbt de l&rsquo;\u00e9nergie aux \u00c9tats-Unis. Ces deux atouts expliquent en grande partie le regain des investissements \u00e9trangers en faveur\u00a0du pays.<\/p>\n<p>Reste que les donn\u00e9es compil\u00e9es par EY concernent l&rsquo;ann\u00e9e 2024, et se situent donc avant les annonces du locataire actuel de la Maison-Blanche, Donald Trump, sur les droits de douane. Le bouleversement induit par les droits de douane pourrait-il changer la donne et, paradoxalement, transformer l&rsquo;Europe en terre refuge, plus stable et plus attractive ? Rien n&rsquo;est moins s\u00fbr. Pour l&rsquo;ann\u00e9e 2025, 62 % des entreprises interrog\u00e9es envisagent d&rsquo;augmenter leur pr\u00e9sence en France, une part en recul par rapport aux 73 % enregistr\u00e9s en mars 2024.<\/p>\n<p>La France\u00a0aussi impact\u00e9e<\/p>\n<p>La France, elle aussi, n&rsquo;a pas \u00e9t\u00e9 \u00e9pargn\u00e9e par ce retrait des investisseurs am\u00e9ricains d&rsquo;Europe. Les \u00c9tats-Unis, premiers investisseurs \u00e9trangers historiques dans le pays, y ont diminu\u00e9 de 12 % leurs projets en 2024.<\/p>\n<p>En mars, la Chambre de commerce franco-am\u00e9ricaine, en partenariat avec le cabinet Bain &amp; Company, a sond\u00e9 les entreprises am\u00e9ricaines implant\u00e9es en France. Le bilan y appara\u00eet plus que mitig\u00e9, puisque plus de la moiti\u00e9 des investisseurs am\u00e9ricains ne recommandent pas la France \u00e0 leurs pairs. Dans ce contexte, seuls 39 % des dirigeants de filiales fran\u00e7aises de groupes am\u00e9ricains jugent la perception de la France par leur maison m\u00e8re \u00ab bonne \u00bb ou \u00ab excellente \u00bb,\u00a0un r\u00e9sultat en baisse de 13 points.<\/p>\n<p>Selon ce m\u00eame rapport, il ressort \u00e9galement que 47 % des investisseurs am\u00e9ricains estiment que l&rsquo;environnement politique et institutionnel fran\u00e7ais pourrait comporter des risques importants pour leur business. Ces chiffres traduisent avant tout les inqui\u00e9tudes des investisseurs am\u00e9ricains concernant la politique fiscale fran\u00e7aise et la situation de nos finances publiques, source de possibles hausses d&rsquo;imp\u00f4ts \u00e0 venir.<\/p>\n<p>C&rsquo;est ce que constate \u00e9galement le r\u00e9seau des\u00a0<a href=\"https:\/\/www.cnccef.org\/la-france-une-attractivite-renforcee-et-resiliente-en-2025\/#:~:text=96%25%20des%20CCE%20saluent%20la,88%25%20des%20r%C3%A9pondants%2C%20respectivement.\" target=\"_blank\" rel=\"noopener\"><strong>conseillers du commerce ext\u00e9rieur (CCE) qui a publi\u00e9 fin mars son indice d&rsquo;attractivit\u00e9 pour 2025<\/strong><\/a>. Selon l&rsquo;\u00e9tude men\u00e9e aupr\u00e8s de 2 000 conseillers au commerce ext\u00e9rieur r\u00e9partis dans 150 pays, pr\u00e8s de trois quarts des sond\u00e9s sont pr\u00e9occup\u00e9s par l&rsquo;instabilit\u00e9 fiscale et l\u00e9gislative du pays.<\/p>\n","protected":false},"excerpt":{"rendered":"L&rsquo;Europe, le \u00ab Vieux Continent \u00bb, porte aujourd&rsquo;hui plus que jamais son surnom dans la bataille mondiale des&hellip;\n","protected":false},"author":2,"featured_media":101778,"comment_status":"","ping_status":"","sticky":false,"template":"","format":"standard","meta":{"footnotes":""},"categories":[1586],"tags":[17,11,1007,9942,33,73,3331,1777,674,2823,1011,27,2554,1808,12,25],"class_list":{"0":"post-101777","1":"post","2":"type-post","3":"status-publish","4":"format-standard","5":"has-post-thumbnail","7":"category-europe","8":"tag-17","9":"tag-actualites","10":"tag-aux","11":"tag-decroche","12":"tag-economie","13":"tag-etats-unis","14":"tag-etrangers","15":"tag-eu","16":"tag-europe","17":"tag-face","18":"tag-fr","19":"tag-france","20":"tag-investissements","21":"tag-leurope","22":"tag-news","23":"tag-republique-francaise"},"share_on_mastodon":{"url":"https:\/\/pubeurope.com\/@fr\/114511569516613861","error":""},"_links":{"self":[{"href":"https:\/\/www.europesays.com\/fr\/wp-json\/wp\/v2\/posts\/101777","targetHints":{"allow":["GET"]}}],"collection":[{"href":"https:\/\/www.europesays.com\/fr\/wp-json\/wp\/v2\/posts"}],"about":[{"href":"https:\/\/www.europesays.com\/fr\/wp-json\/wp\/v2\/types\/post"}],"author":[{"embeddable":true,"href":"https:\/\/www.europesays.com\/fr\/wp-json\/wp\/v2\/users\/2"}],"replies":[{"embeddable":true,"href":"https:\/\/www.europesays.com\/fr\/wp-json\/wp\/v2\/comments?post=101777"}],"version-history":[{"count":0,"href":"https:\/\/www.europesays.com\/fr\/wp-json\/wp\/v2\/posts\/101777\/revisions"}],"wp:featuredmedia":[{"embeddable":true,"href":"https:\/\/www.europesays.com\/fr\/wp-json\/wp\/v2\/media\/101778"}],"wp:attachment":[{"href":"https:\/\/www.europesays.com\/fr\/wp-json\/wp\/v2\/media?parent=101777"}],"wp:term":[{"taxonomy":"category","embeddable":true,"href":"https:\/\/www.europesays.com\/fr\/wp-json\/wp\/v2\/categories?post=101777"},{"taxonomy":"post_tag","embeddable":true,"href":"https:\/\/www.europesays.com\/fr\/wp-json\/wp\/v2\/tags?post=101777"}],"curies":[{"name":"wp","href":"https:\/\/api.w.org\/{rel}","templated":true}]}}