{"id":101781,"date":"2025-05-15T11:18:09","date_gmt":"2025-05-15T11:18:09","guid":{"rendered":"https:\/\/www.europesays.com\/fr\/101781\/"},"modified":"2025-05-15T11:18:09","modified_gmt":"2025-05-15T11:18:09","slug":"lancien-nageur-et-champion-olympique-yannick-agnel-renvoye-pour-viol-devant-la-cour-criminelle-du-haut-rhin","status":"publish","type":"post","link":"https:\/\/www.europesays.com\/fr\/101781\/","title":{"rendered":"L&rsquo;ancien nageur et champion olympique Yannick Agnel renvoy\u00e9 pour viol devant la cour criminelle du Haut-Rhin"},"content":{"rendered":"<p>                             Par Le Figaro avec AFP<\/p>\n<p>                Il y a 56 minutes<\/p>\n<p>\u00a0\u00bb<br \/>\n        data-script=\u00a0\u00bbhttps:\/\/static.lefigaro.fr\/widget-video\/short-ttl\/video\/index.js\u00a0\u00bb<br \/>\n    &gt;<\/p>\n<p>Le nageur est soup\u00e7onn\u00e9 d\u2019avoir eu une relation avec la fille de son entra\u00eeneur, alors qu\u2019il \u00e9tait h\u00e9berg\u00e9 chez eux et qu\u2019il \u00e9tait \u00e2g\u00e9 de 24 ans et qu\u2019elle n\u2019en avait que 13.<\/p>\n<p class=\"fig-paragraph\">L&rsquo;ancien\u00a0<a href=\"http:\/\/www.lefigaro.fr\/sports\/jeux-olympiques\/canoe-kayak-le-champion-olympique-nicolas-gestin-replonge-dans-le-tourbillon-des-jeux-20250515\" target=\"_blank\" data-fig-type=\"Article\" rel=\"noopener\" data-gtm-custom-categorie=\"navigation\" data-gtm-custom-action=\"crossclick\" data-gtm-custom-label=\"Contextuel\" data-gtm-event=\"customEventSPE\" data-fig-domain=\"LEFIGARO\">champion olympique<\/a>\u00a0de natation<a href=\"http:\/\/www.lefigaro.fr\/faits-divers\/affaire-yannick-agnel-premiere-confrontation-entre-l-ancien-nageur-et-naome-horter-20240705\" target=\"_blank\" data-fig-type=\"NewsFlash\" rel=\"noopener\" data-gtm-custom-categorie=\"navigation\" data-gtm-custom-action=\"crossclick\" data-gtm-custom-label=\"Contextuel\" data-gtm-event=\"customEventSPE\" data-fig-domain=\"LEFIGARO\">\u00a0Yannick Agnel<\/a>\u00a0est renvoy\u00e9 pour viol devant la cour criminelle du<a href=\"http:\/\/www.lefigaro.fr\/actualite-france\/stocamine-dans-le-haut-rhin-les-44-000-tonnes-de-dechets-toxiques-vont-rester-enfouies-et-confinees-20230920\" target=\"_blank\" data-fig-type=\"Article\" rel=\"noopener\" data-gtm-custom-categorie=\"navigation\" data-gtm-custom-action=\"crossclick\" data-gtm-custom-label=\"Contextuel\" data-gtm-event=\"customEventSPE\" data-fig-domain=\"LEFIGARO\">\u00a0Haut-Rhin<\/a>, a annonc\u00e9 ce jeudi le procureur de la R\u00e9publique de Mulhouse. Le nageur est soup\u00e7onn\u00e9 d&rsquo;avoir eu une relation en 2016 avec la fille de son entra\u00eeneur, alors qu&rsquo;il \u00e9tait h\u00e9berg\u00e9 chez eux et qu&rsquo;il \u00e9tait \u00e2g\u00e9 de 24 ans et qu&rsquo;elle n&rsquo;en avait que 13. Il a toujours plaid\u00e9 une relation consentie et amoureuse.<\/p>\n<p class=\"fig-paragraph\">L\u2019ex-champion, d\u00e9sormais \u00e2g\u00e9 de 33 ans, \u00aba \u00e9t\u00e9 mis en accusation devant la cour criminelle d\u00e9partementale du Haut-Rhin\u00bb des chefs de viol sur une mineure de moins de 15 ans, a indiqu\u00e9 dans un communiqu\u00e9 le procureur Nicolas Heitz. Il est \u00e9galement poursuivi pour agression sexuelle sur la m\u00eame victime suppos\u00e9e. Il a en revanche b\u00e9n\u00e9fici\u00e9 d\u2019un\u00a0<a href=\"http:\/\/www.lefigaro.fr\/sports\/jeux-olympiques\/poursuivi-pour-viol-sur-mineure-l-ancien-nageur-yannick-agnel-reconnait-la-materialite-des-faits-qui-lui-sont-reproches-indique-la-procureure-20211213\" target=\"_blank\" data-fig-type=\"NewsFlash\" rel=\"noopener\" data-gtm-custom-categorie=\"navigation\" data-gtm-custom-action=\"crossclick\" data-gtm-custom-label=\"Contextuel\" data-gtm-event=\"customEventSPE\" data-fig-domain=\"LEFIGARO\">non-lieu d\u2019agressions sexuelles commises sur un mineur de plus de 15 ans\u00a0<\/a>concernant une autre personne, a pr\u00e9cis\u00e9 le procureur. Yannick Agnel demeure pr\u00e9sum\u00e9 innocent et peut interjeter appel de ce renvoi, a ajout\u00e9 M. Heitz. Il est maintenu sous contr\u00f4le judiciaire.<\/p>\n<p><strong>Des faits \u00e9tal\u00e9s sur 8 mois<\/strong><\/p>\n<p class=\"fig-paragraph\">L\u2019ordonnance de renvoi indique que les faits se sont produits entre le 31 d\u00e9cembre 2015 et le 31 ao\u00fbt 2016 dans diff\u00e9rents lieux: Mulhouse et la proche commune de Riedisheim, en\u00a0<a href=\"http:\/\/www.lefigaro.fr\/faits-divers\/evasion-de-mohamed-amra-adonis-c-le-fidele-qui-s-etait-fait-la-belle-en-thailande-en-cours-d-extradition-en-france-20250409\" target=\"_blank\" data-fig-type=\"NewsFlash\" rel=\"noopener\" data-gtm-custom-categorie=\"navigation\" data-gtm-custom-action=\"crossclick\" data-gtm-custom-label=\"Contextuel\" data-gtm-event=\"customEventSPE\" data-fig-domain=\"LEFIGARO\">Tha\u00eflande<\/a>\u00a0et en\u00a0<a href=\"http:\/\/www.lefigaro.fr\/conjoncture\/panne-electrique-en-espagne-pas-de-cyberattaque-sur-le-gestionnaire-du-reseau-confirme-le-gouvernement-espagnol-20250514\" target=\"_blank\" data-fig-type=\"NewsFlash\" rel=\"noopener\" data-gtm-custom-categorie=\"navigation\" data-gtm-custom-action=\"crossclick\" data-gtm-custom-label=\"Contextuel\" data-gtm-event=\"customEventSPE\" data-fig-domain=\"LEFIGARO\">Espagne\u00a0<\/a>(\u00e0 T\u00e9n\u00e9rife et en Sierra Nevada). En juillet dernier, le nageur, retrait\u00e9 depuis 2016 et plac\u00e9 sous contr\u00f4le judiciaire, \u00e9tait revenu \u00e0 Mulhouse, dans le bureau du juge d\u2019instruction, pour une confrontation qu\u2019il avait souhait\u00e9e, avec son accusatrice, aujourd\u2019hui \u00e2g\u00e9e de 23 ans.<\/p>\n<p class=\"fig-paragraph\">Yannick Agnel poss\u00e8de l\u2019un des plus beaux palmar\u00e8s de la natation fran\u00e7aise\u00a0: il a \u00e9t\u00e9 double champion olympique \u00e0<a href=\"http:\/\/www.lefigaro.fr\/arts-expositions\/une-large-collection-de-peintures-realisees-par-bob-dylan-exposee-a-londres-20250508\" target=\"_blank\" data-fig-type=\"Article\" rel=\"noopener\" data-gtm-custom-categorie=\"navigation\" data-gtm-custom-action=\"crossclick\" data-gtm-custom-label=\"Contextuel\" data-gtm-event=\"customEventSPE\" data-fig-domain=\"LEFIGARO\">\u00a0Londres<\/a>\u00a0en 2012 sur le 200 m nage libre et le relais 4&#215;100 m, avant d\u2019\u00eatre sacr\u00e9 champion du monde dans ces deux disciplines en 2013.<\/p>\n","protected":false},"excerpt":{"rendered":"Par Le Figaro avec AFP Il y a 56 minutes \u00a0\u00bb data-script=\u00a0\u00bbhttps:\/\/static.lefigaro.fr\/widget-video\/short-ttl\/video\/index.js\u00a0\u00bb &gt; Le nageur est soup\u00e7onn\u00e9 d\u2019avoir&hellip;\n","protected":false},"author":2,"featured_media":101782,"comment_status":"","ping_status":"","sticky":false,"template":"","format":"standard","meta":{"footnotes":""},"categories":[2],"tags":[119,11,3694,271,2951,3695,3696,118,1011,27,1637,2825,1253,303,12,1072,2694,25,1265,2949,21745],"class_list":{"0":"post-101781","1":"post","2":"type-post","3":"status-publish","4":"format-standard","5":"has-post-thumbnail","7":"category-actualites","8":"tag-accident","9":"tag-actualites","10":"tag-affaires","11":"tag-crime","12":"tag-criminalite","13":"tag-enquetes","14":"tag-evenements","15":"tag-faits-divers","16":"tag-fr","17":"tag-france","18":"tag-haut-rhin","19":"tag-insecurite","20":"tag-islamisme","21":"tag-justice","22":"tag-news","23":"tag-police","24":"tag-proces","25":"tag-republique-francaise","26":"tag-viol","27":"tag-violences","28":"tag-yannick-agnel"},"share_on_mastodon":{"url":"https:\/\/pubeurope.com\/@fr\/114511577383026991","error":""},"_links":{"self":[{"href":"https:\/\/www.europesays.com\/fr\/wp-json\/wp\/v2\/posts\/101781","targetHints":{"allow":["GET"]}}],"collection":[{"href":"https:\/\/www.europesays.com\/fr\/wp-json\/wp\/v2\/posts"}],"about":[{"href":"https:\/\/www.europesays.com\/fr\/wp-json\/wp\/v2\/types\/post"}],"author":[{"embeddable":true,"href":"https:\/\/www.europesays.com\/fr\/wp-json\/wp\/v2\/users\/2"}],"replies":[{"embeddable":true,"href":"https:\/\/www.europesays.com\/fr\/wp-json\/wp\/v2\/comments?post=101781"}],"version-history":[{"count":0,"href":"https:\/\/www.europesays.com\/fr\/wp-json\/wp\/v2\/posts\/101781\/revisions"}],"wp:featuredmedia":[{"embeddable":true,"href":"https:\/\/www.europesays.com\/fr\/wp-json\/wp\/v2\/media\/101782"}],"wp:attachment":[{"href":"https:\/\/www.europesays.com\/fr\/wp-json\/wp\/v2\/media?parent=101781"}],"wp:term":[{"taxonomy":"category","embeddable":true,"href":"https:\/\/www.europesays.com\/fr\/wp-json\/wp\/v2\/categories?post=101781"},{"taxonomy":"post_tag","embeddable":true,"href":"https:\/\/www.europesays.com\/fr\/wp-json\/wp\/v2\/tags?post=101781"}],"curies":[{"name":"wp","href":"https:\/\/api.w.org\/{rel}","templated":true}]}}