{"id":101783,"date":"2025-05-15T11:19:12","date_gmt":"2025-05-15T11:19:12","guid":{"rendered":"https:\/\/www.europesays.com\/fr\/101783\/"},"modified":"2025-05-15T11:19:12","modified_gmt":"2025-05-15T11:19:12","slug":"son-bracelet-electronique-a-ete-retire","status":"publish","type":"post","link":"https:\/\/www.europesays.com\/fr\/101783\/","title":{"rendered":"son bracelet \u00e9lectronique a \u00e9t\u00e9 retir\u00e9"},"content":{"rendered":"<p class=\"article-p mdl\">Nicolas Sarkozy a \u00e9t\u00e9 admis au r\u00e9gime de la lib\u00e9ration conditionnelle et il s&rsquo;est vu retirer mercredi 14\u00a0 mai le bracelet \u00e9lectronique qu&rsquo;il portait depuis le 7 f\u00e9vrier, a indiqu\u00e9 jeudi \u00e0 l&rsquo;AFP le parquet de Paris, confirmant une information du m\u00e9dia Off investigation.<\/p>\n<p class=\"article-p mdl\">L&rsquo;ancien pr\u00e9sident de la R\u00e9publique (2007-2012) a \u00e9t\u00e9 d\u00e9finitivement condamn\u00e9 en d\u00e9cembre \u00e0 un an d&#8217;emprisonnement ferme sous bracelet dans l&rsquo;affaire des \u00e9coutes.<\/p>\n<p class=\"article-p mdl\">\u00c9tant \u00e2g\u00e9 de 70 ans, il a pu demander une lib\u00e9ration conditionnelle avant la moiti\u00e9 de sa peine, ce qui a men\u00e9 au retrait de son bracelet apr\u00e8s un peu plus de trois mois.\u00a0<\/p>\n<p class=\"article-p mdl\">Contact\u00e9e par RTL, l&rsquo;avocate de Nicolas Sarkozy, Jacqueline Laffont Ha\u00efk, a confirm\u00e9 que son client \u00ab\u00a0a b\u00e9n\u00e9fici\u00e9 d\u2019une lib\u00e9ration conditionnelle ordonn\u00e9e le 14 mai par le juge de l\u2019application des peines\u00a0\u00bb. Et de pr\u00e9ciser : \u00ab\u00a0Cette mesure, qui au regard de la loi aurait pu intervenir d\u00e8s le premier jour, est strictement conforme \u00e0 la loi et \u00e0 la jurisprudence\u00a0\u00bb<\/p>\n<p>    La r\u00e9daction vous recommande<\/p>\n<p class=\"s-newsletter__title\">\n                L\u2019actualit\u00e9 par la r\u00e9daction de RTL dans votre bo\u00eete mail.\n            <\/p>\n<p class=\"s-newsletter__subtitle\">\n                Gr\u00e2ce \u00e0 votre compte RTL abonnez-vous \u00e0 la newsletter RTL info pour suivre toute l&rsquo;actualit\u00e9 au quotidien\n            <\/p>\n<p>\n                                    Lire la suite\n                                <\/p>\n","protected":false},"excerpt":{"rendered":"Nicolas Sarkozy a \u00e9t\u00e9 admis au r\u00e9gime de la lib\u00e9ration conditionnelle et il s&rsquo;est vu retirer mercredi 14\u00a0&hellip;\n","protected":false},"author":2,"featured_media":101784,"comment_status":"","ping_status":"","sticky":false,"template":"","format":"standard","meta":{"footnotes":""},"categories":[2],"tags":[11,898,107,1011,27,303,12,3091,25],"class_list":{"0":"post-101783","1":"post","2":"type-post","3":"status-publish","4":"format-standard","5":"has-post-thumbnail","7":"category-actualites","8":"tag-actualites","9":"tag-alerte","10":"tag-fil-info","11":"tag-fr","12":"tag-france","13":"tag-justice","14":"tag-news","15":"tag-nicolas-sarkozy","16":"tag-republique-francaise"},"share_on_mastodon":{"url":"https:\/\/pubeurope.com\/@fr\/114511581264387627","error":""},"_links":{"self":[{"href":"https:\/\/www.europesays.com\/fr\/wp-json\/wp\/v2\/posts\/101783","targetHints":{"allow":["GET"]}}],"collection":[{"href":"https:\/\/www.europesays.com\/fr\/wp-json\/wp\/v2\/posts"}],"about":[{"href":"https:\/\/www.europesays.com\/fr\/wp-json\/wp\/v2\/types\/post"}],"author":[{"embeddable":true,"href":"https:\/\/www.europesays.com\/fr\/wp-json\/wp\/v2\/users\/2"}],"replies":[{"embeddable":true,"href":"https:\/\/www.europesays.com\/fr\/wp-json\/wp\/v2\/comments?post=101783"}],"version-history":[{"count":0,"href":"https:\/\/www.europesays.com\/fr\/wp-json\/wp\/v2\/posts\/101783\/revisions"}],"wp:featuredmedia":[{"embeddable":true,"href":"https:\/\/www.europesays.com\/fr\/wp-json\/wp\/v2\/media\/101784"}],"wp:attachment":[{"href":"https:\/\/www.europesays.com\/fr\/wp-json\/wp\/v2\/media?parent=101783"}],"wp:term":[{"taxonomy":"category","embeddable":true,"href":"https:\/\/www.europesays.com\/fr\/wp-json\/wp\/v2\/categories?post=101783"},{"taxonomy":"post_tag","embeddable":true,"href":"https:\/\/www.europesays.com\/fr\/wp-json\/wp\/v2\/tags?post=101783"}],"curies":[{"name":"wp","href":"https:\/\/api.w.org\/{rel}","templated":true}]}}