{"id":101791,"date":"2025-05-15T11:24:08","date_gmt":"2025-05-15T11:24:08","guid":{"rendered":"https:\/\/www.europesays.com\/fr\/101791\/"},"modified":"2025-05-15T11:24:08","modified_gmt":"2025-05-15T11:24:08","slug":"atp-andy-roddick-sur-la-fin-de-la-collaboration-entre-djokovic-et-murray-soyons-honnetes-meme-nos-chats-pourraient-entrainer-novak-que-pouvez-vous-dire-a-quelquun-qui-a-remporte-autant-de-vict","status":"publish","type":"post","link":"https:\/\/www.europesays.com\/fr\/101791\/","title":{"rendered":"ATP > Andy Roddick sur la fin de la collaboration entre Djokovic et Murray : \u00ab\u00a0Soyons honn\u00eates, m\u00eame nos chats pourraient entra\u00eener Novak. Que pouvez-vous dire \u00e0 quelqu&rsquo;un qui a remport\u00e9 autant de victoires sur le circuit ?\u00a0\u00bb"},"content":{"rendered":"<p>Au micro de Tennis Channel, l\u2019an\u00adcien num\u00e9ro 1 mondial, Andy Roddick, a donn\u00e9 son avis sur la fin de la colla\u00adbo\u00adra\u00adtion entre Novak Djokovic et Andy Murray.\u00a0<\/p>\n<p><strong>\u00ab\u202fJe pense que ce n\u2019est ni vrai\u00adment surpre\u00adnant ni choquant. Je pensais qu\u2019ils tien\u00addraient jusqu\u2019\u00e0 Wimbledon, puis\u00adqu\u2019ils s\u2019\u00e9taient engag\u00e9s apr\u00e8s l\u2019Open d\u2019Australie. Mais je dois avouer que je me trompe presque toujours dans mes pronos\u00adtics concer\u00adnant Novak Djokovic, qu\u2019il s\u2019agisse de son genou, de ses ischio\u2010jambiers, d\u2019une d\u00e9chi\u00adrure ou de la date \u00e0 laquelle il va jouer. Encore une fois, ne me demandez rien. Mais soyons honn\u00eates, m\u00eame nos chats pour\u00adraient entra\u00eener Novak. Que pouvez\u2010vous dire \u00e0 quel\u00adqu\u2019un qui a remport\u00e9 autant de victoires sur le circuit\u202f? Tout d\u00e9pend de sa moti\u00adva\u00adtion et de son \u00e9tat physique. S\u2019il est motiv\u00e9 et en forme, il est dange\u00adreux. S\u2019il cherche \u00e0 se motiver et qu\u2019il n\u2019est pas suffi\u00adsam\u00adment entra\u00een\u00e9, alors ses adver\u00adsaires peuvent le battre.\u202f\u00bb<\/strong><\/p>\n<p class=\"post-published-date\" style=\"color: silver; font-size: 75%; text-align: left;\">Publi\u00e9 le jeudi 15 mai 2025 \u00e0 08:51<\/p>\n","protected":false},"excerpt":{"rendered":"Au micro de Tennis Channel, l\u2019an\u00adcien num\u00e9ro 1 mondial, Andy Roddick, a donn\u00e9 son avis sur la fin&hellip;\n","protected":false},"author":2,"featured_media":101792,"comment_status":"","ping_status":"","sticky":false,"template":"","format":"standard","meta":{"footnotes":""},"categories":[1415],"tags":[4737,105,1011,27,60,1467],"class_list":{"0":"post-101791","1":"post","2":"type-post","3":"status-publish","4":"format-standard","5":"has-post-thumbnail","7":"category-tennis","8":"tag-andy-murray","9":"tag-djokovic","10":"tag-fr","11":"tag-france","12":"tag-sports","13":"tag-tennis"},"share_on_mastodon":{"url":"https:\/\/pubeurope.com\/@fr\/114511600852417425","error":""},"_links":{"self":[{"href":"https:\/\/www.europesays.com\/fr\/wp-json\/wp\/v2\/posts\/101791","targetHints":{"allow":["GET"]}}],"collection":[{"href":"https:\/\/www.europesays.com\/fr\/wp-json\/wp\/v2\/posts"}],"about":[{"href":"https:\/\/www.europesays.com\/fr\/wp-json\/wp\/v2\/types\/post"}],"author":[{"embeddable":true,"href":"https:\/\/www.europesays.com\/fr\/wp-json\/wp\/v2\/users\/2"}],"replies":[{"embeddable":true,"href":"https:\/\/www.europesays.com\/fr\/wp-json\/wp\/v2\/comments?post=101791"}],"version-history":[{"count":0,"href":"https:\/\/www.europesays.com\/fr\/wp-json\/wp\/v2\/posts\/101791\/revisions"}],"wp:featuredmedia":[{"embeddable":true,"href":"https:\/\/www.europesays.com\/fr\/wp-json\/wp\/v2\/media\/101792"}],"wp:attachment":[{"href":"https:\/\/www.europesays.com\/fr\/wp-json\/wp\/v2\/media?parent=101791"}],"wp:term":[{"taxonomy":"category","embeddable":true,"href":"https:\/\/www.europesays.com\/fr\/wp-json\/wp\/v2\/categories?post=101791"},{"taxonomy":"post_tag","embeddable":true,"href":"https:\/\/www.europesays.com\/fr\/wp-json\/wp\/v2\/tags?post=101791"}],"curies":[{"name":"wp","href":"https:\/\/api.w.org\/{rel}","templated":true}]}}