{"id":101793,"date":"2025-05-15T11:26:09","date_gmt":"2025-05-15T11:26:09","guid":{"rendered":"https:\/\/www.europesays.com\/fr\/101793\/"},"modified":"2025-05-15T11:26:09","modified_gmt":"2025-05-15T11:26:09","slug":"le-balaton-park-devoile-ses-nouvelles-chicanes-pour-le-motogp","status":"publish","type":"post","link":"https:\/\/www.europesays.com\/fr\/101793\/","title":{"rendered":"Le Balaton Park d\u00e9voile ses nouvelles chicanes pour le MotoGP"},"content":{"rendered":"<p>La Hongrie va faire cette ann\u00e9e son retour au <a href=\"https:\/\/fr.motorsport.com\/motogp\/schedule\/2025\/?event_types%5B%5D=race\" target=\"_self\" rel=\"noopener\">calendrier MotoGP<\/a>, apr\u00e8s 33 ans d&rsquo;absence, et cette fois avec l&rsquo;intention de s&rsquo;y \u00e9tablir durablement. Dans trois mois, le championnat investira pour cela le circuit du Balaton Park, <a href=\"https:\/\/fr.motorsport.com\/general\/news\/nouveau-balaton-park-circuit-hongrie\/10470041\/\" target=\"_self\" rel=\"noopener\">construit r\u00e9cemment<\/a> mais qui a pourtant n\u00e9cessit\u00e9 d&rsquo;importants travaux en vue de cette \u00e9ch\u00e9ance.<\/p>\n<p>Les visites pr\u00e9paratoires sur place avaient en effet r\u00e9v\u00e9l\u00e9 que plusieurs portions du trac\u00e9 \u00e9taient inadapt\u00e9es aux MotoGP et, plus largement, aux exigences de la FIM pour les comp\u00e9titions moto, ce qui a entra\u00een\u00e9 des travaux de s\u00e9curisation. Leur r\u00e9sultat a \u00e9t\u00e9 d\u00e9voil\u00e9 cette semaine par le biais de photos publi\u00e9es par le circuit lui-m\u00eame.<\/p>\n<p>\u00a0<\/p>\n<p>On r\u00e9alise au premier coup d&rsquo;\u0153il que le bitume a \u00e9t\u00e9 refait par endroits, son aspect tr\u00e8s sombre attestant qu&rsquo;il est flambant neuf. Des changements plus profonds apparaissent \u00e9galement, avec l&rsquo;ajout de nouveaux virages qui ne figuraient pas sur le trac\u00e9 initialement destin\u00e9 aux autos.<\/p>\n<p>On distingue notamment la fa\u00e7on dont le virage 7 a \u00e9t\u00e9 remodel\u00e9, en deux parties \u00e0 plus faible rayon et avec un d\u00e9gagement plus large. Ensuite, apr\u00e8s le virage 10 et sur la portion de la piste menant au virage 12, l\u00e0 o\u00f9 se trouvait pr\u00e9alablement un long virage arrondi, on d\u00e9couvre une nouvelle chicane. Celle-ci a \u00e9t\u00e9 ajout\u00e9e dans la partie centrale, portant les motos \u00e0 tourner \u00e0 gauche.<\/p>\n<p>D&rsquo;autres virages encore ont \u00e9t\u00e9 ajout\u00e9s dans le dernier secteur, dans l&rsquo;encha\u00eenement qui va du virage 12 au 16. \u00c0 cet endroit, qui apparaissait initialement dans une forme pentagonale avant de mener \u00e0 la ligne droite des stands, c&rsquo;est un passage tout entier vers l&rsquo;int\u00e9rieur du trac\u00e9 d&rsquo;origine qui a \u00e9t\u00e9 cr\u00e9\u00e9es, avec d\u00e9sormais deux chicanes qui se suivent.<\/p>\n<p>   <img decoding=\"async\" draggable=\"false\" src=\"https:\/\/www.europesays.com\/fr\/wp-content\/uploads\/2025\/05\/balaton-park-circuit-presentat.jpg\" alt=\"Les travaux du Balaton Park avaient \u00e9t\u00e9 pr\u00e9sent\u00e9s l'an dernier, ils sont d\u00e9sormais termin\u00e9s.\" width=\"1200\" height=\"800\" loading=\"lazy\"\/> <\/p>\n<p class=\"title\">Les travaux du Balaton Park avaient \u00e9t\u00e9 pr\u00e9sent\u00e9s l&rsquo;an dernier, ils sont d\u00e9sormais termin\u00e9s.<\/p>\n<p class=\"photographer\">Photo de: Balaton Park<\/p>\n<p>Le Balaton Park n&rsquo;a ajout\u00e9 aucun commentaire aux images, si ce n&rsquo;est l&rsquo;annonce que les travaux d&rsquo;am\u00e9lioration de la piste sont termin\u00e9s en vue du Grand Prix MotoGP pr\u00e9vu du 22 au 24 ao\u00fbt. Il s&rsquo;agira de la 14e manche d&rsquo;un championnat qui en comptera 22.<\/p>\n<p>Une semaine avant de se rendre en Hongrie, le MotoGP fera escale en Autriche, ces deux \u00e9preuves marquant la sortie de la pause d&rsquo;\u00e9t\u00e9. Avant cela, c&rsquo;est en R\u00e9publique tch\u00e8que que le championnat refermera la premi\u00e8re partie de la saison pour entrer dans la tr\u00eave estivale r\u00e9glementaire, Brno faisant cette ann\u00e9e son retour au programme avec \u00e9galement <a href=\"https:\/\/fr.motorsport.com\/motogp\/news\/quels-travaux-brno-balaton-park-2025\/10655440\/\" target=\"_self\" rel=\"noopener\">des travaux n\u00e9cessaires<\/a>.<\/p>\n<p>Le Balaton Park accueillera le WorldSBK avant le MotoGP. Les d\u00e9riv\u00e9es de la s\u00e9rie y courront du 25 au 27 juillet pour une \u00e9preuve qui \u00e9tait initialement pr\u00e9vue en 2024 avant d&rsquo;\u00eatre finalement annul\u00e9e.<\/p>\n<p>Lire aussi :<\/p>\n<p>Dans cet article<\/p>\n<p>Soyez le premier inform\u00e9 et souscrivez aux alertes mails pour recevoir les infos en temps r\u00e9el<\/p>\n<p>    S&rsquo;abonner aux alertes de news<\/p>\n","protected":false},"excerpt":{"rendered":"La Hongrie va faire cette ann\u00e9e son retour au calendrier MotoGP, apr\u00e8s 33 ans d&rsquo;absence, et cette fois&hellip;\n","protected":false},"author":2,"featured_media":101794,"comment_status":"","ping_status":"","sticky":false,"template":"","format":"standard","meta":{"footnotes":""},"categories":[1413],"tags":[21747,1011,27,21746,1457,1456,1458,60],"class_list":{"0":"post-101793","1":"post","2":"type-post","3":"status-publish","4":"format-standard","5":"has-post-thumbnail","7":"category-moto","8":"tag-balaton-park","9":"tag-fr","10":"tag-france","11":"tag-gp-de-hongrie","12":"tag-moto","13":"tag-motocycle","14":"tag-motogp","15":"tag-sports"},"share_on_mastodon":{"url":"https:\/\/pubeurope.com\/@fr\/114511608794514090","error":""},"_links":{"self":[{"href":"https:\/\/www.europesays.com\/fr\/wp-json\/wp\/v2\/posts\/101793","targetHints":{"allow":["GET"]}}],"collection":[{"href":"https:\/\/www.europesays.com\/fr\/wp-json\/wp\/v2\/posts"}],"about":[{"href":"https:\/\/www.europesays.com\/fr\/wp-json\/wp\/v2\/types\/post"}],"author":[{"embeddable":true,"href":"https:\/\/www.europesays.com\/fr\/wp-json\/wp\/v2\/users\/2"}],"replies":[{"embeddable":true,"href":"https:\/\/www.europesays.com\/fr\/wp-json\/wp\/v2\/comments?post=101793"}],"version-history":[{"count":0,"href":"https:\/\/www.europesays.com\/fr\/wp-json\/wp\/v2\/posts\/101793\/revisions"}],"wp:featuredmedia":[{"embeddable":true,"href":"https:\/\/www.europesays.com\/fr\/wp-json\/wp\/v2\/media\/101794"}],"wp:attachment":[{"href":"https:\/\/www.europesays.com\/fr\/wp-json\/wp\/v2\/media?parent=101793"}],"wp:term":[{"taxonomy":"category","embeddable":true,"href":"https:\/\/www.europesays.com\/fr\/wp-json\/wp\/v2\/categories?post=101793"},{"taxonomy":"post_tag","embeddable":true,"href":"https:\/\/www.europesays.com\/fr\/wp-json\/wp\/v2\/tags?post=101793"}],"curies":[{"name":"wp","href":"https:\/\/api.w.org\/{rel}","templated":true}]}}