{"id":1017944,"date":"2026-06-23T00:44:23","date_gmt":"2026-06-23T00:44:23","guid":{"rendered":"https:\/\/www.europesays.com\/fr\/1017944\/"},"modified":"2026-06-23T00:44:23","modified_gmt":"2026-06-23T00:44:23","slug":"dans-la-manche-un-accident-en-cours-sur-la-84-perturbe-la-circulation-avec-deux-voies-fermees","status":"publish","type":"post","link":"https:\/\/www.europesays.com\/fr\/1017944\/","title":{"rendered":"Dans la Manche, un accident en cours sur l\u2019A 84\u00a0perturbe la circulation avec deux voies ferm\u00e9es"},"content":{"rendered":"<p>Un accident est survenu sur l\u2019autoroute A 84 ce lundi 22\u00a0juin 2026, dans l\u2019apr\u00e8s-midi. Il s\u2019est produit dans le sens Caen &#8211; Rennes \u00e0 hauteur de Gouvets, entre Villedieu-les-Po\u00eales et Guilberville\u00a0(Manche).<\/p>\n<p>Selon la pr\u00e9fecture de la Manche, deux voies sont ferm\u00e9es \u00e0 la circulation mais une voie reste ouverte \u00e0 la circulation. Une intervention des pompiers est en cours.<\/p>\n<p>Plus d\u2019informations \u00e0 venir.<\/p>\n<p>\u00a0<\/p>\n","protected":false},"excerpt":{"rendered":"Un accident est survenu sur l\u2019autoroute A 84 ce lundi 22\u00a0juin 2026, dans l\u2019apr\u00e8s-midi. Il s\u2019est produit dans&hellip;\n","protected":false},"author":2,"featured_media":1017945,"comment_status":"","ping_status":"","sticky":false,"template":"","format":"standard","meta":{"footnotes":"","_share_on_mastodon":"0"},"categories":[2821],"tags":[66425,119,1111,11,829,3542,703,1777,674,12009,1011,27,14653,12,9777,584,25,32839],"class_list":["post-1017944","post","type-post","status-publish","format-standard","has-post-thumbnail","category-rennes","tag-66425","tag-accident","tag-actu","tag-actualites","tag-bretagne","tag-circulation","tag-cours","tag-eu","tag-europe","tag-fermees","tag-fr","tag-france","tag-manche","tag-news","tag-perturbe","tag-rennes","tag-republique-francaise","tag-voies"],"share_on_mastodon":{"url":"https:\/\/pubeurope.com\/@fr\/116796657941916300","error":""},"_links":{"self":[{"href":"https:\/\/www.europesays.com\/fr\/wp-json\/wp\/v2\/posts\/1017944","targetHints":{"allow":["GET"]}}],"collection":[{"href":"https:\/\/www.europesays.com\/fr\/wp-json\/wp\/v2\/posts"}],"about":[{"href":"https:\/\/www.europesays.com\/fr\/wp-json\/wp\/v2\/types\/post"}],"author":[{"embeddable":true,"href":"https:\/\/www.europesays.com\/fr\/wp-json\/wp\/v2\/users\/2"}],"replies":[{"embeddable":true,"href":"https:\/\/www.europesays.com\/fr\/wp-json\/wp\/v2\/comments?post=1017944"}],"version-history":[{"count":0,"href":"https:\/\/www.europesays.com\/fr\/wp-json\/wp\/v2\/posts\/1017944\/revisions"}],"wp:featuredmedia":[{"embeddable":true,"href":"https:\/\/www.europesays.com\/fr\/wp-json\/wp\/v2\/media\/1017945"}],"wp:attachment":[{"href":"https:\/\/www.europesays.com\/fr\/wp-json\/wp\/v2\/media?parent=1017944"}],"wp:term":[{"taxonomy":"category","embeddable":true,"href":"https:\/\/www.europesays.com\/fr\/wp-json\/wp\/v2\/categories?post=1017944"},{"taxonomy":"post_tag","embeddable":true,"href":"https:\/\/www.europesays.com\/fr\/wp-json\/wp\/v2\/tags?post=1017944"}],"curies":[{"name":"wp","href":"https:\/\/api.w.org\/{rel}","templated":true}]}}