{"id":101807,"date":"2025-05-15T11:34:12","date_gmt":"2025-05-15T11:34:12","guid":{"rendered":"https:\/\/www.europesays.com\/fr\/101807\/"},"modified":"2025-05-15T11:34:12","modified_gmt":"2025-05-15T11:34:12","slug":"alizee-reagit-a-la-reapparition-de-son-ex-mentor-mylene-farmer-a-cannes","status":"publish","type":"post","link":"https:\/\/www.europesays.com\/fr\/101807\/","title":{"rendered":"Aliz\u00e9e r\u00e9agit \u00e0 la r\u00e9apparition de son ex-mentor, Myl\u00e8ne Farmer, \u00e0 Cannes"},"content":{"rendered":"<p>      R\u00e9sum\u00e9<\/p>\n<p>Aliz\u00e9e c\u00e9l\u00e8bre le retour triomphal de Myl\u00e8ne Farmer sur la sc\u00e8ne du Festival de Cannes apr\u00e8s avoir rendu hommage \u00e0 David Lynch, partageant un moment d&rsquo;admiration et d&rsquo;affection sur ses r\u00e9seaux sociaux.<\/p>\n<p>        Sommaire<\/p>\n<p>Un moment \u00ab\u00a0unique\u00a0\u00bb ! Ce mardi 13 mai 2025, <a href=\"https:\/\/www.public.fr\/tag\/mylene-farmer\" target=\"_blank\" rel=\"noopener\"><strong>Myl\u00e8ne Farmer<\/strong><\/a> a fait sensation lors de la c\u00e9r\u00e9monie d&rsquo;ouverture du 78e Festival de Cannes. <\/p>\n<p>L&rsquo;interpr\u00e8te de D\u00e9senchant\u00e9e a en effet rendu <strong>un hommage musical poignant au ma\u00eetre du cin\u00e9ma surr\u00e9aliste David Lynch, d\u00e9c\u00e9d\u00e9 en janvier dernier<\/strong>. <\/p>\n<p>Sur sc\u00e8ne, la chanteuse l\u00e9gendaire a illumin\u00e9 la Croisette, entour\u00e9e d&rsquo;ic\u00f4nes hollywoodiennes telles que <strong>Leonardo DiCaprio, Quentin Tarantino et Robert De Niro<\/strong>. Un moment aussi rare qu&rsquo;inoubliable.<\/p>\n<p>Et qui a imm\u00e9diatement saut\u00e9 sur les r\u00e9seaux sociaux pour c\u00e9l\u00e9brer ce retour en grande pompe ? <a href=\"https:\/\/www.instagram.com\/alizeeofficiel\/\" target=\"_blank\" rel=\"noopener\"><strong>Aliz\u00e9e<\/strong><\/a>, bien s\u00fbr ! <\/p>\n<p>Aliz\u00e9e rend hommage \u00e0 Myl\u00e8ne Farmer<\/p>\n<p>Dans une story <a href=\"https:\/\/www.instagram.com\/alizeeofficiel\/\" target=\"_blank\" rel=\"noreferrer noopener\">Instagram<\/a> riche en \u00e9motions, la chanteuse a partag\u00e9 une photo exclusive sur laquelle Myl\u00e8ne appara\u00eet rayonnante aux c\u00f4t\u00e9s de ces stars internationales, accompagn\u00e9e d&rsquo;un mot simple mais puissant : <strong>\u00ab\u00a0unique\u00a0\u00bb suivi d&rsquo;un \u00e9moji c\u0153ur.<\/strong><\/p>\n<p>Ce message est loin d&rsquo;\u00eatre anodin. Aliz\u00e9e n&rsquo;a jamais cach\u00e9 l&rsquo;importance capitale que Myl\u00e8ne Farmer a eue dans sa carri\u00e8re. C&rsquo;est en effet gr\u00e2ce \u00e0 la l\u00e9gende fran\u00e7aise que la jolie brune a fait ses premiers pas dans la musique avec le tube plan\u00e9taire Moi\u2026 Lolita. <\/p>\n<p>Myl\u00e8ne, en tant que mentor, avait co\u00e9crit et produit ce premier album qui a propuls\u00e9 la jeune artiste sous les projecteurs. Depuis, leur lien ne s&rsquo;est jamais d\u00e9menti.<\/p>\n<p>\u00ab\u00a0Elle a confiance en moi et moi, j&rsquo;ai confiance en elle\u00a0\u00bb<\/p>\n<p>Invit\u00e9e dans l&rsquo;\u00e9mission 50&prime; Inside en mars 2023, Aliz\u00e9e avait longuement t\u00e9moign\u00e9 de son affection pour l&rsquo;artiste de 63 ans. <\/p>\n<p>\u00ab\u00a0<strong>Elle a confiance en moi et moi, j&rsquo;ai confiance en elle. Je sais que pour n&rsquo;importe quoi, n&rsquo;importe quel sujet de la vie, j&rsquo;envoie un message \u00e0 Myl\u00e8ne, je l&rsquo;appelle, je sais qu&rsquo;elle est l\u00e0<\/strong>\u00ab\u00a0, avait-elle confi\u00e9. \u00ab\u00a0J&rsquo;ai de la chance qu&rsquo;elle soit dans ma vie\u00a0\u00bb.<\/p>\n<p>Au cours de cet entretien, Aliz\u00e9e \u00e9tait aussi revenue sur les raisons qui l&rsquo;ont pouss\u00e9 \u00e0 devenir chanteuse. <\/p>\n<p>\u00ab\u00a0La vraie histoire, c&rsquo;est que quand j&rsquo;\u00e9tais au primaire, je n&rsquo;avais pas d&rsquo;amis. J&rsquo;\u00e9tais jamais invit\u00e9e aux anniversaires. Toujours toute seule. On se moquait un peu. J&rsquo;avais des lunettes. C&rsquo;\u00e9tait pas du harc\u00e8lement scolaire mais c&rsquo;\u00e9tait les pr\u00e9mices\u00a0\u00bb, avait-elle expliqu\u00e9. <\/p>\n<p>Et d&rsquo;ajouter : \u00ab\u00a0<strong>Quand j&rsquo;ai commenc\u00e9 \u00e0 chanter, j&rsquo;avais l&rsquo;impression que c&rsquo;\u00e9tait un peu une \u00e9chappatoire<\/strong>. Je m&rsquo;\u00e9chappais et je me disais\u00a0: &lsquo;\u00c7a y est, tous ces trucs, ces embrouilles de gosses, d&rsquo;ados, moi je travaille avec des adultes et je ne vais plus avoir \u00e7a'\u00a0\u00bb. De touchantes r\u00e9v\u00e9lations. <\/p>\n<p><img loading=\"lazy\" decoding=\"async\" width=\"578\" height=\"1024\" src=\"https:\/\/www.europesays.com\/fr\/wp-content\/uploads\/2025\/05\/Capture-decran-2025-05-15-a-08.57.16-578x1024.png\" alt=\"Aliz\u00e9e r\u00e9agit \u00e0 la r\u00e9apparition de son ex-mentor, Myl\u00e8ne Farmer, \u00e0 Cannes\"  \/><\/p>\n<p>      Mentionn\u00e9s dans cet article<\/p>\n<p>\u00c0 lire aussi<\/p>\n<p><script async src=\"\/\/www.instagram.com\/embed.js\"><\/script><\/p>\n","protected":false},"excerpt":{"rendered":"R\u00e9sum\u00e9 Aliz\u00e9e c\u00e9l\u00e8bre le retour triomphal de Myl\u00e8ne Farmer sur la sc\u00e8ne du Festival de Cannes apr\u00e8s avoir&hellip;\n","protected":false},"author":2,"featured_media":101808,"comment_status":"","ping_status":"","sticky":false,"template":"","format":"standard","meta":{"footnotes":""},"categories":[1355],"tags":[21748,7306,58,59,1011,27,1361,873,13995],"class_list":{"0":"post-101807","1":"post","2":"type-post","3":"status-publish","4":"format-standard","5":"has-post-thumbnail","7":"category-musique","8":"tag-alizee","9":"tag-cannes","10":"tag-divertissement","11":"tag-entertainment","12":"tag-fr","13":"tag-france","14":"tag-music","15":"tag-musique","16":"tag-mylene-farmer"},"share_on_mastodon":{"url":"https:\/\/pubeurope.com\/@fr\/114511640357303588","error":""},"_links":{"self":[{"href":"https:\/\/www.europesays.com\/fr\/wp-json\/wp\/v2\/posts\/101807","targetHints":{"allow":["GET"]}}],"collection":[{"href":"https:\/\/www.europesays.com\/fr\/wp-json\/wp\/v2\/posts"}],"about":[{"href":"https:\/\/www.europesays.com\/fr\/wp-json\/wp\/v2\/types\/post"}],"author":[{"embeddable":true,"href":"https:\/\/www.europesays.com\/fr\/wp-json\/wp\/v2\/users\/2"}],"replies":[{"embeddable":true,"href":"https:\/\/www.europesays.com\/fr\/wp-json\/wp\/v2\/comments?post=101807"}],"version-history":[{"count":0,"href":"https:\/\/www.europesays.com\/fr\/wp-json\/wp\/v2\/posts\/101807\/revisions"}],"wp:featuredmedia":[{"embeddable":true,"href":"https:\/\/www.europesays.com\/fr\/wp-json\/wp\/v2\/media\/101808"}],"wp:attachment":[{"href":"https:\/\/www.europesays.com\/fr\/wp-json\/wp\/v2\/media?parent=101807"}],"wp:term":[{"taxonomy":"category","embeddable":true,"href":"https:\/\/www.europesays.com\/fr\/wp-json\/wp\/v2\/categories?post=101807"},{"taxonomy":"post_tag","embeddable":true,"href":"https:\/\/www.europesays.com\/fr\/wp-json\/wp\/v2\/tags?post=101807"}],"curies":[{"name":"wp","href":"https:\/\/api.w.org\/{rel}","templated":true}]}}