{"id":1018186,"date":"2026-06-23T03:34:35","date_gmt":"2026-06-23T03:34:35","guid":{"rendered":"https:\/\/www.europesays.com\/fr\/1018186\/"},"modified":"2026-06-23T03:34:35","modified_gmt":"2026-06-23T03:34:35","slug":"metropole-de-lyon-vols-drogue-et-prostitution-ce-parking-au-sud-de-lyon-va-bientot-fermer-la-nuit","status":"publish","type":"post","link":"https:\/\/www.europesays.com\/fr\/1018186\/","title":{"rendered":"M\u00e9tropole de Lyon. Vols, drogue et prostitution\u00a0: ce parking au sud de Lyon va bient\u00f4t fermer la nuit"},"content":{"rendered":"<p>Un ph\u00e9nom\u00e8ne qui revient en m\u00eame temps que les beaux jours. Voil\u00e0 plus de deux ans que le parking de l\u2019aquarium de Lyon, \u00e0 La Mulati\u00e8re, est squatt\u00e9 en soir\u00e9e et pendant la nuit. Sur place, des dizaines de personnes se regrouperaient, s\u2019adonnant \u00e0 des consommations d\u2019alcool ou de stup\u00e9fiants.<\/p>\n<p>\u00ab\u00a0Nous avons aussi constat\u00e9 des consommations de protoxyde d\u2019azote, avec des personnes qui prennent ensuite leur voiture pour rouler sur l\u2019autoroute\u00a0\u00bb, d\u00e9nonce le maire de La Mulati\u00e8re, Maxime Bost.<\/p>\n<p>  \u00ab\u00a0En deux mois, on a r\u00e9solu l\u2019\u00e9quation\u00a0\u00bb<\/p>\n<p>L\u2019\u00e9lu divers centre dispose d\u2019une longue liste de faits commis sur ce parking, allant des vols \u00e0 la roulotte avec d\u00e9gradations de v\u00e9hicules \u00e0 la prostitution, en passant par la pr\u00e9sence d\u2019armes. \u00ab\u00a0On re\u00e7oit des courriers en mairie chaque ann\u00e9e pour nous demander de fermer le parking\u00a0\u00bb, souligne Maxime Bost.<\/p>\n<p>Le nouveau maire s\u2019est f\u00e9licit\u00e9 d\u2019\u00eatre arriv\u00e9 rapidement \u00e0 une solution pour endiguer le ph\u00e9nom\u00e8ne. \u00ab\u00a0En deux mois, on a r\u00e9solu l\u2019\u00e9quation\u00a0\u00bb, livre-t-il au Progr\u00e8s,\u00a0soulignant \u00ab\u00a0le\u00a0partenariat avec la M\u00e9tropole de Lyon\u00a0\u00bb, qui est propri\u00e9taire du parking.<\/p>\n<p>\u00c0 compter du 26\u00a0juin et pour une dur\u00e9e annonc\u00e9e d\u2019un an, le parking gratuit de 300 places va \u00eatre ferm\u00e9 la nuit, entre 19 heures et 7 heures du matin.\u00a0D\u2019abord, des barri\u00e8res vauban vont \u00eatre install\u00e9es. \u00ab\u00a0Les agents de la mairie vont fermer et ouvrir tous les jours les acc\u00e8s au parking\u00a0\u00bb, pr\u00e9cise l\u2019\u00e9lu. Puis, des barri\u00e8res manuelles fixes seront mises en place.<\/p>\n<p>  Bient\u00f4t un parking LPA<\/p>\n<p>\u00ab\u00a0\u00c0 terme, l\u2019objectif est que Lyon Parc auto (LPA) r\u00e9cup\u00e8re la gestion de ce parking, avec l\u2019installation pr\u00e9vue de barri\u00e8res automatiques et de cam\u00e9ras de vid\u00e9osurveillance\u00a0\u00bb, confie le maire de La Mulati\u00e8re, qui esp\u00e8re, \u00ab\u00a0si tout va bien\u00a0\u00bb, une mise en service d\u2019ici \u00e0 la fin de l\u2019ann\u00e9e.<\/p>\n<p>Le parking de l\u2019Aquarium, gratuit, est en effet utilis\u00e9 comme parking relais par des habitants du sud Lyonnais, qui avaient pris leurs habitudes depuis la fermeture en 2024 de celui d\u2019Oullins-Pierre-B\u00e9nite.<\/p>\n","protected":false},"excerpt":{"rendered":"Un ph\u00e9nom\u00e8ne qui revient en m\u00eame temps que les beaux jours. Voil\u00e0 plus de deux ans que le&hellip;\n","protected":false},"author":2,"featured_media":1018187,"comment_status":"","ping_status":"","sticky":false,"template":"","format":"standard","meta":{"footnotes":"","_share_on_mastodon":"0"},"categories":[1889],"tags":[1111,11,2430,2757,3154,1777,674,274,107,1011,27,17973,2428,12353,12,15665,316,25,2429,15674,3151],"class_list":["post-1018186","post","type-post","status-publish","format-standard","has-post-thumbnail","category-lyon","tag-actu","tag-actualites","tag-auvergne-rhone-alpes","tag-edition-lyon-villeurbanne","tag-edition-sud-lyonnais","tag-eu","tag-europe","tag-faits-divers-justice","tag-fil-info","tag-fr","tag-france","tag-la-mulatiere","tag-lyon","tag-lyon-2e-arrondissement","tag-news","tag-oullins-pierre-benite","tag-politique","tag-republique-francaise","tag-rhone","tag-sainte-foy-les-lyon-bassin","tag-selection-de-la-redaction-69"],"share_on_mastodon":{"url":"https:\/\/pubeurope.com\/@fr\/116797330232922052","error":""},"_links":{"self":[{"href":"https:\/\/www.europesays.com\/fr\/wp-json\/wp\/v2\/posts\/1018186","targetHints":{"allow":["GET"]}}],"collection":[{"href":"https:\/\/www.europesays.com\/fr\/wp-json\/wp\/v2\/posts"}],"about":[{"href":"https:\/\/www.europesays.com\/fr\/wp-json\/wp\/v2\/types\/post"}],"author":[{"embeddable":true,"href":"https:\/\/www.europesays.com\/fr\/wp-json\/wp\/v2\/users\/2"}],"replies":[{"embeddable":true,"href":"https:\/\/www.europesays.com\/fr\/wp-json\/wp\/v2\/comments?post=1018186"}],"version-history":[{"count":0,"href":"https:\/\/www.europesays.com\/fr\/wp-json\/wp\/v2\/posts\/1018186\/revisions"}],"wp:featuredmedia":[{"embeddable":true,"href":"https:\/\/www.europesays.com\/fr\/wp-json\/wp\/v2\/media\/1018187"}],"wp:attachment":[{"href":"https:\/\/www.europesays.com\/fr\/wp-json\/wp\/v2\/media?parent=1018186"}],"wp:term":[{"taxonomy":"category","embeddable":true,"href":"https:\/\/www.europesays.com\/fr\/wp-json\/wp\/v2\/categories?post=1018186"},{"taxonomy":"post_tag","embeddable":true,"href":"https:\/\/www.europesays.com\/fr\/wp-json\/wp\/v2\/tags?post=1018186"}],"curies":[{"name":"wp","href":"https:\/\/api.w.org\/{rel}","templated":true}]}}