{"id":1018203,"date":"2026-06-23T03:44:22","date_gmt":"2026-06-23T03:44:22","guid":{"rendered":"https:\/\/www.europesays.com\/fr\/1018203\/"},"modified":"2026-06-23T03:44:22","modified_gmt":"2026-06-23T03:44:22","slug":"vance-dit-que-les-discussions-avec-liran-ont-jete-les-bases-solides-dun-accord","status":"publish","type":"post","link":"https:\/\/www.europesays.com\/fr\/1018203\/","title":{"rendered":"Vance dit que les discussions avec l&rsquo;Iran ont jet\u00e9 les \u00abbases solides\u00bb d&rsquo;un accord"},"content":{"rendered":"<p>Le vice-pr\u00e9sident J.D, Vance a d\u00e9clar\u00e9 lundi que ses longs entretiens avec de hauts responsables iraniens en Suisse avaient permis de jeter \u00abde bonnes bases pour un accord final fructueux\u00bb, alors qu\u2019ils cherchent \u00e0 mettre d\u00e9finitivement fin \u00e0 la guerre d\u00e9clench\u00e9e par les \u00c9tats-Unis et Isra\u00ebl fin f\u00e9vrier.<\/p>\n<p>M.\u00a0Vance et les responsables am\u00e9ricains ont fait \u00e9tat de progr\u00e8s sur plusieurs fronts, notamment la mise en place de \u00abm\u00e9canismes\u00bb visant \u00e0 garantir le maintien de l\u2019ouverture du d\u00e9troit d\u2019Ormuz, voie maritime vitale pour les approvisionnements \u00e9nerg\u00e9tiques mondiaux, et \u00e0 r\u00e9gler les affrontements entre Isra\u00ebl et les militants du Hezbollah soutenus par l\u2019Iran dans le sud du Liban, o\u00f9 un cessez-le-feu semblait tenir.<\/p>\n<p>L\u2019accord provisoire visant \u00e0 mettre fin aux combats en Iran, sign\u00e9 la semaine derni\u00e8re par les dirigeants am\u00e9ricains et iraniens, pr\u00e9voit un d\u00e9lai de 60\u00a0jours pour n\u00e9gocier des questions cl\u00e9s, notamment l\u2019avenir du programme nucl\u00e9aire de T\u00e9h\u00e9ran, alors que des inqui\u00e9tudes persistent quant \u00e0 la volont\u00e9 de l\u2019Iran de l\u2019utiliser \u00e0 des fins militaires \u2014 une accusation que le pays nie.<\/p>\n<p>Le vice-pr\u00e9sident a quitt\u00e9 la Suisse alors que les \u00e9quipes techniques \u00e9taient encore en pourparlers, et le pr\u00e9sident am\u00e9ricain Donald Trump a vant\u00e9 les efforts visant \u00e0 maintenir le d\u00e9troit ouvert afin de cr\u00e9er \u00abun puits de p\u00e9trole jaillissant\u00bb, tout en soulignant que la cl\u00e9 pour r\u00e9soudre le conflit r\u00e9sidait dans le \u00abrespect\u00bb de la part de l\u2019Iran.<\/p>\n<p>\u00abTant qu\u2019ils nous respectent \u2014 je ne veux pas employer le mot \u00ab\u00a0peur\u00a0\u00bb, car c\u2019est un terme inappropri\u00e9 \u2013, mais tant qu\u2019ils nous respectent, nous n\u2019aurons aucun probl\u00e8me\u00bb, a d\u00e9clar\u00e9 M.\u00a0Trump depuis le bureau Ovale.<\/p>\n<p>L\u2019Iran a de fait ferm\u00e9 le d\u00e9troit apr\u00e8s l\u2019attaque men\u00e9e par les \u00c9tats-Unis et Isra\u00ebl le 28\u00a0f\u00e9vrier, provoquant une flamb\u00e9e des prix du carburant bien au-del\u00e0 de la r\u00e9gion. L\u2019accord provisoire visant \u00e0 mettre fin au conflit \u00e9tait cens\u00e9 rouvrir le d\u00e9troit. Des dizaines de navires l\u2019ont emprunt\u00e9 cette fin de semaine, m\u00eame si la voie principale reste min\u00e9e et ferm\u00e9e.<\/p>\n<p>Le n\u00e9gociateur en chef de la d\u00e9l\u00e9gation iranienne, le pr\u00e9sident du Parlement iranien, Mohammad Bagher Qalibaf, a insist\u00e9 lundi sur le fait que le d\u00e9troit d\u2019Ormuz serait g\u00e9r\u00e9 par l\u2019Iran, mais dans le respect du droit international.<\/p>\n<p>\u00abEsp\u00e9rons que nous pourrons remettre le d\u00e9troit en service, en termes de passage, et ramener la prosp\u00e9rit\u00e9 \u00e0 l\u2019\u00e9conomie r\u00e9gionale et mondiale\u00bb, a expliqu\u00e9 M.\u00a0Qalibaf aux m\u00e9dias d\u2019\u00c9tat iraniens depuis l\u2019avion qui le ramenait de Suisse.<\/p>\n<p>M.\u00a0Qalibaf et le ministre des Affaires \u00e9trang\u00e8res, Abbas Araghchi, sont arriv\u00e9s lundi soir \u00e0 Oman o\u00f9 ils ont rencontr\u00e9 le ministre des Affaires \u00e9trang\u00e8res du pays, Badr al Busaidi, pour discuter des efforts de paix et garantir la s\u00e9curit\u00e9 de la navigation dans le d\u00e9troit d\u2019Ormuz.<\/p>\n<p>Le Tr\u00e9sor am\u00e9ricain a d\u00e9livr\u00e9 lundi une licence de 60\u00a0jours levant les sanctions sur le p\u00e9trole iranien dans le cadre de l\u2019accord provisoire. Il convient de noter que cette licence autorise l\u2019importation de p\u00e9trole iranien aux \u00c9tats-Unis, qui n\u2019avaient plus import\u00e9 de quantit\u00e9s significatives de p\u00e9trole iranien depuis les ann\u00e9es 1990.<\/p>\n<p>Le trafic de p\u00e9troliers a continu\u00e9 de s\u2019intensifier dans le d\u00e9troit d\u2019Ormuz. Selon la soci\u00e9t\u00e9 de donn\u00e9es et d\u2019analyse Kpler, 71\u00a0transits ont \u00e9t\u00e9 confirm\u00e9s au cours de la fin de semaine, avec un pic de 35\u00a0travers\u00e9es samedi. Avant la guerre, 100\u00a0\u00e0 130\u00a0navires traversaient le d\u00e9troit chaque jour.<\/p>\n","protected":false},"excerpt":{"rendered":"Le vice-pr\u00e9sident J.D, Vance a d\u00e9clar\u00e9 lundi que ses longs entretiens avec de hauts responsables iraniens en Suisse&hellip;\n","protected":false},"author":2,"featured_media":1018204,"comment_status":"","ping_status":"","sticky":false,"template":"","format":"standard","meta":{"footnotes":"","_share_on_mastodon":"0"},"categories":[1589],"tags":[11,73,1866,4574,17886,1854,4576,17887,12,1864,1865,1863,308],"class_list":["post-1018203","post","type-post","status-publish","format-standard","has-post-thumbnail","category-etats-unis","tag-actualites","tag-etats-unis","tag-etats-unis-damerique","tag-https-lactualite-com-sujet-affaires","tag-https-lactualite-com-sujet-hydrocarbures","tag-https-lactualite-com-sujet-international","tag-https-lactualite-com-sujet-politique","tag-https-lactualite-com-sujet-services-publics","tag-news","tag-united-states","tag-united-states-of-america","tag-us","tag-usa"],"share_on_mastodon":{"url":"https:\/\/pubeurope.com\/@fr\/116797365885220198","error":""},"_links":{"self":[{"href":"https:\/\/www.europesays.com\/fr\/wp-json\/wp\/v2\/posts\/1018203","targetHints":{"allow":["GET"]}}],"collection":[{"href":"https:\/\/www.europesays.com\/fr\/wp-json\/wp\/v2\/posts"}],"about":[{"href":"https:\/\/www.europesays.com\/fr\/wp-json\/wp\/v2\/types\/post"}],"author":[{"embeddable":true,"href":"https:\/\/www.europesays.com\/fr\/wp-json\/wp\/v2\/users\/2"}],"replies":[{"embeddable":true,"href":"https:\/\/www.europesays.com\/fr\/wp-json\/wp\/v2\/comments?post=1018203"}],"version-history":[{"count":0,"href":"https:\/\/www.europesays.com\/fr\/wp-json\/wp\/v2\/posts\/1018203\/revisions"}],"wp:featuredmedia":[{"embeddable":true,"href":"https:\/\/www.europesays.com\/fr\/wp-json\/wp\/v2\/media\/1018204"}],"wp:attachment":[{"href":"https:\/\/www.europesays.com\/fr\/wp-json\/wp\/v2\/media?parent=1018203"}],"wp:term":[{"taxonomy":"category","embeddable":true,"href":"https:\/\/www.europesays.com\/fr\/wp-json\/wp\/v2\/categories?post=1018203"},{"taxonomy":"post_tag","embeddable":true,"href":"https:\/\/www.europesays.com\/fr\/wp-json\/wp\/v2\/tags?post=1018203"}],"curies":[{"name":"wp","href":"https:\/\/api.w.org\/{rel}","templated":true}]}}