{"id":1018256,"date":"2026-06-23T04:19:15","date_gmt":"2026-06-23T04:19:15","guid":{"rendered":"https:\/\/www.europesays.com\/fr\/1018256\/"},"modified":"2026-06-23T04:19:15","modified_gmt":"2026-06-23T04:19:15","slug":"meteo-quel-temps-est-il-prevu-a-vandoeuvre-les-nancy-et-ses-environs-le-mardi-23-juin-2026","status":"publish","type":"post","link":"https:\/\/www.europesays.com\/fr\/1018256\/","title":{"rendered":"M\u00e9t\u00e9o. Quel temps est-il pr\u00e9vu \u00e0 Vand\u0153uvre-l\u00e8s-Nancy et ses environs le mardi 23 juin 2026 ?"},"content":{"rendered":"<p>La matin\u00e9e commencera sous un ciel clair, puis deviendra peu nuageuse avant qu\u2019un voile de nuages \u00e9lev\u00e9s ne s\u2019installe durablement en cours de matin\u00e9e. Les temp\u00e9ratures, d\u00e9j\u00e0 \u00e9lev\u00e9es d\u00e8s l\u2019aube autour de 25 \u00e0 26 \u00b0C, grimperont pour atteindre pr\u00e8s de 31 \u00b0C en fin de matin\u00e9e. Le vent de Nord-Est, puis de Nord-Nord-Est, se renforcera l\u00e9g\u00e8rement, passant d\u2019environ 5 \u00e0 10 km\/h, avec des rafales jusqu\u2019\u00e0 20 km\/h. L\u2019humidit\u00e9 diminuera peu \u00e0 peu au fil des heures.<\/p>\n<p>Dans le prolongement de cette matin\u00e9e d\u00e9j\u00e0 chaude, l\u2019apr\u00e8s-midi pr\u00e9sentera un ciel uniform\u00e9ment voil\u00e9 par des nuages \u00e9lev\u00e9s, sans \u00e9volution notable. Les temp\u00e9ratures grimperont de 33 \u00b0C en d\u00e9but de p\u00e9riode pour atteindre 35 \u00b0C, niveau qui se maintiendra ensuite jusqu\u2019en fin d\u2019apr\u00e8s-midi, tandis que l\u2019air deviendra plus sec. Le vent restera g\u00e9n\u00e9ralement mod\u00e9r\u00e9, oscillant entre Nord-Nord-Est, Nord-Nord-Ouest puis Nord, autour de 10 km\/h avec des rafales pouvant atteindre 30 km\/h, avant un l\u00e9ger renforcement \u00e0 15 km\/h vers la fin.<\/p>\n<p>En soir\u00e9e, dans la continuit\u00e9 de cet apr\u00e8s-midi tr\u00e8s chaud, la chaleur restera marqu\u00e9e avec une l\u00e9g\u00e8re baisse de la temp\u00e9rature, de 35 \u00b0C en d\u00e9but de soir\u00e9e \u00e0 32 \u00b0C en fin de p\u00e9riode. Le vent soufflera d\u2019abord du Nord-Nord-Est entre 10 et 20 km\/h, avec des rafales pouvant atteindre 35 km\/h, puis s\u2019orientera vers le Nord en se stabilisant autour de 10 km\/h, avec encore des rafales proches de 25 \u00e0 30 km\/h. La n\u00e9bulosit\u00e9 passera d\u2019un voile \u00e9lev\u00e9 \u00e0 un ciel d\u00e9gag\u00e9 et l\u2019humidit\u00e9 augmentera l\u00e9g\u00e8rement.<\/p>\n<p>Au cours de la nuit prochaine, dans un contexte restant chaud, la temp\u00e9rature demeurera \u00e9lev\u00e9e, passant de 31 \u00b0C en d\u00e9but de nuit \u00e0 26 \u00b0C \u00e0 l\u2019approche de l\u2019aube. Le vent restera faible \u00e0 mod\u00e9r\u00e9, avec une intensit\u00e9 principale comprise entre 5 et 10 km\/h, mais des rafales atteindront par moments 20 km\/h avant de se limiter plut\u00f4t \u00e0 15 km\/h. Le ciel restera d\u00e9gag\u00e9, tandis que l\u2019humidit\u00e9 augmentera l\u00e9g\u00e8rement. Le vent tournera peu \u00e0 peu du Nord-Nord-Est vers le Nord-Est.<\/p>\n<p>Demain, dans la continuit\u00e9 de cette nuit douce, la journ\u00e9e restera largement ensoleill\u00e9e avec un ciel d\u00e9gag\u00e9 du matin jusqu\u2019en fin d\u2019apr\u00e8s-midi. Les temp\u00e9ratures \u00e9volueront rapidement, passant d\u2019un matin d\u00e9j\u00e0 chaud autour de 26 \u00e0 27 \u00b0C \u00e0 un pic marqu\u00e9 vers 37 \u00e0 38 \u00b0C en milieu et fin d\u2019apr\u00e8s-midi. Le vent, d\u2019abord faible autour de 5 km\/h depuis le Nord-Est, se renforcera peu \u00e0 peu pour atteindre 15 puis 20 km\/h, en s\u2019orientant vers l\u2019Est-Nord-Est. L\u2019humidit\u00e9 baissera nettement au fil des heures.<\/p>\n<p><a href=\"https:\/\/www.ouest-france.fr\/meteo\/grand-est\/vandoeuvre-les-nancy-54500\/\" rel=\"nofollow noopener\" target=\"_blank\">Suivez la m\u00e9t\u00e9o de votre commune en temps r\u00e9el<\/a><\/p>\n<p>Ouest-France vous donne \u00e9galement la possibilit\u00e9 de conna\u00eetre la m\u00e9t\u00e9o de votre commune, heure par heure, sur notre page m\u00e9t\u00e9o d\u00e9di\u00e9e<\/p>\n","protected":false},"excerpt":{"rendered":"La matin\u00e9e commencera sous un ciel clair, puis deviendra peu nuageuse avant qu\u2019un voile de nuages \u00e9lev\u00e9s ne&hellip;\n","protected":false},"author":2,"featured_media":953316,"comment_status":"","ping_status":"","sticky":false,"template":"","format":"standard","meta":{"footnotes":"","_share_on_mastodon":"0"},"categories":[9635],"tags":[1111,11,11734,1777,674,1011,27,775,1702,9847,12,25,24495,5711],"class_list":["post-1018256","post","type-post","status-publish","format-standard","has-post-thumbnail","category-nancy","tag-actu","tag-actualites","tag-bois-de-haye","tag-eu","tag-europe","tag-fr","tag-france","tag-grand-est","tag-nancy","tag-neuves-maisons","tag-news","tag-republique-francaise","tag-richardmenil","tag-vandoeuvre-les-nancy"],"share_on_mastodon":{"url":"https:\/\/pubeurope.com\/@fr\/116797503410082289","error":""},"_links":{"self":[{"href":"https:\/\/www.europesays.com\/fr\/wp-json\/wp\/v2\/posts\/1018256","targetHints":{"allow":["GET"]}}],"collection":[{"href":"https:\/\/www.europesays.com\/fr\/wp-json\/wp\/v2\/posts"}],"about":[{"href":"https:\/\/www.europesays.com\/fr\/wp-json\/wp\/v2\/types\/post"}],"author":[{"embeddable":true,"href":"https:\/\/www.europesays.com\/fr\/wp-json\/wp\/v2\/users\/2"}],"replies":[{"embeddable":true,"href":"https:\/\/www.europesays.com\/fr\/wp-json\/wp\/v2\/comments?post=1018256"}],"version-history":[{"count":0,"href":"https:\/\/www.europesays.com\/fr\/wp-json\/wp\/v2\/posts\/1018256\/revisions"}],"wp:featuredmedia":[{"embeddable":true,"href":"https:\/\/www.europesays.com\/fr\/wp-json\/wp\/v2\/media\/953316"}],"wp:attachment":[{"href":"https:\/\/www.europesays.com\/fr\/wp-json\/wp\/v2\/media?parent=1018256"}],"wp:term":[{"taxonomy":"category","embeddable":true,"href":"https:\/\/www.europesays.com\/fr\/wp-json\/wp\/v2\/categories?post=1018256"},{"taxonomy":"post_tag","embeddable":true,"href":"https:\/\/www.europesays.com\/fr\/wp-json\/wp\/v2\/tags?post=1018256"}],"curies":[{"name":"wp","href":"https:\/\/api.w.org\/{rel}","templated":true}]}}