{"id":101842,"date":"2025-05-15T11:52:19","date_gmt":"2025-05-15T11:52:19","guid":{"rendered":"https:\/\/www.europesays.com\/fr\/101842\/"},"modified":"2025-05-15T11:52:19","modified_gmt":"2025-05-15T11:52:19","slug":"info-76actu-un-mythique-restaurant-de-rouen-et-dautres-enseignes-ferment-brutalement","status":"publish","type":"post","link":"https:\/\/www.europesays.com\/fr\/101842\/","title":{"rendered":"INFO 76ACTU. Un mythique restaurant de Rouen et d&rsquo;autres enseignes ferment brutalement"},"content":{"rendered":"<p>            Par<br \/>\n        <strong><br \/>\n            <a href=\"https:\/\/actu.fr\/auteur\/yann-rivallan\" title=\"Consulter tous les articles de Yann Rivallan\" rel=\"nofollow noopener\" target=\"_blank\">Yann Rivallan<\/a><br \/>\n        <\/strong><\/p>\n<p>        Publi\u00e9 le<\/p>\n<p>            15 mai 2025 \u00e0 11h36        <\/p>\n<p>Le groupe derri\u00e8re le mythique restaurant \u00e9tait <a href=\"https:\/\/actu.fr\/normandie\/rouen_76540\/en-difficulte-financiere-la-walsheim-restaurant-emblematique-de-rouen-risque-de-fermer_61711791.html\" rel=\"nofollow noopener\" target=\"_blank\">en grande difficult\u00e9<\/a> depuis plusieurs mois. <strong>La Walsheim<\/strong>, restaurant embl\u00e9matique de sp\u00e9cialit\u00e9s alsaciennes \u00e0 Rouen, vient de <strong>fermer brutalement<\/strong> ses portes mercredi 14\u00a0mai 2025, apprend-on du tribunal de commerce.<\/p>\n<p class=\" wall-content\">En plus du restaurant ouvert en 1974 au pied de l\u2019\u00e9glise Saint-Maclou, <strong>le Trio, <\/strong>bar \u00e0 vin mitoyen, <strong>le Diapason<\/strong>, bar de l\u2019all\u00e9e Eug\u00e8ne-Delacroix et le restaurant <strong>les Coquets<\/strong>, dans le centre commercial de Mont-Saint-Aignan, ferment \u00e9galement leurs portes. Ces quatre \u00e9tablissements font partie d\u2019un m\u00eame groupe\u2009: Amaroche. Il vient de faire l\u2019objet d\u2019une <strong>liquidation judiciaire<\/strong>.<\/p>\n<p>Un pr\u00eat bancaire impossible \u00e0 rembourser<\/p>\n<p class=\" wall-content\">En octobre\u00a02024, 76actu revenait sur cette situation d\u00e9licate. Plac\u00e9 en redressement judiciaire au mois d\u2019ao\u00fbt\u00a02023, le groupe Amaroche peinait \u00e0 se <strong>maintenir \u00e0 flot financi\u00e8rement<\/strong> depuis quelques ann\u00e9es.<\/p>\n<p class=\" wall-content\">La soci\u00e9t\u00e9 accusait un total de dettes de 146\u2009369 euros, pour un actif disponible de seulement 30\u2009000 euros, rappelait bri\u00e8vement un compte rendu d\u2019audience du tribunal de commerce en 2023. Interrog\u00e9 sur la question, Jean Coves, le pr\u00e9sident du groupe de restauration, imputait ses difficult\u00e9s \u00e0 <strong>la crise sanitaire et un contexte \u00e9conomique tendu<\/strong>.<\/p>\n<p>      <img   decoding=\"async\" loading=\"lazy\" src=\"https:\/\/www.europesays.com\/fr\/wp-content\/uploads\/2025\/05\/walsheim-restaurant-rouen-fermeture-liquidation-960x640.jpg\" alt=\"Depuis mercredi 14 mai 2025, le mythique restaurant la Walsheim est ferm\u00e9 \u00e0 Rouen. Avec lui, d'autres enseignes de restauration ferment. On vous explique pourquoi.\" width=\"960\" height=\"640\"\/><br \/>\n    Depuis mercredi 14\u00a0mai 2025, le mythique restaurant la Walsheim est ferm\u00e9 \u00e0 Rouen. Avec lui, d\u2019autres enseignes de restauration ferment. On vous explique pourquoi. (\u00a9YR\/76actu)<\/p>\n<p class=\" wall-content\">\u00c0 la t\u00eate de la Walsheim depuis 2013, il pr\u00e9cisait que le groupe avait doubl\u00e9 de taille en 2018 avec l\u2019acquisition de nouveaux \u00e9tablissements. <strong>Le pr\u00eat bancaire<\/strong> g\u00e9n\u00e9r\u00e9 par cette expansion a vraisemblablement mis le groupe en difficult\u00e9 \u00e0 partir du premier confinement, en 2020. Amaroche n\u2019a jamais retrouv\u00e9 un niveau de rentabilit\u00e9 suffisant pour le rembourser.<\/p>\n<p>Liquidation, licenciements, augmentation des prix\u2026<\/p>\n<p class=\" wall-content\">Pour s\u2019en sortir apr\u00e8s la crise sanitaire, une filiale du groupe qui d\u00e9tenait les restaurants de burgers <strong>Rythm n\u2019 Food a \u00e9t\u00e9 liquid\u00e9e<\/strong>. Dans le m\u00eame temps, la soci\u00e9t\u00e9 Amaroche a licenci\u00e9 six personnes et <strong>augment\u00e9 les prix<\/strong> dans ses diff\u00e9rents \u00e9tablissements \u00ab\u2009en deux fois\u2009\u00bb, comme l\u2019expliquait Jean Coves en fin d\u2019ann\u00e9e 2024.<\/p>\n<p>      <img   decoding=\"async\" loading=\"lazy\" src=\"https:\/\/www.europesays.com\/fr\/wp-content\/uploads\/2025\/05\/diapason-rouen-bar-fermeture-960x640.jpg\" alt=\"Le long de l'all\u00e9e Eug\u00e8ne-Delacroix, toutes les terrasses sont de sorties sauf celle du Diapason, tout juste ferm\u00e9e.\" width=\"960\" height=\"640\"\/><br \/>\n    Le long de l\u2019all\u00e9e Eug\u00e8ne-Delacroix, toutes les terrasses sont de sorties sauf celle du Diapason, qui vient de fermer. (\u00a9YR\/76actu)<\/p>\n<p class=\" wall-content\">Une premi\u00e8re fois courant 2023 et une seconde fois au mois de septembre\u00a02024, avec une hausse de 7\u2009% des tarifs dans l\u2019ensemble de ses \u00e9tablissements et de 10\u2009% pour le seul Diapason.<\/p>\n<p class=\" wall-content\">Mais force est de constater qu\u2019aujourd\u2019hui, la situation n\u2019est toujours pas stabilis\u00e9e. Un salari\u00e9 anonyme nous confie d\u2019ailleurs ne pas avoir \u00ab\u2009\u00e9t\u00e9 pay\u00e9 depuis un mois\u2009\u00bb. Autant d\u2019\u00e9l\u00e9ments qui ont pouss\u00e9 le tribunal de commerce \u00e0 mettre fin \u00e0 l\u2019ensemble de l\u2019activit\u00e9 du groupe. Contact\u00e9, Jean Coves n\u2019a pour le moment pas r\u00e9pondu \u00e0 nos sollicitations.<\/p>\n<p>Des offres de reprise<\/p>\n<p class=\" wall-content\">Reste que tout n\u2019est peut-\u00eatre pas fini pour les \u00e9tablissements du groupe Amaroche. Selon nos informations, plusieurs patrons de bar ou restaurant rouennais seraient int\u00e9ress\u00e9s par la reprise de certaines enseignes.<\/p>\n<p class=\" wall-content\">D\u2019ailleurs, deux offres de reprise partielle avaient \u00e9t\u00e9 formul\u00e9es en d\u00e9but d\u2019ann\u00e9e 2025 pour <strong>la Walsheim<\/strong> et le Trio. Mais ces derni\u00e8res n\u2019\u00e9taient pas assez compl\u00e8tes et n\u2019apportaient pas suffisamment \u00ab\u2009de garanties sur le maintien des emplois et de l\u2019activit\u00e9\u2009\u00bb, aux yeux du tribunal de commerce. Elles avaient \u00e9t\u00e9 rejet\u00e9es.<\/p>\n<p class=\" wall-content\">Quoi qu\u2019il en soit, avec la fermeture de la Walsheim, c\u2019est une adresse embl\u00e9matique de Rouen qui dispara\u00eet pour le moment.<\/p>\n<p>Suivez l\u2019actualit\u00e9 de Rouen sur <a href=\"https:\/\/www.whatsapp.com\/channel\/0029VaKfnf99hXF2ddApFB1D\" rel=\"nofollow noopener\" target=\"_blank\">notre cha\u00eene WhatsApp<\/a> et sur <a href=\"https:\/\/www.tiktok.com\/@76actu.fr?lang=fr\" rel=\"nofollow noopener\" target=\"_blank\">notre compte TikTok<\/a><\/p>\n<p class=\" wall-content\">Suivez toute l\u2019actualit\u00e9 de vos villes et m\u00e9dias favoris en vous inscrivant \u00e0 <a href=\"https:\/\/moncompte.actu.fr\" title=\"D\u00e9couvez Mon Actu\" rel=\"nofollow noopener\" data-trk=\"{&quot;cta&quot;:{&quot;action&quot;:&quot;https:\\\/\\\/moncompte.actu.fr&quot;,&quot;category&quot;:&quot;mon compte&quot;,&quot;from&quot;:&quot;article footer&quot;,&quot;name&quot;:&quot;Mon actu&quot;,&quot;type&quot;:&quot;cta&quot;}}\" target=\"_blank\">Mon Actu<\/a>.<\/p>\n<ul class=\"ac-article-tag wall-content\">\n<li><a href=\"https:\/\/actu.fr\/tag\/restaurant\" data-trk=\"{&quot;cta&quot;:{&quot;action&quot;:&quot;Restaurant&quot;,&quot;category&quot;:&quot;tag&quot;,&quot;from&quot;:&quot;article footer&quot;,&quot;name&quot;:&quot;Restaurant&quot;,&quot;type&quot;:&quot;cta&quot;}}\" rel=\"nofollow noopener\" target=\"_blank\">#Restaurant<\/a><\/li>\n<li><a href=\"https:\/\/actu.fr\/tag\/tribunal-de-rouen\" data-trk=\"{&quot;cta&quot;:{&quot;action&quot;:&quot;Tribunal de Rouen&quot;,&quot;category&quot;:&quot;tag&quot;,&quot;from&quot;:&quot;article footer&quot;,&quot;name&quot;:&quot;Tribunal de Rouen&quot;,&quot;type&quot;:&quot;cta&quot;}}\" rel=\"nofollow noopener\" target=\"_blank\">#Tribunal de Rouen<\/a><\/li>\n<\/ul>\n<p>                    <script async src=\"\/\/www.tiktok.com\/embed.js\"><\/script><\/p>\n","protected":false},"excerpt":{"rendered":"Par Yann Rivallan Publi\u00e9 le 15 mai 2025 \u00e0 11h36 Le groupe derri\u00e8re le mythique restaurant \u00e9tait en&hellip;\n","protected":false},"author":2,"featured_media":101843,"comment_status":"","ping_status":"","sticky":false,"template":"","format":"standard","meta":{"footnotes":""},"categories":[9587],"tags":[1111,11,1777,674,1011,27,12,5161,25,1340,9590,104,13682],"class_list":{"0":"post-101842","1":"post","2":"type-post","3":"status-publish","4":"format-standard","5":"has-post-thumbnail","7":"category-rouen","8":"tag-actu","9":"tag-actualites","10":"tag-eu","11":"tag-europe","12":"tag-fr","13":"tag-france","14":"tag-news","15":"tag-normandie","16":"tag-republique-francaise","17":"tag-restaurant","18":"tag-rouen","19":"tag-societe","20":"tag-tribunal-de-rouen"},"share_on_mastodon":{"url":"https:\/\/pubeurope.com\/@fr\/114511710987075545","error":""},"_links":{"self":[{"href":"https:\/\/www.europesays.com\/fr\/wp-json\/wp\/v2\/posts\/101842","targetHints":{"allow":["GET"]}}],"collection":[{"href":"https:\/\/www.europesays.com\/fr\/wp-json\/wp\/v2\/posts"}],"about":[{"href":"https:\/\/www.europesays.com\/fr\/wp-json\/wp\/v2\/types\/post"}],"author":[{"embeddable":true,"href":"https:\/\/www.europesays.com\/fr\/wp-json\/wp\/v2\/users\/2"}],"replies":[{"embeddable":true,"href":"https:\/\/www.europesays.com\/fr\/wp-json\/wp\/v2\/comments?post=101842"}],"version-history":[{"count":0,"href":"https:\/\/www.europesays.com\/fr\/wp-json\/wp\/v2\/posts\/101842\/revisions"}],"wp:featuredmedia":[{"embeddable":true,"href":"https:\/\/www.europesays.com\/fr\/wp-json\/wp\/v2\/media\/101843"}],"wp:attachment":[{"href":"https:\/\/www.europesays.com\/fr\/wp-json\/wp\/v2\/media?parent=101842"}],"wp:term":[{"taxonomy":"category","embeddable":true,"href":"https:\/\/www.europesays.com\/fr\/wp-json\/wp\/v2\/categories?post=101842"},{"taxonomy":"post_tag","embeddable":true,"href":"https:\/\/www.europesays.com\/fr\/wp-json\/wp\/v2\/tags?post=101842"}],"curies":[{"name":"wp","href":"https:\/\/api.w.org\/{rel}","templated":true}]}}