{"id":101846,"date":"2025-05-15T11:56:24","date_gmt":"2025-05-15T11:56:24","guid":{"rendered":"https:\/\/www.europesays.com\/fr\/101846\/"},"modified":"2025-05-15T11:56:24","modified_gmt":"2025-05-15T11:56:24","slug":"une-rue-bloquee-en-pleine-nuit","status":"publish","type":"post","link":"https:\/\/www.europesays.com\/fr\/101846\/","title":{"rendered":"une rue bloqu\u00e9e en pleine nuit"},"content":{"rendered":"<p>            Par<br \/>\n        <strong><br \/>\n            <a href=\"https:\/\/actu.fr\/auteur\/redaction-grenoble\" title=\"Consulter tous les articles de R\u00e9daction Grenoble\" rel=\"nofollow noopener\" target=\"_blank\">R\u00e9daction Grenoble<\/a><br \/>\n        <\/strong><\/p>\n<p>        Publi\u00e9 le<\/p>\n<p>            15 mai 2025 \u00e0 9h19        <\/p>\n<p>Un incendie a donn\u00e9 du fil \u00e0 retordre aux sapeurs-pompiers de l\u2019Is\u00e8re, t\u00f4t ce jeudi 15 mai. \u00c0 1 heure du matin, ils ont \u00e9t\u00e9 appel\u00e9s pour une intervention au 30 boulevard Gambetta, dans le centre-ville de <a href=\"https:\/\/actu.fr\/auvergne-rhone-alpes\/grenoble_38185\" rel=\"nofollow noopener\" target=\"_blank\">Grenoble<\/a>.<\/p>\n<p>    <a href=\"https:\/\/www.google.com\/maps\/embed?pb=!1m18!1m12!1m3!1d1406.0115262782945!2d5.723726738832422!3d45.1866295927677!2m3!1f0!2f0!3f0!3m2!1i1024!2i768!4f13.1!3m3!1m2!1s0x478af48e58aec70b%3A0xda062ffd316c70c4!2s30%20Bd%20Gambetta%2C%2038000%20Grenoble!5e0!3m2!1sfr!2sfr!4v1747292902125!5m2!1sfr!2sfr\" title=\"Ouvrie le lien\" rel=\"nofollow noopener\" target=\"_blank\">Cliquez ici pour visualiser le contenu<\/a><\/p>\n<p class=\" wall-content\">Le feu a pris dans un appartement au rez-de-chauss\u00e9e d\u2019environ 50 m\u00b2, au c\u0153ur d\u2019un \u00eelot immobilier. Il a commenc\u00e9 \u00e0 <strong>s\u2019\u00e9tendre sur un b\u00e2timent voisin.<\/strong>\u00a0<\/p>\n<p>Pas de bless\u00e9s<\/p>\n<p class=\" wall-content\">Le site \u00e9tant difficile d\u2019acc\u00e8s, un <strong>important dispositif<\/strong> a \u00e9t\u00e9 d\u00e9ploy\u00e9 pour venir \u00e0 bout de l\u2019incendie. Pr\u00e8s d\u2019une cinquantaine de pompiers a \u00e9t\u00e9 mobilis\u00e9e et deux lances \u00e0 eau ont \u00e9t\u00e9 n\u00e9cessaires.<\/p>\n<p class=\" wall-content\">La rue a \u00e9t\u00e9 \u00e9galement coup\u00e9e le temps de l\u2019intervention par les forces de l\u2019ordre.<\/p>\n<p>Vid\u00e9os : en ce moment sur Actu<\/p>\n<p class=\" wall-content\">Aucune victime n\u2019est \u00e0 d\u00e9plorer, mais des <strong>d\u00e9g\u00e2ts mat\u00e9riels<\/strong> sont \u00e0 signaler : l\u2019appartement d\u2019o\u00f9 est parti l\u2019incendie est compl\u00e8tement d\u00e9truit, ainsi que la toiture d\u2019une ancienne bo\u00eete de nuit, voisine de l\u2019habitation.<\/p>\n<p class=\" wall-content\">Suivez toute l\u2019actualit\u00e9 de vos villes et m\u00e9dias favoris en vous inscrivant \u00e0 <a href=\"https:\/\/moncompte.actu.fr\" title=\"D\u00e9couvez Mon Actu\" rel=\"nofollow noopener\" data-trk=\"{&quot;cta&quot;:{&quot;action&quot;:&quot;https:\\\/\\\/moncompte.actu.fr&quot;,&quot;category&quot;:&quot;mon compte&quot;,&quot;from&quot;:&quot;article footer&quot;,&quot;name&quot;:&quot;Mon actu&quot;,&quot;type&quot;:&quot;cta&quot;}}\" target=\"_blank\">Mon Actu<\/a>.<\/p>\n","protected":false},"excerpt":{"rendered":"Par R\u00e9daction Grenoble Publi\u00e9 le 15 mai 2025 \u00e0 9h19 Un incendie a donn\u00e9 du fil \u00e0 retordre&hellip;\n","protected":false},"author":2,"featured_media":101847,"comment_status":"","ping_status":"","sticky":false,"template":"","format":"standard","meta":{"footnotes":""},"categories":[9566],"tags":[1111,11,2430,1777,674,118,1011,27,2731,1310,12,1311,25],"class_list":{"0":"post-101846","1":"post","2":"type-post","3":"status-publish","4":"format-standard","5":"has-post-thumbnail","7":"category-grenoble","8":"tag-actu","9":"tag-actualites","10":"tag-auvergne-rhone-alpes","11":"tag-eu","12":"tag-europe","13":"tag-faits-divers","14":"tag-fr","15":"tag-france","16":"tag-grenoble","17":"tag-incendie","18":"tag-news","19":"tag-pompiers","20":"tag-republique-francaise"},"share_on_mastodon":{"url":"https:\/\/pubeurope.com\/@fr\/114511726778576990","error":""},"_links":{"self":[{"href":"https:\/\/www.europesays.com\/fr\/wp-json\/wp\/v2\/posts\/101846","targetHints":{"allow":["GET"]}}],"collection":[{"href":"https:\/\/www.europesays.com\/fr\/wp-json\/wp\/v2\/posts"}],"about":[{"href":"https:\/\/www.europesays.com\/fr\/wp-json\/wp\/v2\/types\/post"}],"author":[{"embeddable":true,"href":"https:\/\/www.europesays.com\/fr\/wp-json\/wp\/v2\/users\/2"}],"replies":[{"embeddable":true,"href":"https:\/\/www.europesays.com\/fr\/wp-json\/wp\/v2\/comments?post=101846"}],"version-history":[{"count":0,"href":"https:\/\/www.europesays.com\/fr\/wp-json\/wp\/v2\/posts\/101846\/revisions"}],"wp:featuredmedia":[{"embeddable":true,"href":"https:\/\/www.europesays.com\/fr\/wp-json\/wp\/v2\/media\/101847"}],"wp:attachment":[{"href":"https:\/\/www.europesays.com\/fr\/wp-json\/wp\/v2\/media?parent=101846"}],"wp:term":[{"taxonomy":"category","embeddable":true,"href":"https:\/\/www.europesays.com\/fr\/wp-json\/wp\/v2\/categories?post=101846"},{"taxonomy":"post_tag","embeddable":true,"href":"https:\/\/www.europesays.com\/fr\/wp-json\/wp\/v2\/tags?post=101846"}],"curies":[{"name":"wp","href":"https:\/\/api.w.org\/{rel}","templated":true}]}}