{"id":101848,"date":"2025-05-15T11:57:09","date_gmt":"2025-05-15T11:57:09","guid":{"rendered":"https:\/\/www.europesays.com\/fr\/101848\/"},"modified":"2025-05-15T11:57:09","modified_gmt":"2025-05-15T11:57:09","slug":"on-en-sait-plus-sur-letat-de-sante-des-jeunes-de-16-et-19-ans","status":"publish","type":"post","link":"https:\/\/www.europesays.com\/fr\/101848\/","title":{"rendered":"on en sait plus sur l&rsquo;\u00e9tat de sant\u00e9 des jeunes de 16 et 19 ans"},"content":{"rendered":"<p>            Par<br \/>\n        <strong><br \/>\n            <a href=\"https:\/\/actu.fr\/auteur\/laurene-fertin\" title=\"Consulter tous les articles de Laur\u00e8ne Fertin\" target=\"_blank\" rel=\"noopener\">Laur\u00e8ne Fertin<\/a><br \/>\n        <\/strong><\/p>\n<p>        Publi\u00e9 le<\/p>\n<p>            15 mai 2025 \u00e0 11h32        <\/p>\n<p>Elles \u00e9taient dans un \u00e9tat <strong>grave.<\/strong> Deux jeunes personnes, \u00e2g\u00e9es de <strong>16 et 19\u00a0ans<\/strong>, avaient \u00e9t\u00e9 admises au <a href=\"https:\/\/actu.fr\/tag\/chu-de-rennes\" target=\"_blank\" rel=\"noopener\">CHU de Rennes<\/a> apr\u00e8s avoir <a href=\"https:\/\/actu.fr\/bretagne\/rennes_35238\/meningite-deux-jeunes-de-16-et-18-ans-hospitalises-en-reanimation-au-chu-de-rennes_62580259.html\" target=\"_blank\" rel=\"noopener\">contract\u00e9 une m\u00e9ningite \u00e0 m\u00e9ningocoques<\/a> lundi 29 avril et mercredi 30 avril 2025.\u00a0<\/p>\n<p>Un lien \u00e9pid\u00e9miologique<\/p>\n<p class=\" wall-content\">\u00ab\u2009Les patients de 16 et 19\u00a0ans, hospitalis\u00e9s fin avril en r\u00e9animation au CHU de Rennes ont pu <strong>regagner leur domicile\u2009\u00bb,<\/strong> d\u00e9taille l\u2019ARS, confirmant <a href=\"https:\/\/www.francebleu.fr\/infos\/sante-sciences\/meningite-en-ille-et-vilaine-apres-les-deux-nouveaux-cas-en-avril-l-analyse-des-souches-est-rassurante-2902262\" target=\"_blank\" rel=\"noopener\">Ici<\/a>.<\/p>\n<p class=\" wall-content\">Par ailleurs, l\u2019Agence r\u00e9gionale de sant\u00e9 pr\u00e9cise que ces patients avaient <strong>un lien \u00e9pid\u00e9miologique,<\/strong> avec des contacts en commun.<\/p>\n<blockquote class=\"ac-article-quote wall-content\">\n<p>Le Centre national de r\u00e9f\u00e9rence de l\u2019Institut Pasteur confirme que les souches correspondant \u00e0 ces deux cas sont identiques.<\/p>\n<p>    <strong>ARS Bretagne<\/strong>\n            <\/p><\/blockquote>\n<p>Des souches diff\u00e9rentes<\/p>\n<p class=\" wall-content\">En revanche, selon le Centre national de r\u00e9f\u00e9rence de l\u2019Institut Pasteur, qui a r\u00e9alis\u00e9 <strong>le s\u00e9quen\u00e7age des souches<\/strong> de ces deux cas survenus les 28 et 30\u00a0avril, les souches sont <strong>diff\u00e9rentes<\/strong> de celles observ\u00e9es sur les personnes infect\u00e9es en d\u00e9but d\u2019ann\u00e9e notamment au sein de <a href=\"https:\/\/actu.fr\/bretagne\/rennes_35238\/explosion-de-cas-de-meningite-en-france-rennes-et-sa-metropole-particulierement-concernees_62317345.html\" target=\"_blank\" rel=\"noopener\">la Rennes School of Business, fin janvier<\/a>.<\/p>\n<p class=\" wall-content\">\u00ab\u2009Dans ce contexte, <strong>la campagne de vaccination<\/strong> pour les jeunes de 15 \u00e0 24\u00a0ans sur Rennes M\u00e9tropole reste <strong>une priorit\u00e9 de sant\u00e9 publique<\/strong> et se poursuit aupr\u00e8s des professionnels de sant\u00e9 (m\u00e9decins, pharmaciens, infirmiers ou sages-femmes)\u2009\u00bb, appuie l\u2019ARS.<\/p>\n<blockquote class=\"ac-article-quote wall-content\">\n<p>La protection contre le m\u00e9ningocoque n\u00e9cessite l\u2019injection de deux doses avec un d\u00e9lai minimum d\u2019un mois\u00a0d\u2019intervalle. Le vaccin est pris en charge \u00e0 100 % : part Assurance Maladie 65 % et part compl\u00e9mentaire sant\u00e9 35 %.<\/p>\n<p>    <strong>ARS Bretagne<\/strong>\n            <\/p><\/blockquote>\n<p>Un cas mortel en Bretagne<\/p>\n<p class=\" wall-content\">Pour rappel, <a href=\"https:\/\/actu.fr\/bretagne\/rennes_35238\/meningite-a-rennes-une-campagne-massive-de-vaccination-va-debuter-lundi-ce-qu-il-faut-savoir_62317343.html\" target=\"_blank\" rel=\"noopener\">une campagne de vaccination<\/a> avait \u00e9t\u00e9 lanc\u00e9e au mois de mars \u00e0 destination des <strong>100\u2009000 jeunes<\/strong> de la m\u00e9tropole \u00e2g\u00e9s de 15 \u00e0 24\u00a0ans pour se pr\u00e9munir contre l\u2019infection \u00e0 m\u00e9ningocoques B. Le ministre de la Sant\u00e9, <a href=\"https:\/\/actu.fr\/bretagne\/rennes_35238\/meningite-a-rennes-vaccinez-vous-le-ministre-de-la-sante-lance-une-grande-campagne-de-vaccination_62322023.html\" target=\"_blank\" rel=\"noopener\">Yannick Neuder, s\u2019\u00e9tait alors rendu \u00e0 la Rennes School of Business<\/a>.<\/p>\n<p class=\" wall-content\">D\u2019apr\u00e8s les autorit\u00e9s sanitaires, on recense 50 d\u00e9c\u00e8s de m\u00e9ningites depuis juillet\u00a02024, pr\u00e8s de 600 m\u00e9ningites par an depuis 2022 en France. <a href=\"https:\/\/actu.fr\/societe\/meningite-a-meningocoque-c-est-quoi-cette-infection-qui-a-tue-une-jeune-femme-de-18-ans-a-rennes_62212717.html\" target=\"_blank\" rel=\"noopener\">Un cas mortel \u2013 une jeune femme de 18\u00a0ans \u2013 a \u00e9t\u00e9 recens\u00e9 \u00e0 Rennes<\/a>.<\/p>\n<p class=\" wall-content\">Suivez toute l\u2019actualit\u00e9 de vos villes et m\u00e9dias favoris en vous inscrivant \u00e0 <a href=\"https:\/\/moncompte.actu.fr\" title=\"D\u00e9couvez Mon Actu\" rel=\"nofollow noopener\" data-trk=\"{&quot;cta&quot;:{&quot;action&quot;:&quot;https:\\\/\\\/moncompte.actu.fr&quot;,&quot;category&quot;:&quot;mon compte&quot;,&quot;from&quot;:&quot;article footer&quot;,&quot;name&quot;:&quot;Mon actu&quot;,&quot;type&quot;:&quot;cta&quot;}}\" target=\"_blank\">Mon Actu<\/a>.<\/p>\n","protected":false},"excerpt":{"rendered":"Par Laur\u00e8ne Fertin Publi\u00e9 le 15 mai 2025 \u00e0 11h32 Elles \u00e9taient dans un \u00e9tat grave. Deux jeunes&hellip;\n","protected":false},"author":2,"featured_media":101849,"comment_status":"","ping_status":"","sticky":false,"template":"","format":"standard","meta":{"footnotes":""},"categories":[2821],"tags":[1111,11,829,1777,674,1011,27,12,584,25,71,104,773],"class_list":{"0":"post-101848","1":"post","2":"type-post","3":"status-publish","4":"format-standard","5":"has-post-thumbnail","7":"category-rennes","8":"tag-actu","9":"tag-actualites","10":"tag-bretagne","11":"tag-eu","12":"tag-europe","13":"tag-fr","14":"tag-france","15":"tag-news","16":"tag-rennes","17":"tag-republique-francaise","18":"tag-sante","19":"tag-societe","20":"tag-vaccin"},"share_on_mastodon":{"url":"https:\/\/pubeurope.com\/@fr\/114511730749494861","error":""},"_links":{"self":[{"href":"https:\/\/www.europesays.com\/fr\/wp-json\/wp\/v2\/posts\/101848","targetHints":{"allow":["GET"]}}],"collection":[{"href":"https:\/\/www.europesays.com\/fr\/wp-json\/wp\/v2\/posts"}],"about":[{"href":"https:\/\/www.europesays.com\/fr\/wp-json\/wp\/v2\/types\/post"}],"author":[{"embeddable":true,"href":"https:\/\/www.europesays.com\/fr\/wp-json\/wp\/v2\/users\/2"}],"replies":[{"embeddable":true,"href":"https:\/\/www.europesays.com\/fr\/wp-json\/wp\/v2\/comments?post=101848"}],"version-history":[{"count":0,"href":"https:\/\/www.europesays.com\/fr\/wp-json\/wp\/v2\/posts\/101848\/revisions"}],"wp:featuredmedia":[{"embeddable":true,"href":"https:\/\/www.europesays.com\/fr\/wp-json\/wp\/v2\/media\/101849"}],"wp:attachment":[{"href":"https:\/\/www.europesays.com\/fr\/wp-json\/wp\/v2\/media?parent=101848"}],"wp:term":[{"taxonomy":"category","embeddable":true,"href":"https:\/\/www.europesays.com\/fr\/wp-json\/wp\/v2\/categories?post=101848"},{"taxonomy":"post_tag","embeddable":true,"href":"https:\/\/www.europesays.com\/fr\/wp-json\/wp\/v2\/tags?post=101848"}],"curies":[{"name":"wp","href":"https:\/\/api.w.org\/{rel}","templated":true}]}}