{"id":1018519,"date":"2026-06-23T07:25:22","date_gmt":"2026-06-23T07:25:22","guid":{"rendered":"https:\/\/www.europesays.com\/fr\/1018519\/"},"modified":"2026-06-23T07:25:22","modified_gmt":"2026-06-23T07:25:22","slug":"toute-lactualite-du-mardi-23-juin-2026-a-lyon","status":"publish","type":"post","link":"https:\/\/www.europesays.com\/fr\/1018519\/","title":{"rendered":"Toute l&rsquo;actualit\u00e9 du mardi 23 juin 2026 \u00e0 Lyon"},"content":{"rendered":"<p>Retrouvez aussi le Quart d\u2019Heure Lyonnais de Lyon Demain sur les antennes de Radio Pluriel (Lyon). Radio Salam (Lyon, Saint-Etienne et Bourg) et Radio Arm\u00e9nie (Lyon et Vienne)<\/p>\n<p>\t\t\t\t<img decoding=\"async\" src=\"https:\/\/www.europesays.com\/fr\/wp-content\/uploads\/2026\/04\/1775097623_133_2-150x150.png\" alt=\"Le Quart d'heure Lyonnais\" title=\"Le Quart d'heure Lyonnais\"\/><\/p>\n<p>\n\t\t\t\t\t\tLe Quart d&rsquo;heure Lyonnais\t\t\t\t\t<\/p>\n<p>Toute l&rsquo;actualit\u00e9 du mardi 23 juin 2026 \u00e0 Lyon<\/p>\n<p>\t\t\t\t\t\t\tPlay Episode<\/p>\n<p>\t\t\t\t\t\t\tPause Episode<\/p>\n<p>\t\t\t\t\t\t<img decoding=\"async\" src=\"https:\/\/www.lyondemain.fr\/wp-content\/plugins\/seriously-simple-podcasting\/assets\/css\/images\/player\/images\/icon-loader.svg\" alt=\"Loading\" class=\"ssp-loader hide\"\/><\/p>\n<p>\t\t\t\t\t\t\t\t\t\t\t\t\tSubscribe<br \/>\n\t\t\t\t\t\t\t\t\t\t\t\t\t\t\t\t\t\t\tShare<\/p>\n<p class=\"wp-block-paragraph\">ECOUTEZ LE 1\/4H LYONNAIS\u2026 Toute l\u2019actualit\u00e9 du mardi 23 juin 2026<\/p>\n<p>LE 1\/4H LYONNAIS | mardi 23 juin 2026<\/p>\n<p class=\"wp-block-paragraph\"><strong>Canicule<\/strong> : le Rh\u00f4ne \u00e9touffe et bat des records. Hier, un cap historique a m\u00eame \u00e9t\u00e9 franchi \u00e0 Lyon : la station m\u00e9t\u00e9o de Bron a enregistr\u00e9 38,7\u00b0C\u00a0 \u00e0 l\u2019ombre.\u00a0C\u2019est du jamais vu pour un mois de juin. En plein c\u0153ur de la ville, le mercure a m\u00eame fr\u00f4l\u00e9 les 40 degr\u00e9s. On attend encore 39\u00b0C cet apr\u00e8s-midi \u00e0 Lyon avant une possible d\u00e9gradation orageuse demain,\u00a0<\/p>\n<p class=\"wp-block-paragraph\">Le <strong>gymnase d\u2019Enghien<\/strong> r\u00e9quisitionn\u00e9 pour offrir un espace frais, de 16h \u00e0 10h le lendemain,\u00a0aux personnes les plus vuln\u00e9rables.<\/p>\n<p class=\"wp-block-paragraph\"><strong>Conseil m\u00e9tropolitain de Lyon<\/strong> ce lundi : l\u2019<strong>audit financier<\/strong> de la collectivit\u00e9 a \u00e9t\u00e9 rendu public. V\u00e9ronique Sarselli d\u00e9nonce une d\u00e9gradation des \u00e9quilibres sous le mandat de l\u2019\u00e9cologiste Bruno Bernard,\u00a0pointant 300 millions d\u2019euros de d\u00e9penses de fonctionnement suppl\u00e9mentaires\u00a0et une dette fr\u00f4lant les 2 milliards.\u00a0L\u2019\u00e9cologiste Fanny Dubot ironise sur l\u2019absence de \u00ab\u00a0mauvaise surprise\u00a0\u00bb ou de \u00ab\u00a0dette cach\u00e9e\u00a0\u00bb.\u00a0Quant \u00e0 la hausse des d\u00e9penses, la gauche l\u2019assume pleinement\u2026 au nom de la solidarit\u00e9.<\/p>\n<p class=\"wp-block-paragraph\">L\u2019ambiance \u00e9tait \u00e9lectrique ce lundi au <strong>conseil de la M\u00e9tropole<\/strong>. Et pas seulement sur la question\u00a0de l\u2019audit. Pour la premi\u00e8re fois, l\u2019opposition de gauche souhaitait user de son <strong>nouveau droit aux questions orales<\/strong>\u00a0pour interpeller la pr\u00e9sidente, <strong>V\u00e9ronique Sarselli<\/strong>, sur la <strong>lutte contre les violences sexistes et\u00a0sexuelles<\/strong>. Mais la question et le v\u0153u associ\u00e9s ont \u00e9t\u00e9 refus\u00e9s pour \u00ab\u00a0d\u00e9lais non respect\u00e9s\u00a0\u00bb\u00a0et \u00ab\u00a0attaques ad hominem\u00a0\u00bb.\u00a0<\/p>\n<p class=\"wp-block-paragraph\">Ecoutez aussi : <a href=\"https:\/\/www.lyondemain.fr\/printemps-de-perouges-2026-entre-legendes-et-revelations\/\" type=\"link\" id=\"https:\/\/www.lyondemain.fr\/printemps-de-perouges-2026-entre-legendes-et-revelations\/\" target=\"_blank\" rel=\"noreferrer noopener nofollow\">Printemps de P\u00e9rouges 2026 : entre l\u00e9gendes et r\u00e9v\u00e9lations<\/a><\/p>\n<p>Egalement dans l\u2019actualit\u00e9 du mardi 23 juin<\/p>\n<p class=\"wp-block-paragraph\"><strong>Affaire Abreu<\/strong> : trois vice-pr\u00e9sidents sanctionn\u00e9s par la pr\u00e9sidente\u00a0V\u00e9ronique Sarselli. Seul l\u2019un d\u2019eux a choisi de venir si\u00e9ger : <strong>Emmanuel Imberton<\/strong>.\u00a0Malgr\u00e9 le retrait de sa d\u00e9l\u00e9gation \u00e0 l\u2019\u00e9conomie\u2026<\/p>\n<p class=\"wp-block-paragraph\">Sensibiliser un large public aux <strong>enjeux du f\u00e9minisme<\/strong>, voil\u00e0 comment on peut r\u00e9sumer le projet\u00a0qui a vu le jour en plein c\u0153ur du quartier de la Guilloti\u00e8re : <strong><a href=\"https:\/\/www.la-mediane.fr\/\" type=\"link\" id=\"https:\/\/www.la-mediane.fr\/\" target=\"_blank\" rel=\"noreferrer noopener nofollow\">La M\u00e9diane<\/a><\/strong>\u00a0<\/p>\n<p class=\"wp-block-paragraph\">Nos invit\u00e9es : <strong>Sylvie Tomic<\/strong> adjointe aux Droits, \u00e0 l\u2019\u00c9galit\u00e9 et \u00e0 la Lutte contre les discriminations. <strong>Fanny Ch\u00e2teau<\/strong>, fondatrice de La M\u00e9diane. <strong>Roxana Piatkowska-Wu<\/strong> cofondatrice et pr\u00e9sidente de l\u2019association Purple Effect<\/p>\n<p class=\"wp-block-paragraph\"><strong>JO 2030<\/strong> : les \u00e9colos \u00e0 la R\u00e9gion d\u00e9noncent un flou financier total et rappelle que les d\u00e9passements de budget\u00a0sont la r\u00e8gle pour les JO. La R\u00e9gion somm\u00e9e par l\u2019opposition de clarifier qui paiera quoi\u2026.<\/p>\n<p class=\"wp-block-paragraph\">Ecoutez aussi : <a href=\"https:\/\/www.lyondemain.fr\/actualite-du-lundi-22-juin-lyon-info-metropole-100-jours\/\" type=\"link\" id=\"https:\/\/www.lyondemain.fr\/actualite-du-lundi-22-juin-lyon-info-metropole-100-jours\/\" target=\"_blank\" rel=\"noreferrer noopener nofollow\">Toute l\u2019actualit\u00e9 du lundi 22 juin 2026 \u00e0 Lyon<\/a><\/p>\n<p><img loading=\"lazy\" decoding=\"async\" width=\"1200\" height=\"675\" src=\"https:\/\/www.europesays.com\/fr\/wp-content\/uploads\/2026\/06\/actualite-de-ce-mardi-23-juin-2026.jpg\" alt=\"actualit\u00e9 de ce mardi 23 juin 2026 info \u00e0 Lyon\" class=\"wp-image-254784\"  \/>Retrouvez aussi le Quart d\u2019Heure Lyonnais de Lyon Demain sur les antennes de Radio Pluriel (Lyon). Radio Salam (Lyon, Saint-Etienne et Bourg) et Radio Arm\u00e9nie (Lyon et Vienne)<\/p>\n","protected":false},"excerpt":{"rendered":"Retrouvez aussi le Quart d\u2019Heure Lyonnais de Lyon Demain sur les antennes de Radio Pluriel (Lyon). Radio Salam&hellip;\n","protected":false},"author":2,"featured_media":1018520,"comment_status":"","ping_status":"","sticky":false,"template":"","format":"standard","meta":{"footnotes":"","_share_on_mastodon":"0"},"categories":[1889],"tags":[1111,11,62991,14941,2430,1777,674,106417,1011,27,104983,70509,106418,106419,2428,10510,12,106420,13386,25,100344,69689,797],"class_list":["post-1018519","post","type-post","status-publish","format-standard","has-post-thumbnail","category-lyon","tag-actu","tag-actualites","tag-audit","tag-aulas","tag-auvergne-rhone-alpes","tag-eu","tag-europe","tag-fanny-chateau","tag-fr","tag-france","tag-imberton","tag-jo-2030","tag-la-mediane","tag-laure-cedat","tag-lyon","tag-metropole-de-lyon","tag-news","tag-purple-effect","tag-region-auvergne-rhone-alpes","tag-republique-francaise","tag-roman-abreu","tag-veronique-sarselli","tag-violences-faites-aux-femmes"],"share_on_mastodon":{"url":"https:\/\/pubeurope.com\/@fr\/116798235842532723","error":""},"_links":{"self":[{"href":"https:\/\/www.europesays.com\/fr\/wp-json\/wp\/v2\/posts\/1018519","targetHints":{"allow":["GET"]}}],"collection":[{"href":"https:\/\/www.europesays.com\/fr\/wp-json\/wp\/v2\/posts"}],"about":[{"href":"https:\/\/www.europesays.com\/fr\/wp-json\/wp\/v2\/types\/post"}],"author":[{"embeddable":true,"href":"https:\/\/www.europesays.com\/fr\/wp-json\/wp\/v2\/users\/2"}],"replies":[{"embeddable":true,"href":"https:\/\/www.europesays.com\/fr\/wp-json\/wp\/v2\/comments?post=1018519"}],"version-history":[{"count":0,"href":"https:\/\/www.europesays.com\/fr\/wp-json\/wp\/v2\/posts\/1018519\/revisions"}],"wp:featuredmedia":[{"embeddable":true,"href":"https:\/\/www.europesays.com\/fr\/wp-json\/wp\/v2\/media\/1018520"}],"wp:attachment":[{"href":"https:\/\/www.europesays.com\/fr\/wp-json\/wp\/v2\/media?parent=1018519"}],"wp:term":[{"taxonomy":"category","embeddable":true,"href":"https:\/\/www.europesays.com\/fr\/wp-json\/wp\/v2\/categories?post=1018519"},{"taxonomy":"post_tag","embeddable":true,"href":"https:\/\/www.europesays.com\/fr\/wp-json\/wp\/v2\/tags?post=1018519"}],"curies":[{"name":"wp","href":"https:\/\/api.w.org\/{rel}","templated":true}]}}